{"id":509209,"date":"2024-02-17T21:04:19","date_gmt":"2024-02-18T01:04:19","guid":{"rendered":"https:\/\/diariodominicano.com\/?p=509209"},"modified":"2024-02-17T21:04:19","modified_gmt":"2024-02-18T01:04:19","slug":"lugares-y-horas-de-votaciones-de-la-dirigencia-del-pld-y-sus-candidatos","status":"publish","type":"post","link":"https:\/\/diariodominicano.com\/?p=509209","title":{"rendered":"Lugares y horas de votaciones de la dirigencia del PLD y sus candidatos\u00a0\u00a0"},"content":{"rendered":"\n<p>Desde muy temprano en la ma\u00f1ana del domingo, la dirigencia del Partido de la Liberaci\u00f3n Dominicana (PLD) estar\u00e1 ejerciendo su derecho al voto bajo la consigna enarbolada de Morado en Todo, rayando as\u00ed la casilla 2 en los dos niveles de votaci\u00f3n.<\/p>\n\n\n\n<p>Un despacho de la Secretar\u00eda de Comunicaciones del PLD informa de los lugares y horas de votaci\u00f3n de los dirigentes y candidatos.<\/p>\n\n\n\n<p>Inicia recordando que el presidente del PLD, el expresidente de la Rep\u00fablica, <strong>Danilo Medina, <\/strong>vota en la Casa Provincial Mar\u00eda Auxiliadora en el barrio San Juan Bosco en el Distrito Nacional a la 1.00 p.m.<\/p>\n\n\n\n<p><strong>Abel Mart\u00ednez<\/strong>, candidato presidencial del Partido de la Liberaci\u00f3n Dominicana,\u00a0 le corresponde ejercer su derecho al voto en el polit\u00e9cnico Nuestra Se\u00f1ora de Las Mercedes, ubicado en el Sector Los Jardines\u00a0\u00a0en Santiago de los Caballeros y lo har\u00e1 antes del mediod\u00eda, alrededor de las once horas de la ma\u00f1ana.\u00a0\u00a0<\/p>\n\n\n\n<p><strong>Charles Mariotti, <\/strong>secretario general del PLD,\u00a0 votar\u00e1 antes de las nueve horas de la ma\u00f1ana en el Liceo Secundario Julio A. Cuello en el Sector Vietnam en el municipio cabecera de la provincia de Monte Plata.<\/p>\n\n\n\n<p>La ex vicepresidenta de la Rep\u00fablica,\u00a0\u00a0<strong>Margarita Cede\u00f1o,\u00a0<\/strong>\u00a0se program\u00f3 para ejercer el voto a partir de la una de la tarde (1:00 p.m.) en el colegio electoral que le corresponde, ubicado en el Colegio San Judas Tadeo\u00a0\u00a0en el sector Naco, Distrito Nacional.<\/p>\n\n\n\n<p>En cuanto los candidatos a las alcald\u00edas, <strong>Domingo Contreras,<\/strong> candidato a la alcald\u00eda del Distrito Nacional,\u00a0\u00a0votar\u00e1\u00a0\u00a0a las 8.30 de la ma\u00f1ana en el Colegio 313 E, ubicado en el Club Los Prados del Sector del mismo nombre en la ciudad capital.<\/p>\n\n\n\n<p><strong>Luis Alberto Tejeda<\/strong>, candidato a la alcald\u00eda del municipio Santo Domingo Este, votar\u00e1 a las 10.00 a.m. en el Liceo Ram\u00f3n Emilio Jim\u00e9nez en Los Mina Viejo.<\/p>\n\n\n\n<p><strong>V\u00edctor Fadul,<\/strong> candidato a la alcald\u00eda de Santiago de los Caballeros le corresponde votar en el colegio electoral 195, ubicado en el barrio Los Pepines, espec\u00edficamente en la Logia Nuevo Mundo, que funciona en la calle Mella n\u00famero 5.<\/p>\n\n\n\n<p><strong>Nelson Guillen, <\/strong>candidato a la alcald\u00eda de San Crist\u00f3bal votar\u00e1 entre las 9.30 a 10.00 a.m. en\u00a0\u00a0el Liceo Enedina Puello Renville en la carretera S\u00e1nchez en el Sector Madre Vieja Sur.<\/p>\n\n\n\n<p><strong>SECRETARIA DE COMUNICACIONES<\/strong><\/p>\n\n\n\n<p><strong>17 FEBRERO&nbsp;&nbsp;&nbsp;<\/strong><\/p>\n","protected":false},"excerpt":{"rendered":"<p>Desde muy temprano en la ma\u00f1ana del domingo, la dirigencia del Partido de la Liberaci\u00f3n Dominicana (PLD) estar\u00e1 ejerciendo su derecho al voto bajo la consigna enarbolada de Morado en Todo, rayando as\u00ed la casilla 2 en los dos niveles de votaci\u00f3n. Un despacho de la Secretar\u00eda de Comunicaciones del PLD informa de los lugares [&hellip;]<\/p>\n","protected":false},"author":28,"featured_media":509220,"comment_status":"closed","ping_status":"","sticky":true,"template":"","format":"standard","meta":{"footnotes":""},"categories":[22,27],"tags":[],"class_list":["post-509209","post","type-post","status-publish","format-standard","has-post-thumbnail","hentry","category-politica","category-portada"],"_links":{"self":[{"href":"https:\/\/diariodominicano.com\/index.php?rest_route=\/wp\/v2\/posts\/509209","targetHints":{"allow":["GET"]}}],"collection":[{"href":"https:\/\/diariodominicano.com\/index.php?rest_route=\/wp\/v2\/posts"}],"about":[{"href":"https:\/\/diariodominicano.com\/index.php?rest_route=\/wp\/v2\/types\/post"}],"author":[{"embeddable":true,"href":"https:\/\/diariodominicano.com\/index.php?rest_route=\/wp\/v2\/users\/28"}],"replies":[{"embeddable":true,"href":"https:\/\/diariodominicano.com\/index.php?rest_route=%2Fwp%2Fv2%2Fcomments&post=509209"}],"version-history":[{"count":1,"href":"https:\/\/diariodominicano.com\/index.php?rest_route=\/wp\/v2\/posts\/509209\/revisions"}],"predecessor-version":[{"id":509221,"href":"https:\/\/diariodominicano.com\/index.php?rest_route=\/wp\/v2\/posts\/509209\/revisions\/509221"}],"wp:featuredmedia":[{"embeddable":true,"href":"https:\/\/diariodominicano.com\/index.php?rest_route=\/wp\/v2\/media\/509220"}],"wp:attachment":[{"href":"https:\/\/diariodominicano.com\/index.php?rest_route=%2Fwp%2Fv2%2Fmedia&parent=509209"}],"wp:term":[{"taxonomy":"category","embeddable":true,"href":"https:\/\/diariodominicano.com\/index.php?rest_route=%2Fwp%2Fv2%2Fcategories&post=509209"},{"taxonomy":"post_tag","embeddable":true,"href":"https:\/\/diariodominicano.com\/index.php?rest_route=%2Fwp%2Fv2%2Ftags&post=509209"}],"curies":[{"name":"wp","href":"https:\/\/api.w.org\/{rel}","templated":true}]}}