{"id":509204,"date":"2024-02-17T20:49:08","date_gmt":"2024-02-18T00:49:08","guid":{"rendered":"https:\/\/diariodominicano.com\/?p=509204"},"modified":"2024-02-17T20:54:08","modified_gmt":"2024-02-18T00:54:08","slug":"carlos-pena-votara-a-las-2-de-la-tarde","status":"publish","type":"post","link":"https:\/\/diariodominicano.com\/?p=509204","title":{"rendered":"Carlos Pe\u00f1a votar\u00e1 a las 2 de la tarde"},"content":{"rendered":"\n<p>Carlos Pe\u00f1a<\/p>\n\n\n\n<p>El Partido Generaci\u00f3n de Servidores, GenS, inform\u00f3 que su candidato presidencial Ingeniero  Carlos Pe\u00f1a votar\u00e1 este domingo a las 2:00 de la tarde, en  Escuela Domingo Savio, Avenida Francisco del Rosario S\u00e1nchez.<\/p>\n\n\n\n<p>Pe\u00f1a tiene registro para ejercer el sufragio en el Colegio Electoral: 0656A.<\/p>\n\n\n\n<p>Generaci\u00f3n De Servidores<\/p>\n\n\n\n<p><a target=\"_blank\" href=\"mailto:generaciondeservidores@gmail.com\" rel=\"noreferrer noopener\">generaciondeservidores@gmail.com<\/a><\/p>\n","protected":false},"excerpt":{"rendered":"<p>Carlos Pe\u00f1a El Partido Generaci\u00f3n de Servidores, GenS, inform\u00f3 que su candidato presidencial Ingeniero Carlos Pe\u00f1a votar\u00e1 este domingo a las 2:00 de la tarde, en Escuela Domingo Savio, Avenida Francisco del Rosario S\u00e1nchez. Pe\u00f1a tiene registro para ejercer el sufragio en el Colegio Electoral: 0656A. Generaci\u00f3n De Servidores generaciondeservidores@gmail.com<\/p>\n","protected":false},"author":28,"featured_media":456935,"comment_status":"closed","ping_status":"","sticky":true,"template":"","format":"standard","meta":{"footnotes":""},"categories":[22,27],"tags":[],"class_list":["post-509204","post","type-post","status-publish","format-standard","has-post-thumbnail","hentry","category-politica","category-portada"],"_links":{"self":[{"href":"https:\/\/diariodominicano.com\/index.php?rest_route=\/wp\/v2\/posts\/509204","targetHints":{"allow":["GET"]}}],"collection":[{"href":"https:\/\/diariodominicano.com\/index.php?rest_route=\/wp\/v2\/posts"}],"about":[{"href":"https:\/\/diariodominicano.com\/index.php?rest_route=\/wp\/v2\/types\/post"}],"author":[{"embeddable":true,"href":"https:\/\/diariodominicano.com\/index.php?rest_route=\/wp\/v2\/users\/28"}],"replies":[{"embeddable":true,"href":"https:\/\/diariodominicano.com\/index.php?rest_route=%2Fwp%2Fv2%2Fcomments&post=509204"}],"version-history":[{"count":4,"href":"https:\/\/diariodominicano.com\/index.php?rest_route=\/wp\/v2\/posts\/509204\/revisions"}],"predecessor-version":[{"id":509208,"href":"https:\/\/diariodominicano.com\/index.php?rest_route=\/wp\/v2\/posts\/509204\/revisions\/509208"}],"wp:featuredmedia":[{"embeddable":true,"href":"https:\/\/diariodominicano.com\/index.php?rest_route=\/wp\/v2\/media\/456935"}],"wp:attachment":[{"href":"https:\/\/diariodominicano.com\/index.php?rest_route=%2Fwp%2Fv2%2Fmedia&parent=509204"}],"wp:term":[{"taxonomy":"category","embeddable":true,"href":"https:\/\/diariodominicano.com\/index.php?rest_route=%2Fwp%2Fv2%2Fcategories&post=509204"},{"taxonomy":"post_tag","embeddable":true,"href":"https:\/\/diariodominicano.com\/index.php?rest_route=%2Fwp%2Fv2%2Ftags&post=509204"}],"curies":[{"name":"wp","href":"https:\/\/api.w.org\/{rel}","templated":true}]}}