{"id":509184,"date":"2024-02-17T19:37:15","date_gmt":"2024-02-17T23:37:15","guid":{"rendered":"https:\/\/diariodominicano.com\/?p=509184"},"modified":"2024-02-17T19:37:15","modified_gmt":"2024-02-17T23:37:15","slug":"tse-declara-inadmisible-amparo-de-extrema-urgencia-contra-resolucion-junta-central-electoral","status":"publish","type":"post","link":"https:\/\/diariodominicano.com\/?p=509184","title":{"rendered":"TSE declara inadmisible amparo de extrema urgencia contra resoluci\u00f3n Junta Central Electoral"},"content":{"rendered":"\n<p><strong><em>Demanda en nulidad de candidatura contra la se\u00f1ora Karina Aristy de Logro\u00f1o en Hig\u00fcey, fue aplazada para el jueves 22 a solicitud de los demandantes<\/em><\/strong><\/p>\n\n\n\n<figure class=\"wp-block-image size-large\"><img loading=\"lazy\" decoding=\"async\" width=\"1024\" height=\"683\" src=\"https:\/\/diariodominicano.com\/wp-content\/uploads\/2024\/02\/WhatsApp-Image-2024-02-17-at-12.38.27-PM-1-1024x683.jpeg\" alt=\"\" class=\"wp-image-509186\" srcset=\"https:\/\/diariodominicano.com\/wp-content\/uploads\/2024\/02\/WhatsApp-Image-2024-02-17-at-12.38.27-PM-1-1024x683.jpeg 1024w, https:\/\/diariodominicano.com\/wp-content\/uploads\/2024\/02\/WhatsApp-Image-2024-02-17-at-12.38.27-PM-1-300x200.jpeg 300w, https:\/\/diariodominicano.com\/wp-content\/uploads\/2024\/02\/WhatsApp-Image-2024-02-17-at-12.38.27-PM-1-768x512.jpeg 768w, https:\/\/diariodominicano.com\/wp-content\/uploads\/2024\/02\/WhatsApp-Image-2024-02-17-at-12.38.27-PM-1-1536x1024.jpeg 1536w, https:\/\/diariodominicano.com\/wp-content\/uploads\/2024\/02\/WhatsApp-Image-2024-02-17-at-12.38.27-PM-1-2048x1365.jpeg 2048w, https:\/\/diariodominicano.com\/wp-content\/uploads\/2024\/02\/WhatsApp-Image-2024-02-17-at-12.38.27-PM-1-816x544.jpeg 816w\" sizes=\"auto, (max-width: 1024px) 100vw, 1024px\" \/><\/figure>\n\n\n\n<p> Ygnacio Pascual Camacho Hidalgo, magistrado presidente del TSE<\/p>\n\n\n\n<p><strong>Santo Domingo, RD.<\/strong>\u00a0-El Tribunal Superior Electoral declar\u00f3 inadmisible este s\u00e1bado la acci\u00f3n de Amparo de Extrema Urgencia contra la Resoluci\u00f3n n\u00famero 03-2024, de la Junta Electoral de Ban\u00ed, provincia Peravia, que declar\u00f3 inhabilitada la candidata a regidora Johanny Patricia B\u00e1ez Mart\u00ednez para participar como candidata a regidora en las elecciones de este domingo 18 de febrero 2024 por el Partido Fuerza del Pueblo, por existir otra v\u00eda jurisdiccional para reclamar los derechos alegadamente vulnerados.<\/p>\n\n\n\n<p>El Tribunal, integrado por Ygnacio Pascual Camacho Hidalgo, magistrado presidente; Rosa P\u00e9rez de Garc\u00eda; Pedro Pablo Yermenos Forastieri; Fernando Fern\u00e1ndez Cruz y Hermenegilda del Rosario Fondeur Ram\u00edrez, jueces titulares, se fundament\u00f3 para adoptar la decisi\u00f3n en el art\u00edculo 70, numeral 1, de la Ley n\u00fam. 137-11, Org\u00e1nica del Tribunal Constitucional y de los procedimientos constitucionales, as\u00ed como en el art\u00edculo 132, numeral 1, del Reglamento de Procedimientos Contenciosos Electorales. La otra v\u00eda para reclamar los derechos alegadamente vulnerados, es el recurso de apelaci\u00f3n contra resoluciones de admisi\u00f3n o rechazo de propuestas de candidaturas, habilitado por el art\u00edculo 13, numeral 1), de la Ley Org\u00e1nica del Tribunal Superior Electoral n\u00fam. 29-11; art\u00edculo 152 de la Ley n\u00fam. 20-23, Org\u00e1nica del R\u00e9gimen Electoral, y reglamentado en el art\u00edculo 175 del Reglamento de Procedimientos Contenciosos Electorales.<\/p>\n\n\n\n<p>El proceso fue declarado libre de costas y los magistrados dispusieron que la sentencia sea notificada a las partes, v\u00eda Secretar\u00eda General y publicada en el portal institucional del Tribunal Superior Electoral, para los fines correspondientes.<\/p>\n\n\n\n<p>La Junta Electoral de Ban\u00ed emiti\u00f3 la Resoluci\u00f3n tras ser apoderada por el se\u00f1or Yoni Jos\u00e9 Cruz, de una objeci\u00f3n contra la se\u00f1ora Johanny Patricia B\u00e1ez Mart\u00ednez, bajo el argumento de que existe una sentencia condenatoria con pena aflictiva e infamante suspendida.<\/p>\n\n\n\n<p><strong>Caso Hig\u00fcey aplazado<\/strong><\/p>\n\n\n\n<p>Fue aplazada para el jueves 22 de febrero, la \u201cDemanda en nulidad de candidatura e imposici\u00f3n de astreinte conminatorio\u201d contra la candidata a alcalde del Municipio de Hig\u00fcey, la se\u00f1ora Karina Aristy de Logro\u00f1o, interpuesta por las organizaciones de la sociedad civil, Proyecto Visi\u00f3n Naci\u00f3n; Movimiento de Hig\u00fceyanos Unidos; Movimiento Rosa; Confraternidades de Pastores y Asociaciones; Movimiento Club\u00edstico Dominicano Filial La Altagracia; Federaci\u00f3n de Combate a la Corrupci\u00f3n y el Movimiento Centinelas por la Patria.<\/p>\n\n\n\n<p>El aplazamiento fue a solicitud de los demandantes, a lo cual no se opuso la representaci\u00f3n de la demandada. El motivo fue para darle oportunidad a ambas partes de tomar conocimiento de los documentos que han sido depositados en el expediente y para que los demandantes regularicen la demanda en intervenci\u00f3n forzosa anunciada en la instrucci\u00f3n del proceso<\/p>\n\n\n\n<p>Tribunal Superior Electoral<\/p>\n\n\n\n<p><a target=\"_blank\" href=\"mailto:tserdprensa@gmail.com\" rel=\"noreferrer noopener\">tserdprensa@gmail.com<\/a><\/p>\n\n\n\n<p><strong>Enlace video:<\/strong><\/p>\n\n\n\n<p><a href=\"https:\/\/we.tl\/t-8FRSMChgDG\">https:\/\/we.tl\/t-8FRSMChgDG<\/a><\/p>\n","protected":false},"excerpt":{"rendered":"<p>Demanda en nulidad de candidatura contra la se\u00f1ora Karina Aristy de Logro\u00f1o en Hig\u00fcey, fue aplazada para el jueves 22 a solicitud de los demandantes Ygnacio Pascual Camacho Hidalgo, magistrado presidente del TSE Santo Domingo, RD.\u00a0-El Tribunal Superior Electoral declar\u00f3 inadmisible este s\u00e1bado la acci\u00f3n de Amparo de Extrema Urgencia contra la Resoluci\u00f3n n\u00famero 03-2024, [&hellip;]<\/p>\n","protected":false},"author":28,"featured_media":509185,"comment_status":"closed","ping_status":"","sticky":true,"template":"","format":"standard","meta":{"footnotes":""},"categories":[22,27],"tags":[],"class_list":["post-509184","post","type-post","status-publish","format-standard","has-post-thumbnail","hentry","category-politica","category-portada"],"_links":{"self":[{"href":"https:\/\/diariodominicano.com\/index.php?rest_route=\/wp\/v2\/posts\/509184","targetHints":{"allow":["GET"]}}],"collection":[{"href":"https:\/\/diariodominicano.com\/index.php?rest_route=\/wp\/v2\/posts"}],"about":[{"href":"https:\/\/diariodominicano.com\/index.php?rest_route=\/wp\/v2\/types\/post"}],"author":[{"embeddable":true,"href":"https:\/\/diariodominicano.com\/index.php?rest_route=\/wp\/v2\/users\/28"}],"replies":[{"embeddable":true,"href":"https:\/\/diariodominicano.com\/index.php?rest_route=%2Fwp%2Fv2%2Fcomments&post=509184"}],"version-history":[{"count":1,"href":"https:\/\/diariodominicano.com\/index.php?rest_route=\/wp\/v2\/posts\/509184\/revisions"}],"predecessor-version":[{"id":509187,"href":"https:\/\/diariodominicano.com\/index.php?rest_route=\/wp\/v2\/posts\/509184\/revisions\/509187"}],"wp:featuredmedia":[{"embeddable":true,"href":"https:\/\/diariodominicano.com\/index.php?rest_route=\/wp\/v2\/media\/509185"}],"wp:attachment":[{"href":"https:\/\/diariodominicano.com\/index.php?rest_route=%2Fwp%2Fv2%2Fmedia&parent=509184"}],"wp:term":[{"taxonomy":"category","embeddable":true,"href":"https:\/\/diariodominicano.com\/index.php?rest_route=%2Fwp%2Fv2%2Fcategories&post=509184"},{"taxonomy":"post_tag","embeddable":true,"href":"https:\/\/diariodominicano.com\/index.php?rest_route=%2Fwp%2Fv2%2Ftags&post=509184"}],"curies":[{"name":"wp","href":"https:\/\/api.w.org\/{rel}","templated":true}]}}