{"id":509165,"date":"2024-02-17T19:11:19","date_gmt":"2024-02-17T23:11:19","guid":{"rendered":"https:\/\/diariodominicano.com\/?p=509165"},"modified":"2024-02-17T19:11:19","modified_gmt":"2024-02-17T23:11:19","slug":"delegados-del-pld-acompanaron-a-la-jce-en-la-instalacion-de-los-equipos-en-los-colegios-electorales-pld","status":"publish","type":"post","link":"https:\/\/diariodominicano.com\/?p=509165","title":{"rendered":"\u00a0Delegados del PLD acompa\u00f1aron a la JCE en la instalaci\u00f3n de los equipos en los colegios electorales: PLD"},"content":{"rendered":"\n<p>El Partido de la Liberaci\u00f3n Dominicana (PLD) acompa\u00f1\u00f3 a la Junta Central Electoral este s\u00e1bado en el montaje de los equipos para conteo y transmisi\u00f3n de los resultados de las votaciones en los colegios electorales.<\/p>\n\n\n\n<p>Los delegados y suplentes del PLD en los colegios electorales participaron en las pruebas y en la apertura de las valijas contentivas de los materiales electorales.<\/p>\n\n\n\n<p>Las novedades encontradas fueron reportadas los dirigentes peledeistas&nbsp;&nbsp;a la Secretar\u00eda de Asuntos Electorales, estructura partidaria de vigilancia y control de los procesos comiciales.&nbsp;&nbsp;<\/p>\n\n\n\n<p>A la par con la supervisi\u00f3n de la instalaci\u00f3n de los equipos en los colegios y recintos, los delegados del PLD se registraron en la plataforma pelede\u00edsta desde el lugar que le corresponder\u00e1 actuar.<\/p>\n\n\n\n<p>Las facilidades tecnol\u00f3gicas y programas preparados por el PLD para los procesos comiciales de este 2024, son un complemento del trabajo de delegados y delegadas, quienes recibieron mediante talleres varias jornadas de capacitaci\u00f3n.<\/p>\n\n\n\n<p>Desde la direcci\u00f3n nacional del PLD se consider\u00f3 prioritario la presencia de delegados y suplentes en la instalaci\u00f3n de los equipos este s\u00e1bado, recordando el compromiso asumido con la vigilancia del voto y que, en el escrutinio, asegurar que se cuente bien.<\/p>\n\n\n\n<p>La funci\u00f3n fundamental del delegado y su suplente es, adem\u00e1s de representar al PLD en los colegios electorales, defender los intereses del Partido con gallard\u00eda y lealtad.<\/p>\n\n\n\n<p><strong>SECRETARIA DE COMUNICACIONES<\/strong><\/p>\n\n\n\n<p><strong>17 FEBRERO 2024<\/strong><\/p>\n","protected":false},"excerpt":{"rendered":"<p>El Partido de la Liberaci\u00f3n Dominicana (PLD) acompa\u00f1\u00f3 a la Junta Central Electoral este s\u00e1bado en el montaje de los equipos para conteo y transmisi\u00f3n de los resultados de las votaciones en los colegios electorales. Los delegados y suplentes del PLD en los colegios electorales participaron en las pruebas y en la apertura de las [&hellip;]<\/p>\n","protected":false},"author":28,"featured_media":509166,"comment_status":"closed","ping_status":"","sticky":true,"template":"","format":"standard","meta":{"footnotes":""},"categories":[22,27],"tags":[],"class_list":["post-509165","post","type-post","status-publish","format-standard","has-post-thumbnail","hentry","category-politica","category-portada"],"_links":{"self":[{"href":"https:\/\/diariodominicano.com\/index.php?rest_route=\/wp\/v2\/posts\/509165","targetHints":{"allow":["GET"]}}],"collection":[{"href":"https:\/\/diariodominicano.com\/index.php?rest_route=\/wp\/v2\/posts"}],"about":[{"href":"https:\/\/diariodominicano.com\/index.php?rest_route=\/wp\/v2\/types\/post"}],"author":[{"embeddable":true,"href":"https:\/\/diariodominicano.com\/index.php?rest_route=\/wp\/v2\/users\/28"}],"replies":[{"embeddable":true,"href":"https:\/\/diariodominicano.com\/index.php?rest_route=%2Fwp%2Fv2%2Fcomments&post=509165"}],"version-history":[{"count":1,"href":"https:\/\/diariodominicano.com\/index.php?rest_route=\/wp\/v2\/posts\/509165\/revisions"}],"predecessor-version":[{"id":509167,"href":"https:\/\/diariodominicano.com\/index.php?rest_route=\/wp\/v2\/posts\/509165\/revisions\/509167"}],"wp:featuredmedia":[{"embeddable":true,"href":"https:\/\/diariodominicano.com\/index.php?rest_route=\/wp\/v2\/media\/509166"}],"wp:attachment":[{"href":"https:\/\/diariodominicano.com\/index.php?rest_route=%2Fwp%2Fv2%2Fmedia&parent=509165"}],"wp:term":[{"taxonomy":"category","embeddable":true,"href":"https:\/\/diariodominicano.com\/index.php?rest_route=%2Fwp%2Fv2%2Fcategories&post=509165"},{"taxonomy":"post_tag","embeddable":true,"href":"https:\/\/diariodominicano.com\/index.php?rest_route=%2Fwp%2Fv2%2Ftags&post=509165"}],"curies":[{"name":"wp","href":"https:\/\/api.w.org\/{rel}","templated":true}]}}