{"id":509160,"date":"2024-02-17T19:06:15","date_gmt":"2024-02-17T23:06:15","guid":{"rendered":"https:\/\/diariodominicano.com\/?p=509160"},"modified":"2024-02-17T19:06:15","modified_gmt":"2024-02-17T23:06:15","slug":"miderec-santiago-expresa-dolor-por-fallecimiento-de-reynaldo-pappy-bisono","status":"publish","type":"post","link":"https:\/\/diariodominicano.com\/?p=509160","title":{"rendered":"MIDEREC-Santiago expresa dolor por fallecimiento de Reynaldo -Pappy-  Bison\u00f3"},"content":{"rendered":"\n<p><strong>Reynaldo -Pappy- Bison\u00f3<\/strong><\/p>\n\n\n\n<p><strong>SANTIAGO DE LOS CABALLEROS, Santiago, RD, 17 febrero 2024.-<\/strong>\u00a0La Direcci\u00f3n Provincial de Deportes, MIDEREC-Santiago, que encabeza Tony Pe\u00f1a R, expres\u00f3 sentido dolor por el fallecimiento del inmortal del deporte, Reynaldo -Pappy- Bison\u00f3, a quien consideran dej\u00f3 una maravillosa historia como propulsor deportivo.<\/p>\n\n\n\n<p>\u201cHoy, el deporte enl\u00fatese, pero una luz se agrega al firmamento de esta provincia, la cual, en el cielo, estar\u00e1 vigilante siempre sobre las lides deportivas para nuestro bienestar, como lo estuvo siempre, por m\u00e1s de 60 a\u00f1os\u201d, dijo Pe\u00f1a R, al referirse al fallecimiento de Bison\u00f3.<\/p>\n\n\n\n<p>Y agreg\u00f3: \u201cLe damos nuestro adi\u00f3s, pero se queda, siempre estar\u00e1 en el pensamiento de los deportistas de esta provincia\u201d.<\/p>\n\n\n\n<p>Record\u00f3 que, Pappy Bison\u00f3, fue un colaborador constante, a todo nivel con el deporte, sin importar altura, siempre estuvo ah\u00ed con su penetrante sonrisa, estando seguro que nunca ser\u00e1 olvidado.<\/p>\n\n\n\n<p>Bison\u00f3 es el caballero de m\u00e1s de 60 a\u00f1os de historia permanente como propulsor deportivo, es inmortal del deporte dominicano y de Santiago, quien fue reconocido por las m\u00e1s importantes de las instituciones del deporte, as\u00ed como por las m\u00e1s peque\u00f1as, jam\u00e1s ser\u00e1 olvidado.<\/p>\n\n\n\n<p>Oscar Polanco<\/p>\n\n\n\n<p><a target=\"_blank\" href=\"mailto:oscarpolanco.santiagord@gmail.com\" rel=\"noreferrer noopener\">oscarpolanco.santiagord@gm<\/a><\/p>\n","protected":false},"excerpt":{"rendered":"<p>Reynaldo -Pappy- Bison\u00f3 SANTIAGO DE LOS CABALLEROS, Santiago, RD, 17 febrero 2024.-\u00a0La Direcci\u00f3n Provincial de Deportes, MIDEREC-Santiago, que encabeza Tony Pe\u00f1a R, expres\u00f3 sentido dolor por el fallecimiento del inmortal del deporte, Reynaldo -Pappy- Bison\u00f3, a quien consideran dej\u00f3 una maravillosa historia como propulsor deportivo. \u201cHoy, el deporte enl\u00fatese, pero una luz se agrega al [&hellip;]<\/p>\n","protected":false},"author":28,"featured_media":509163,"comment_status":"closed","ping_status":"","sticky":true,"template":"","format":"standard","meta":{"footnotes":""},"categories":[17,26,27],"tags":[],"class_list":["post-509160","post","type-post","status-publish","format-standard","has-post-thumbnail","hentry","category-deportes","category-efemerides","category-portada"],"_links":{"self":[{"href":"https:\/\/diariodominicano.com\/index.php?rest_route=\/wp\/v2\/posts\/509160","targetHints":{"allow":["GET"]}}],"collection":[{"href":"https:\/\/diariodominicano.com\/index.php?rest_route=\/wp\/v2\/posts"}],"about":[{"href":"https:\/\/diariodominicano.com\/index.php?rest_route=\/wp\/v2\/types\/post"}],"author":[{"embeddable":true,"href":"https:\/\/diariodominicano.com\/index.php?rest_route=\/wp\/v2\/users\/28"}],"replies":[{"embeddable":true,"href":"https:\/\/diariodominicano.com\/index.php?rest_route=%2Fwp%2Fv2%2Fcomments&post=509160"}],"version-history":[{"count":1,"href":"https:\/\/diariodominicano.com\/index.php?rest_route=\/wp\/v2\/posts\/509160\/revisions"}],"predecessor-version":[{"id":509164,"href":"https:\/\/diariodominicano.com\/index.php?rest_route=\/wp\/v2\/posts\/509160\/revisions\/509164"}],"wp:featuredmedia":[{"embeddable":true,"href":"https:\/\/diariodominicano.com\/index.php?rest_route=\/wp\/v2\/media\/509163"}],"wp:attachment":[{"href":"https:\/\/diariodominicano.com\/index.php?rest_route=%2Fwp%2Fv2%2Fmedia&parent=509160"}],"wp:term":[{"taxonomy":"category","embeddable":true,"href":"https:\/\/diariodominicano.com\/index.php?rest_route=%2Fwp%2Fv2%2Fcategories&post=509160"},{"taxonomy":"post_tag","embeddable":true,"href":"https:\/\/diariodominicano.com\/index.php?rest_route=%2Fwp%2Fv2%2Ftags&post=509160"}],"curies":[{"name":"wp","href":"https:\/\/api.w.org\/{rel}","templated":true}]}}