{"id":509157,"date":"2024-02-17T18:58:06","date_gmt":"2024-02-17T22:58:06","guid":{"rendered":"https:\/\/diariodominicano.com\/?p=509157"},"modified":"2024-02-17T18:58:06","modified_gmt":"2024-02-17T22:58:06","slug":"acds-expresa-profundo-pesar-por-fallecimiento-de-socio-reynaldo-pappy-bisono","status":"publish","type":"post","link":"https:\/\/diariodominicano.com\/?p=509157","title":{"rendered":"ACDS expresa profundo pesar por fallecimiento de socio Reynaldo -Pappy- Bison\u00f3"},"content":{"rendered":"\n<p><strong>Reynaldo -Pappy- Bison\u00f3<\/strong><\/p>\n\n\n\n<p><strong>SANTIAGO DE LOS CABALLEROS, Santiago, RD, 17  diciembre 2024.-<\/strong>\u00a0La Asociaci\u00f3n de Cronistas Deportivos de Santiago (ACDS) expresa su profundo pesar por el fallecimiento del socio inmortal del deporte, Reynaldo -Pappy- Bison\u00f3, quien fuera el hist\u00f3rico propulsor deportivo m\u00e1s prol\u00edfero de esta provincia y m\u00e1s all\u00e1.<\/p>\n\n\n\n<p>\u201cNuestra entidad y todos sus afiliados, un\u00e1nimemente, igual que toda la sociedad santiaguense, se unen al profundo pesar que sentimos por el fallecimiento de un gran l\u00edder deportivo, el m\u00e1s grande de los propulsores, el cual abarc\u00f3 varias d\u00e9cadas sin desfallecer en su labor cotidiana, hasta hoy, que descanse en paz\u201d, dijo muy triste el presidente de la ACDS, Am\u00e9rico Cabrera.<\/p>\n\n\n\n<p>El prominente hombre del deporte y lo social, don Pappy Bison\u00f3, luego de una larga enfermedad, falleci\u00f3 la ma\u00f1ana de este s\u00e1bado y est\u00e1 siendo velado en el cementerio Fuente de Luz.<\/p>\n\n\n\n<p>\u00c9l fue presidente de las \u00c1guilas Cibae\u00f1as, primer Comisionado Nacional<\/p>\n\n\n\n<p>de B\u00e9isbol y en su residencia se gestion\u00f3 la construcci\u00f3n del estadio Cibao,<\/p>\n\n\n\n<p>ante una visita de Radhames Trujillo.<\/p>\n\n\n\n<p>Bison\u00f3 tambi\u00e9n fue un gran propulsor del b\u00e9isbol aficionado, donde<\/p>\n\n\n\n<p>patrocinaba el equipo S\u00faper Selecto Bison\u00f3, de Navarrete, as\u00ed como ligas y<\/p>\n\n\n\n<p>otras disciplinas deportivas.<\/p>\n\n\n\n<p>Pappy tuvo que ver con las firmas de varios jugadores dominicanos, entre ellos,<\/p>\n\n\n\n<p>Miguel Dilon\u00e9 y William Castro.<\/p>\n\n\n\n<p>Tambi\u00e9n, fue parte vital en la construcci\u00f3n del Palacio de los Deportes, hoy<\/p>\n\n\n\n<p>Arena del Cibao, as\u00ed como protector del exboxeador Enrique S\u00e1nchez, fue<\/p>\n\n\n\n<p>llevado a la inmortalidad por el Pabell\u00f3n de la Fama del Deporte Dominicano.<\/p>\n\n\n\n<p>El pasado 12 de agosto del 2023, Pappy celebr\u00f3 92 a\u00f1os de nacido, en un<\/p>\n\n\n\n<p>ambiente que reuni\u00f3 amigos y familiares.<\/p>\n\n\n\n<p><strong>Pappy Bison\u00f3<\/strong><\/p>\n\n\n\n<p>Reynaldo Antonio Bison\u00f3 Fern\u00e1ndez (Pappy Bison\u00f3), atesora sobrados m\u00e9ritos y<\/p>\n\n\n\n<p>calificaciones para consagrarlo Inmortal del Deporte Dominicano por el<\/p>\n\n\n\n<p>Pabell\u00f3n de la Fama, id\u00e9ntico a Jos\u00e9 Augusto Le\u00f3n Asensio, justicieramente<\/p>\n\n\n\n<p>reconocido a consagrar en el Ceremonial de octubre pr\u00f3ximo.<\/p>\n\n\n\n<p>Pappy Bison\u00f3 inici\u00f3 su extensa cosecha promocional de los deportes en l953<\/p>\n\n\n\n<p>fundando el Santiago Softbol Club junto a Modesto Ar\u00f3stegui Acevedo, Jos\u00e9<\/p>\n\n\n\n<p>Augusto Le\u00f3n Asensio, Andr\u00e9s Pichardo (El Cura), Leo Nicol\u00e1s Bonilla,<\/p>\n\n\n\n<p>Caonabo Almonte Mayer (Chino), Chery Persia y Oscar Gobaira Abib Saad,<\/p>\n\n\n\n<p>entre otros.<\/p>\n\n\n\n<p>Entre los a\u00f1os l958, l959, l960, organiz\u00f3 las Peque\u00f1as Ligas con Fernando Vicioso<\/p>\n\n\n\n<p>(Bolo) y Domingo Saint Hilaire.<\/p>\n\n\n\n<p>Presidente tres veces y gerente general dos de las \u00c1guilas Cibae\u00f1as.<\/p>\n\n\n\n<p>Fundador en l968 del equipo de beisbol amateur S\u00faper Selecto Bison\u00f3, en<\/p>\n\n\n\n<p>Navarrete, que regente\u00f3 hasta l976.<\/p>\n\n\n\n<p>En l969 fund\u00f3 la Liga de Beisbol Aficionados Arturo Bison\u00f3 Toribio, activa<\/p>\n\n\n\n<p>desde entonces con el respaldo de su peculio personal.<\/p>\n\n\n\n<p>Fungiendo regidor del Ayuntamiento de Santiago en l97l y presidente del<\/p>\n\n\n\n<p>Comit\u00e9 de Deportes del Ayuntamiento, gestion\u00f3 y consigui\u00f3 la protecci\u00f3n de<\/p>\n\n\n\n<p>los terrenos deportivos del club del Barrio Libertad, activo hasta hoy bajo techo<\/p>\n\n\n\n<p>en el Club Gregorio Urbano Gilbert.<\/p>\n\n\n\n<p>Siendo regidor y presidente del Comit\u00e9 de Deportes del Ayuntamiento de<\/p>\n\n\n\n<p>Santiago en l972, presidi\u00f3 la Sala Capitular logrando otorgar los terrenos del<\/p>\n\n\n\n<p>Complejo Deportivo Rinc\u00f3n Largo, que presidi\u00f3 Danilo Calder\u00f3n, consiguiendo<\/p>\n\n\n\n<p>anular el Comisionado de Beisbol de Grandes Ligas Bowie Kuhn el contrato<\/p>\n\n\n\n<p>firmado por Miguel Dilon\u00e9 con los Cardenales de San Luis, facilitando su<\/p>\n\n\n\n<p>incorporaci\u00f3n a los Tigres del Licey, conduciendo a Guelo a firmar con los<\/p>\n\n\n\n<p>Piratas de Pittsburg.<\/p>\n\n\n\n<p>Fund\u00f3 en l974 los Juegos Intermunicipales de Voleibol de Santiago, siendo su<\/p>\n\n\n\n<p>primera edici\u00f3n en Navarrete junto a los deportistas Panch\u00f3n Tejada, Francisco<\/p>\n\n\n\n<p>Tav\u00e1rez y Leoncio Bueno.<\/p>\n\n\n\n<p>En los a\u00f1os l974, l978, l990 y l994 junto a H\u00e9ctor St\u00e9ffany (Bullo), organizaron<\/p>\n\n\n\n<p>las Ligas&nbsp;Campesinas con la participaci\u00f3n de cien equipos, una haza\u00f1a<\/p>\n\n\n\n<p>in\u00e9dita.<\/p>\n\n\n\n<p>Siendo Senador por Santiago, en l975, organiz\u00f3 el Comit\u00e9 de Deportes del<\/p>\n\n\n\n<p>Senado, destac\u00e1ndose como propiciador creativo de la Secretar\u00eda de Deportes<\/p>\n\n\n\n<p>y Recreaci\u00f3n (SEDEFIR), consiguiendo con el presidente Joaqu\u00edn Balaguer la<\/p>\n\n\n\n<p>construcci\u00f3n del Palacio de los Deportes de Santiago, seleccionado ese a\u00f1o<\/p>\n\n\n\n<p>Miembro del Comit\u00e9 Organizador Centro B\u00e1squet 75.<\/p>\n\n\n\n<p>En l977 como miembro de la Uni\u00f3n Deportiva de Santiago, fundada el cinco de<\/p>\n\n\n\n<p>septiembre de ese a\u00f1o, siendo Rafael Carrasco su primer presidente, y ese<\/p>\n\n\n\n<p>a\u00f1o como director de INESPRE, y de sus propios recursos, don\u00f3 los boletos a<\/p>\n\n\n\n<p>la Selecci\u00f3n Nacional de Baloncesto viajar a Panam\u00e1, resultando equipo<\/p>\n\n\n\n<p>campe\u00f3n, adquiriendo de su peculio personal los terrenos para construir el<\/p>\n\n\n\n<p>Complejo Deportivo del Municipio de Pedro Garc\u00eda, provincia Santiago.<\/p>\n\n\n\n<p>En l978 don\u00f3 a la Asociaci\u00f3n de Clubes de Santiago la utiler\u00eda y uniformes para<\/p>\n\n\n\n<p>concurrir en los Juegos de Santiago, representado por el periodista Papi P\u00e9rez.<\/p>\n\n\n\n<p>Comisionado de B\u00e9isbol entre l983.86 designado por el presidente Salvador<\/p>\n\n\n\n<p>Jorge Blanco, consiguiendo la primera expansi\u00f3n del b\u00e9isbol profesional<\/p>\n\n\n\n<p>invernal con inclusi\u00f3n de los Azucareros del Este, luego Toros del Este y los<\/p>\n\n\n\n<p>Caimanes del Sur que presidi\u00f3 Maximito Lovat\u00f3n Ginebra.<\/p>\n\n\n\n<p>En l984 llev\u00f3 a su pupilo el boxeador Enrique S\u00e1nchez a un match por el titulo<\/p>\n\n\n\n<p>mundial peso gallo con el mexicano \u00c1vila, en Miami; Florida y en l990 don\u00f3 al<\/p>\n\n\n\n<p>municipio d Navarrete el Estadio Arturo Bison\u00f3 Toribio, \u00e1rea de diez mil metros<\/p>\n\n\n\n<p>cuadrados.<\/p>\n\n\n\n<p>En l996 seleccionado Miembro de la fama del Deporte de Santiago.<\/p>\n\n\n\n<p>Desde l998 es Gerente General de las \u00c1guilas Cibae\u00f1as.<\/p>\n\n\n\n<p>Produce desde hace una treintena de a\u00f1os del programa diario televisivo<\/p>\n\n\n\n<p>C\u00edrculo Deportivo.<\/p>\n\n\n\n<p>En 2005 fue homenajeado con el Premio Hans Hiper\u00f3nimos como Gran<\/p>\n\n\n\n<p>Propulsor de los Deportes.<\/p>\n\n\n\n<p>Papi Bison\u00f3 dispone de caudalosos, reiterativos y sobranceros&nbsp; m\u00e9ritos para<\/p>\n\n\n\n<p>que el Comit\u00e9 del Pabell\u00f3n de la Fama del Deporte Dominicano lo reconozca<\/p>\n\n\n\n<p>Inmortal del Deporte en el Ceremonial 202l, cuando Papi Bison\u00f3 contar\u00e1 90<\/p>\n\n\n\n<p>a\u00f1os, desde su nacimiento en Altamira, provincia Puerto Plata&nbsp; el l2-08-l93l, hijo<\/p>\n\n\n\n<p>del industrial Arturo Bison\u00f3 Toribio y esposa Moraima Fern\u00e1ndez de Bison\u00f3.<\/p>\n\n\n\n<p>Oscar Polanco<\/p>\n\n\n\n<p><a target=\"_blank\" href=\"mailto:oscarpolanco.santiagord@gmail.com\" rel=\"noreferrer noopener\">oscarpolanco.santiagord@gmail.com<\/a><\/p>\n","protected":false},"excerpt":{"rendered":"<p>Reynaldo -Pappy- Bison\u00f3 SANTIAGO DE LOS CABALLEROS, Santiago, RD, 17 diciembre 2024.-\u00a0La Asociaci\u00f3n de Cronistas Deportivos de Santiago (ACDS) expresa su profundo pesar por el fallecimiento del socio inmortal del deporte, Reynaldo -Pappy- Bison\u00f3, quien fuera el hist\u00f3rico propulsor deportivo m\u00e1s prol\u00edfero de esta provincia y m\u00e1s all\u00e1. \u201cNuestra entidad y todos sus afiliados, un\u00e1nimemente, [&hellip;]<\/p>\n","protected":false},"author":28,"featured_media":509158,"comment_status":"closed","ping_status":"","sticky":true,"template":"","format":"standard","meta":{"footnotes":""},"categories":[36,17,26,27],"tags":[],"class_list":["post-509157","post","type-post","status-publish","format-standard","has-post-thumbnail","hentry","category-hombresmujeresycosas","category-deportes","category-efemerides","category-portada"],"_links":{"self":[{"href":"https:\/\/diariodominicano.com\/index.php?rest_route=\/wp\/v2\/posts\/509157","targetHints":{"allow":["GET"]}}],"collection":[{"href":"https:\/\/diariodominicano.com\/index.php?rest_route=\/wp\/v2\/posts"}],"about":[{"href":"https:\/\/diariodominicano.com\/index.php?rest_route=\/wp\/v2\/types\/post"}],"author":[{"embeddable":true,"href":"https:\/\/diariodominicano.com\/index.php?rest_route=\/wp\/v2\/users\/28"}],"replies":[{"embeddable":true,"href":"https:\/\/diariodominicano.com\/index.php?rest_route=%2Fwp%2Fv2%2Fcomments&post=509157"}],"version-history":[{"count":1,"href":"https:\/\/diariodominicano.com\/index.php?rest_route=\/wp\/v2\/posts\/509157\/revisions"}],"predecessor-version":[{"id":509159,"href":"https:\/\/diariodominicano.com\/index.php?rest_route=\/wp\/v2\/posts\/509157\/revisions\/509159"}],"wp:featuredmedia":[{"embeddable":true,"href":"https:\/\/diariodominicano.com\/index.php?rest_route=\/wp\/v2\/media\/509158"}],"wp:attachment":[{"href":"https:\/\/diariodominicano.com\/index.php?rest_route=%2Fwp%2Fv2%2Fmedia&parent=509157"}],"wp:term":[{"taxonomy":"category","embeddable":true,"href":"https:\/\/diariodominicano.com\/index.php?rest_route=%2Fwp%2Fv2%2Fcategories&post=509157"},{"taxonomy":"post_tag","embeddable":true,"href":"https:\/\/diariodominicano.com\/index.php?rest_route=%2Fwp%2Fv2%2Ftags&post=509157"}],"curies":[{"name":"wp","href":"https:\/\/api.w.org\/{rel}","templated":true}]}}