{"id":509109,"date":"2024-02-17T11:59:01","date_gmt":"2024-02-17T15:59:01","guid":{"rendered":"https:\/\/diariodominicano.com\/?p=509109"},"modified":"2024-02-17T11:59:01","modified_gmt":"2024-02-17T15:59:01","slug":"fiscalia-de-san-cristobal-logra-condena-de-15-anos-en-contra-de-hombre-violo-sexualmente-a-una-adolescente","status":"publish","type":"post","link":"https:\/\/diariodominicano.com\/?p=509109","title":{"rendered":"Fiscal\u00eda de San Crist\u00f3bal logra condena de 15 a\u00f1os en contra de hombre viol\u00f3 sexualmente a una adolescente"},"content":{"rendered":"\n<p>SAN CRIST\u00d3BAL, Rep\u00fablica Dominicana.- La Fiscal\u00eda de este distrito judicial logr\u00f3 una condena de 15 a\u00f1os de prisi\u00f3n en contra de un hombre de nacionalidad haitiana, que viol\u00f3 sexualmente a una menor de 15 a\u00f1os de edad, en un hecho cometido en un sector de San Crist\u00f3bal.<\/p>\n\n\n\n<p>La condena fue dictada por el Tribunal Colegiado de esta jurisdicci\u00f3n, que integran las juezas Biulkys Milan\u00e9s, Ana In\u00e9s, y Rosa Edalia Mateo, en contra de Charli Fermil, por los hechos cometidos en contra de la menor de edad, de quien se omite el nombre para cuidar de su integridad.<\/p>\n\n\n\n<p>El Ministerio P\u00fablico, que estuvo representado por las fiscales Wendy Mar\u00eda Mart\u00ednez Garabitos y Napolisandy Viola Brioso, demostr\u00f3 la culpabilidad del procesado, quien con sus acciones falt\u00f3 a los art\u00edculos 331 del C\u00f3digo Penal Dominicano y al art\u00edculo 396, literales B y C de la Ley 136-03 sobre el C\u00f3digo para la Protecci\u00f3n y los Derechos Fundamentales de los Ni\u00f1os, Ni\u00f1as y Adolescentes.<\/p>\n\n\n\n<p>Los hechos ocurrieron el 30 de agosto del a\u00f1o 2022, cuando Fermil, quien se desplazaba a bordo de una motocicleta en compa\u00f1\u00eda de otro hombre, rapt\u00f3 a la adolescente desde el parqueo de su vivienda, donde la v\u00edctima se encontraba jugando.<\/p>\n\n\n\n<p>El procesado se llev\u00f3 a la adolescente a la vivienda donde resid\u00eda y all\u00ed abus\u00f3 de la v\u00edctima, a quien retuvo hasta el amanecer.<\/p>\n\n\n\n<p>Tras cometer el hecho, Fermil se dispuso a devolver a la v\u00edctima, quien era buscada por familiares y amigos, y en el trayecto la motocicleta sufri\u00f3 una falla, lo que provoc\u00f3 que \u00e9ste la enviara con un motorista, quien termin\u00f3 de llevar a la menor de edad a casa de sus padres, quienes, luego del incidente, se querellaron contra el agresor.<\/p>\n\n\n\n<p>Al someter a la menor de edad a los estudios pertinentes, los mismos revelaron evidencia del abuso del cual hab\u00eda sido v\u00edctima.<\/p>\n\n\n\n<p>Por este hecho, el procesado deber\u00e1 cumplir la sentencia en el Centro de Correcci\u00f3n y Rehabilitaci\u00f3n (CCR) Najayo Hombres, de San Crist\u00f3bal.<\/p>\n\n\n\n<p><strong>D<\/strong><strong>irecci\u00f3n General de Comunicaci\u00f3n, Prensa, y RRPP<\/strong><\/p>\n\n\n\n<p>Ministerio P\u00fablico.&nbsp;R.D.<\/p>\n\n\n\n<p>S\u00e1bado, 17 de febrero de 2024.<\/p>\n","protected":false},"excerpt":{"rendered":"<p>SAN CRIST\u00d3BAL, Rep\u00fablica Dominicana.- La Fiscal\u00eda de este distrito judicial logr\u00f3 una condena de 15 a\u00f1os de prisi\u00f3n en contra de un hombre de nacionalidad haitiana, que viol\u00f3 sexualmente a una menor de 15 a\u00f1os de edad, en un hecho cometido en un sector de San Crist\u00f3bal. La condena fue dictada por el Tribunal Colegiado [&hellip;]<\/p>\n","protected":false},"author":28,"featured_media":351958,"comment_status":"closed","ping_status":"","sticky":true,"template":"","format":"standard","meta":{"footnotes":""},"categories":[24,22,27],"tags":[],"class_list":["post-509109","post","type-post","status-publish","format-standard","has-post-thumbnail","hentry","category-justicia-y-derecho","category-politica","category-portada"],"_links":{"self":[{"href":"https:\/\/diariodominicano.com\/index.php?rest_route=\/wp\/v2\/posts\/509109","targetHints":{"allow":["GET"]}}],"collection":[{"href":"https:\/\/diariodominicano.com\/index.php?rest_route=\/wp\/v2\/posts"}],"about":[{"href":"https:\/\/diariodominicano.com\/index.php?rest_route=\/wp\/v2\/types\/post"}],"author":[{"embeddable":true,"href":"https:\/\/diariodominicano.com\/index.php?rest_route=\/wp\/v2\/users\/28"}],"replies":[{"embeddable":true,"href":"https:\/\/diariodominicano.com\/index.php?rest_route=%2Fwp%2Fv2%2Fcomments&post=509109"}],"version-history":[{"count":1,"href":"https:\/\/diariodominicano.com\/index.php?rest_route=\/wp\/v2\/posts\/509109\/revisions"}],"predecessor-version":[{"id":509110,"href":"https:\/\/diariodominicano.com\/index.php?rest_route=\/wp\/v2\/posts\/509109\/revisions\/509110"}],"wp:featuredmedia":[{"embeddable":true,"href":"https:\/\/diariodominicano.com\/index.php?rest_route=\/wp\/v2\/media\/351958"}],"wp:attachment":[{"href":"https:\/\/diariodominicano.com\/index.php?rest_route=%2Fwp%2Fv2%2Fmedia&parent=509109"}],"wp:term":[{"taxonomy":"category","embeddable":true,"href":"https:\/\/diariodominicano.com\/index.php?rest_route=%2Fwp%2Fv2%2Fcategories&post=509109"},{"taxonomy":"post_tag","embeddable":true,"href":"https:\/\/diariodominicano.com\/index.php?rest_route=%2Fwp%2Fv2%2Ftags&post=509109"}],"curies":[{"name":"wp","href":"https:\/\/api.w.org\/{rel}","templated":true}]}}