{"id":50907,"date":"2020-08-07T21:43:52","date_gmt":"2020-08-07T21:43:52","guid":{"rendered":"http:\/\/diariodominicano.ddns.net\/?p=50907"},"modified":"2020-08-07T21:43:52","modified_gmt":"2020-08-07T21:43:52","slug":"muere-manuel-duarte-hermano-de-juan-pablo-duarte","status":"publish","type":"post","link":"https:\/\/diariodominicano.com\/?p=50907","title":{"rendered":"Muere Manuel Duarte hermano de Juan Pablo Duarte"},"content":{"rendered":"<p><body><\/p>\n<p><strong>Diariodominicano.com<\/strong><\/p>\n<p><strong>Muere Manuel Duarte hermano de Juan Pablo Duarte <\/strong><\/p>\n<p><strong>CARACAS, Venezuela, el 8 de agosto de 1889<\/strong>  muri\u00f3 en Caracas, Venezuela, Manuel Duarte  D\u00edez, hermano del patricio Juan Pablo Duarte, y el \u00faltimo miembro de la familia Duarte D\u00edez que muri\u00f3 exiliado en Venezuela.<\/p>\n<\/p>\n<p>     \tLos restos de Manuel Duarte fueron sepultados en Caracas el d\u00eda 9 de agosto de 1889.<\/p>\n<\/p>\n<p>     \tEl  25 de octubre de 1888, muri\u00f3 su hermana Rosa Duarte, quien dej\u00f3 como legado \u00abApuntes para la Historia de Santo Domingo\u00bb, en cuya obra ofrece detalles sobre la vida del patricio Juan Pablo Duarte y su lucha para crear  la Rep\u00fablica Dominicana.<\/p>\n<\/p>\n<p>    \tJuan Pablo Duarte y los principales miembros de la Trinitaria fueron acusados  el 22 de agosto de 1844, de  ser traidores  a la Patria,  por lo que fueron condenados  a vivir en el destierro a perpetuidad.<\/p>\n<\/p>\n<h6> 2020-08-07 21:43:52 <\/h6>\n<p><!--\n<link rel=\"stylesheet\" href=\"css\/bootstrap.min.css\">\n\n\n<ul class=\"pagination\">\n\t    \n\t\n\n<li >\n\t<a href='?page_no=339'>Previous<\/a>\n\t<\/li>\n\n\n       \n    \n\n<li><a href='?page_no=1'>1<\/a><\/li>\n\n\n\n<li><a href='?page_no=2'>2<\/a><\/li>\n\n\n\n<li><a>...<\/a><\/li>\n\n\n\n<li><a href='?page_no=338'>338<\/a><\/li>\n\n\n\n<li><a href='?page_no=339'>339<\/a><\/li>\n\n\n\n<li class='active'><a>340<\/a><\/li>\n\n\n\n<li><a href='?page_no=341'>341<\/a><\/li>\n\n\n\n<li><a href='?page_no=342'>342<\/a><\/li>\n\n\n\n<li><a>...<\/a><\/li>\n\n\n\n<li><a href='?page_no=22911'>22911<\/a><\/li>\n\n\n\n<li><a href='?page_no=22912'>22912<\/a><\/li>\n\n    \n\t\n\n<li >\n\t<a href='?page_no=341'>Next<\/a>\n\t<\/li>\n\n\n    \n\n<li><a href='?page_no=22912'>Last &rsaquo;&rsaquo;<\/a><\/li>\n\n<\/ul>\n\n\n--><br \/>\n<\/body><\/p>\n","protected":false},"excerpt":{"rendered":"<p>Diariodominicano.com Muere Manuel Duarte hermano de Juan Pablo Duarte CARACAS, Venezuela, el 8 de agosto de 1889 muri\u00f3 en Caracas, Venezuela, Manuel Duarte D\u00edez, hermano del patricio Juan Pablo Duarte, y el \u00faltimo miembro de la familia Duarte D\u00edez que muri\u00f3 exiliado en Venezuela. Los restos de Manuel Duarte fueron sepultados en Caracas el d\u00eda [&hellip;]<\/p>\n","protected":false},"author":3,"featured_media":0,"comment_status":"open","ping_status":"open","sticky":false,"template":"","format":"standard","meta":{"footnotes":""},"categories":[21],"tags":[],"class_list":["post-50907","post","type-post","status-publish","format-standard","hentry","category-cultura"],"_links":{"self":[{"href":"https:\/\/diariodominicano.com\/index.php?rest_route=\/wp\/v2\/posts\/50907","targetHints":{"allow":["GET"]}}],"collection":[{"href":"https:\/\/diariodominicano.com\/index.php?rest_route=\/wp\/v2\/posts"}],"about":[{"href":"https:\/\/diariodominicano.com\/index.php?rest_route=\/wp\/v2\/types\/post"}],"author":[{"embeddable":true,"href":"https:\/\/diariodominicano.com\/index.php?rest_route=\/wp\/v2\/users\/3"}],"replies":[{"embeddable":true,"href":"https:\/\/diariodominicano.com\/index.php?rest_route=%2Fwp%2Fv2%2Fcomments&post=50907"}],"version-history":[{"count":0,"href":"https:\/\/diariodominicano.com\/index.php?rest_route=\/wp\/v2\/posts\/50907\/revisions"}],"wp:attachment":[{"href":"https:\/\/diariodominicano.com\/index.php?rest_route=%2Fwp%2Fv2%2Fmedia&parent=50907"}],"wp:term":[{"taxonomy":"category","embeddable":true,"href":"https:\/\/diariodominicano.com\/index.php?rest_route=%2Fwp%2Fv2%2Fcategories&post=50907"},{"taxonomy":"post_tag","embeddable":true,"href":"https:\/\/diariodominicano.com\/index.php?rest_route=%2Fwp%2Fv2%2Ftags&post=50907"}],"curies":[{"name":"wp","href":"https:\/\/api.w.org\/{rel}","templated":true}]}}