{"id":509065,"date":"2024-02-17T00:46:21","date_gmt":"2024-02-17T04:46:21","guid":{"rendered":"https:\/\/diariodominicano.com\/?p=509065"},"modified":"2024-02-17T03:22:29","modified_gmt":"2024-02-17T07:22:29","slug":"despues-del-trabucazo-de-la-independencia-nacional-1","status":"publish","type":"post","link":"https:\/\/diariodominicano.com\/?p=509065","title":{"rendered":"DESPU\u00c9S DEL TRABUCAZO DE LA INDEPENDENCIA NACIONAL (1)"},"content":{"rendered":"\n<p>por Te\u00f3filo Lappot Robles <\/p>\n\n\n\n<p>Lo que en propiedad puede considerarse como la primera manifestaci\u00f3n de disgusto por la ocupaci\u00f3n haitiana del territorio dominicano fue hecha el mismo 9 de febrero de 1822 por Jos\u00e9 N\u00fa\u00f1ez de C\u00e1ceres.<\/p>\n\n\n\n<p>Ese gesto no desapercibido por los presentes ocurri\u00f3 en una plaza p\u00fablica de la tierra que entonces era llamada Santo Domingo Espa\u00f1ol.<\/p>\n\n\n\n<figure class=\"wp-block-image size-large\"><img loading=\"lazy\" decoding=\"async\" width=\"1024\" height=\"526\" src=\"https:\/\/diariodominicano.com\/wp-content\/uploads\/2021\/03\/14-de-marzo-de-1772-Jose-Nunez-de-Caceres-1-1024x526.jpg\" alt=\"\" class=\"wp-image-267595\" srcset=\"https:\/\/diariodominicano.com\/wp-content\/uploads\/2021\/03\/14-de-marzo-de-1772-Jose-Nunez-de-Caceres-1-1024x526.jpg 1024w, https:\/\/diariodominicano.com\/wp-content\/uploads\/2021\/03\/14-de-marzo-de-1772-Jose-Nunez-de-Caceres-1-300x154.jpg 300w, https:\/\/diariodominicano.com\/wp-content\/uploads\/2021\/03\/14-de-marzo-de-1772-Jose-Nunez-de-Caceres-1-768x395.jpg 768w, https:\/\/diariodominicano.com\/wp-content\/uploads\/2021\/03\/14-de-marzo-de-1772-Jose-Nunez-de-Caceres-1-1536x789.jpg 1536w, https:\/\/diariodominicano.com\/wp-content\/uploads\/2021\/03\/14-de-marzo-de-1772-Jose-Nunez-de-Caceres-1-2048x1052.jpg 2048w, https:\/\/diariodominicano.com\/wp-content\/uploads\/2021\/03\/14-de-marzo-de-1772-Jose-Nunez-de-Caceres-1-816x419.jpg 816w\" sizes=\"auto, (max-width: 1024px) 100vw, 1024px\" \/><figcaption class=\"wp-element-caption\">Jos\u00e9 N\u00fa\u00f1ez de C\u00e1ceres <\/figcaption><\/figure>\n\n\n\n<p>N\u00fa\u00f1ez de C\u00e1ceres, padre de la que se conoce como independencia ef\u00edmera, mostr\u00f3 su contrariedad en el momento en que el presidente de Hait\u00ed Jean Pierre Boyer formalizaba, bajo el imperio de las armas, la posesi\u00f3n de la ciudad de Santo Domingo, con lo cual iniciaba su control completo de la segunda isla en tama\u00f1o de las Antillas.<\/p>\n\n\n\n<p>Cuando Boyer sali\u00f3 de Santo Domingo, el 6 de marzo del referido a\u00f1o, en ruta por los pueblos del Cibao (dejando al frente de la Ciudad Primada de Am\u00e9rica al general Ger\u00f3nimo Maximiliano Borgell\u00e1, franqueado por los coroneles Deshayes y Solages) iba muy molesto porque no logr\u00f3 que el arzobispo Pedro Valera Jim\u00e9nez, el primer dominicano en lograr las insignias lit\u00fargicas del anillo episcopal, el b\u00e1culo y la mitra, se pusiera a su disposici\u00f3n, lo cual \u00e9l consider\u00f3 que era una afrenta imperdonable.<\/p>\n\n\n\n<p>La referida actitud de N\u00fa\u00f1ez de C\u00e1ceres sigui\u00f3 germinando en muchos dominicanos durante m\u00e1s de dos d\u00e9cadas, hasta que el trinitario Ram\u00f3n Mat\u00edas Mella hizo el disparo de trabuco en la media noche del 27 de febrero del 1844, en la Puerta de la Misericordia, que fue el anuncio del nacimiento de la Rep\u00fablica Dominicana.<\/p>\n\n\n\n<figure class=\"wp-block-image size-large\"><img loading=\"lazy\" decoding=\"async\" width=\"1024\" height=\"526\" src=\"https:\/\/diariodominicano.com\/wp-content\/uploads\/2019\/02\/Jean-Pierre-Boyer-1-1-1024x526.jpg\" alt=\"\" class=\"wp-image-262996\" srcset=\"https:\/\/diariodominicano.com\/wp-content\/uploads\/2019\/02\/Jean-Pierre-Boyer-1-1-1024x526.jpg 1024w, https:\/\/diariodominicano.com\/wp-content\/uploads\/2019\/02\/Jean-Pierre-Boyer-1-1-300x154.jpg 300w, https:\/\/diariodominicano.com\/wp-content\/uploads\/2019\/02\/Jean-Pierre-Boyer-1-1-768x395.jpg 768w, https:\/\/diariodominicano.com\/wp-content\/uploads\/2019\/02\/Jean-Pierre-Boyer-1-1-1536x789.jpg 1536w, https:\/\/diariodominicano.com\/wp-content\/uploads\/2019\/02\/Jean-Pierre-Boyer-1-1-2048x1052.jpg 2048w, https:\/\/diariodominicano.com\/wp-content\/uploads\/2019\/02\/Jean-Pierre-Boyer-1-1-816x419.jpg 816w\" sizes=\"auto, (max-width: 1024px) 100vw, 1024px\" \/><figcaption class=\"wp-element-caption\">Jean Pierre Boyer <\/figcaption><\/figure>\n\n\n\n<p>De ese lugar sagrado para los dominicanos salieron los patriotas hacia la Puerta del Conde, donde a pesar de que el sargento Juan Gross pretendi\u00f3 disparar en su contra el teniente Mart\u00edn Gir\u00f3n cumpli\u00f3 lo pactado de entregar dicha plaza.<\/p>\n\n\n\n<p>Fue en ese lugar donde onde\u00f3 por primera vez el lienzo tricolor que es la bandera dominicana.<\/p>\n\n\n\n<p>Dominicanos de diversos niveles sociales, pol\u00edticos y econ\u00f3micos se dieron cita all\u00ed, entre ellos estaban Mella, Francisco del Rosario S\u00e1nchez, Vicente Celestino Duarte, Juan Alejandro Acosta, Ram\u00f3n Alonso Ravelo, los hermanos Jos\u00e9 Joaqu\u00edn, Eusebio y Gabino Puello, Remigio del Castillo, Jos\u00e9 Llaver\u00edas, Tom\u00e1s Bobadilla, Mart\u00edn Puche, Jacinto y Antonio Brea, Joaqu\u00edn Montol\u00edo, Eusebio Gat\u00f3n, Guillermo Barriento, Narciso S\u00e1nchez y muchos otros.<\/p>\n\n\n\n<p>Uno de los primeros actos preventivos para una eventual guerra citadina entre los dominicanos y los ocupantes haitianos lo ejecut\u00f3 el teniente \u00c1ngel Perdomo, en el antiguo Baluarte de San Genaro, obra hecha con prop\u00f3sitos militares a principios del siglo XVII, y que a partir del 1655 comenz\u00f3 a conocerse como Puerta del Conde, en honor a Bernardino de Meneses y Bracamonte Zapata (Conde de Pe\u00f1alva), quien siendo a la saz\u00f3n gobernador espa\u00f1ol de la isla de Santo Domingo enfrent\u00f3 exitosamente en dicho a\u00f1o a miles de tropas inglesas dirigidas por el almirante William Penn y el general Robert Venables.<\/p>\n\n\n\n<p>La acci\u00f3n b\u00e9lica de Perdomo consisti\u00f3 en que poco despu\u00e9s de la llegada all\u00ed de los independentistas puso a unos artilleros dominicanos al frente viejos ca\u00f1ones que estaban entre las fortificaciones de El Conde y de la Concepci\u00f3n, esta \u00faltima recuperada hace varios a\u00f1os y que se yergue en la intersecci\u00f3n de las calles Mercedes y Palo Hincado.<\/p>\n\n\n\n<p>Ya entrada la madrugada del 28 del referido febrero las autoridades haitianas, pensando que pod\u00edan frenar la sublevaci\u00f3n, ordenaron el acuartelamiento de las tropas que segu\u00edan bajo su control en la Fortaleza Ozama, entonces llamada La Fuerza.<\/p>\n\n\n\n<p>Los ocupantes formaron apresuradamente varias unidades de infanter\u00eda, incluyendo belicosos comandos, bajo la direcci\u00f3n directa del general Deo H\u00e9rard-Paul y otros oficiales que eran supervisados minuto a minuto por el general Henri Etienne Desgrotte.<\/p>\n\n\n\n<p>No pudieron romper la resistencia de los independentistas que se mov\u00edan con esp\u00edritu b\u00e9lico por diversos lugares estrat\u00e9gicos de la peque\u00f1a urbe de Santo Domingo.<\/p>\n\n\n\n<p>Entre la aurora y los primeros tenues rayos del sol que asomaban a la vista de los habitantes de la principal ciudad del pa\u00eds desde el oriente dominicano ya se hab\u00eda creado una especie de junta provisional de gobierno con S\u00e1nchez, Mella, Bobadilla y otros notables a la cabeza.<\/p>\n\n\n\n<figure class=\"wp-block-image size-large\"><img loading=\"lazy\" decoding=\"async\" width=\"1024\" height=\"526\" src=\"https:\/\/diariodominicano.com\/wp-content\/uploads\/2021\/03\/9-de-marzo-de-1817-Nace-Francisco-del-RosarioSanchez-1024x526.jpg\" alt=\"\" class=\"wp-image-266811\" srcset=\"https:\/\/diariodominicano.com\/wp-content\/uploads\/2021\/03\/9-de-marzo-de-1817-Nace-Francisco-del-RosarioSanchez-1024x526.jpg 1024w, https:\/\/diariodominicano.com\/wp-content\/uploads\/2021\/03\/9-de-marzo-de-1817-Nace-Francisco-del-RosarioSanchez-300x154.jpg 300w, https:\/\/diariodominicano.com\/wp-content\/uploads\/2021\/03\/9-de-marzo-de-1817-Nace-Francisco-del-RosarioSanchez-768x395.jpg 768w, https:\/\/diariodominicano.com\/wp-content\/uploads\/2021\/03\/9-de-marzo-de-1817-Nace-Francisco-del-RosarioSanchez-1536x789.jpg 1536w, https:\/\/diariodominicano.com\/wp-content\/uploads\/2021\/03\/9-de-marzo-de-1817-Nace-Francisco-del-RosarioSanchez-2048x1052.jpg 2048w, https:\/\/diariodominicano.com\/wp-content\/uploads\/2021\/03\/9-de-marzo-de-1817-Nace-Francisco-del-RosarioSanchez-816x419.jpg 816w\" sizes=\"auto, (max-width: 1024px) 100vw, 1024px\" \/><\/figure>\n\n\n\n<p>Vale se\u00f1alar como hecho importante en las primeras horas del anuncio de la Independencia Nacional el que protagonizaron Juan Alejandro Acosta, Juan Isidro D\u00edaz, Leandro Espinosa, Hip\u00f3lito Reyes, Carlos Garc\u00eda y Eusebio Puello, quienes tomaron la aduana de Santo Domingo, a pesar de la renuencia inicial del capit\u00e1n Miguel Deschape; este tal vez influenciado por lo que Marcos Cabral y otros difundieron desde Ban\u00ed, en el sentido de que lo que se buscaba era poner de nuevo en pr\u00e1ctica la esclavitud.<\/p>\n\n\n\n<p>Acosta, y los dem\u00e1s patriotas que actuaron junto a \u00e9l, coparon la capitan\u00eda del puerto. As\u00ed aseguraron el control de las puertas de la Atarazana y San Diego.<\/p>\n\n\n\n<figure class=\"wp-block-image size-large\"><img loading=\"lazy\" decoding=\"async\" width=\"1024\" height=\"526\" src=\"https:\/\/diariodominicano.com\/wp-content\/uploads\/2021\/02\/25-de-febrero-de-1816-Nace-Matias-Ramon-Mella-1024x526.jpg\" alt=\"\" class=\"wp-image-265091\" srcset=\"https:\/\/diariodominicano.com\/wp-content\/uploads\/2021\/02\/25-de-febrero-de-1816-Nace-Matias-Ramon-Mella-1024x526.jpg 1024w, https:\/\/diariodominicano.com\/wp-content\/uploads\/2021\/02\/25-de-febrero-de-1816-Nace-Matias-Ramon-Mella-300x154.jpg 300w, https:\/\/diariodominicano.com\/wp-content\/uploads\/2021\/02\/25-de-febrero-de-1816-Nace-Matias-Ramon-Mella-768x395.jpg 768w, https:\/\/diariodominicano.com\/wp-content\/uploads\/2021\/02\/25-de-febrero-de-1816-Nace-Matias-Ramon-Mella-1536x789.jpg 1536w, https:\/\/diariodominicano.com\/wp-content\/uploads\/2021\/02\/25-de-febrero-de-1816-Nace-Matias-Ramon-Mella-2048x1052.jpg 2048w, https:\/\/diariodominicano.com\/wp-content\/uploads\/2021\/02\/25-de-febrero-de-1816-Nace-Matias-Ramon-Mella-816x419.jpg 816w\" sizes=\"auto, (max-width: 1024px) 100vw, 1024px\" \/><\/figure>\n\n\n\n<p>De inmediato hicieron un movimiento de pinza, creando un doble embolsamiento a oficiales y soldados haitianos en la fortaleza Ozama y otros puntos dominados por ellos.<\/p>\n\n\n\n<p>Los extranjeros quedaron as\u00ed con muy escasa capacidad de maniobra militar para revertir la situaci\u00f3n desfavorable a ellos.<\/p>\n\n\n\n<p>Otra brillante labor de inteligencia militar b\u00e1sica y estrat\u00e9gica que hicieron los dominicanos en esas horas cruciales de nuestra historia fue realizar, a la vista de los haitianos, incesantes viajes de cabotaje por la r\u00eda que se forma cuando el mar Caribe se encuentra con el r\u00edo Ozama, en el litoral sur de la ciudad de Santo Domingo.<\/p>\n\n\n\n<p>El objetivo de los patriotas era que el enemigo creyera, como as\u00ed ocurri\u00f3, que la cantidad de hombres que se mov\u00edan en actitud de combate era m\u00e1s numerosa que la real. Mucho tiempo despu\u00e9s esa astucia fue imitada en otros lugares de Am\u00e9rica.<\/p>\n\n\n\n<p>A media ma\u00f1ana del citado 28 de febrero de 1844 llegaron desde Haina a la principal poblaci\u00f3n del pa\u00eds combatientes al mando de Baltazar \u00c1lvarez; mientras que de San Crist\u00f3bal arribaron pelotones de hombres con diferentes armas, dirigidos por Esteban Roca. Eso aument\u00f3 el p\u00e1nico de los usurpadores de la soberan\u00eda del pueblo dominicano.<\/p>\n\n\n\n<p>Ese d\u00eda, cuando una avanzada de negociadores haitianos pretend\u00eda dorar la p\u00edldora y el habilidoso c\u00f3nsul franc\u00e9s Eustache de Juchereau de Saint Denys trataba de pescar en r\u00edo revuelto, los dominicanos les dieron una respuesta en\u00e9rgica.<\/p>\n\n\n\n<p>Les hicieron saber a los for\u00e1neos, sin ning\u00fan margen de duda, que ten\u00edan \u201cla firme e indestructible resoluci\u00f3n de ser libres e independientes a costa de sus vidas y sus intereses\u201d.<\/p>\n\n\n\n<p>Pero adem\u00e1s agregaron que no hab\u00eda amenaza que pudiera hacerlos volver atr\u00e1s en el cumplimiento de su voluntad de libertad e igualdad.<\/p>\n\n\n\n<p>Los patriotas dominicanos concluyeron se\u00f1alando que buscaban las garant\u00edas de las leyes como base para la felicidad de todos los hombres, sin tomar en cuenta su estado y su condici\u00f3n.<\/p>\n\n\n\n<figure class=\"wp-block-image size-large\"><img loading=\"lazy\" decoding=\"async\" width=\"1024\" height=\"526\" src=\"https:\/\/diariodominicano.com\/wp-content\/uploads\/2022\/01\/Jose-Gabriel-Garcia-1024x526.jpg\" alt=\"\" class=\"wp-image-323764\" srcset=\"https:\/\/diariodominicano.com\/wp-content\/uploads\/2022\/01\/Jose-Gabriel-Garcia-1024x526.jpg 1024w, https:\/\/diariodominicano.com\/wp-content\/uploads\/2022\/01\/Jose-Gabriel-Garcia-300x154.jpg 300w, https:\/\/diariodominicano.com\/wp-content\/uploads\/2022\/01\/Jose-Gabriel-Garcia-768x395.jpg 768w, https:\/\/diariodominicano.com\/wp-content\/uploads\/2022\/01\/Jose-Gabriel-Garcia-1536x789.jpg 1536w, https:\/\/diariodominicano.com\/wp-content\/uploads\/2022\/01\/Jose-Gabriel-Garcia-2048x1052.jpg 2048w, https:\/\/diariodominicano.com\/wp-content\/uploads\/2022\/01\/Jose-Gabriel-Garcia-816x419.jpg 816w\" sizes=\"auto, (max-width: 1024px) 100vw, 1024px\" \/><\/figure>\n\n\n\n<p>En los primeros dos d\u00edas posteriores a la haza\u00f1a de la Puerta de la Misericordia hubo discusiones entre representantes dominicanos y haitianos que negociaban la salida de estos \u00faltimos del territorio nacional, tal y como describe el historiador Jos\u00e9 Gabriel Garc\u00eda, en sus valiosos comentarios que han servido de pilar fundamental para entender muchos de los hechos de esa etapa estelar de nuestro pasado.<\/p>\n\n\n\n<p>Garc\u00eda se\u00f1ala, por ejemplo, enfrentamientos verbales muy exaltados entre el trinitario Pedro Alejandrino Pina y el oficial haitiano Jean Baptiste Morin.<\/p>\n\n\n\n<p>Consta en los registros de nuestra historia que frente a la decisi\u00f3n inquebrantable de libertad que exhib\u00edan los febreristas un alto bur\u00f3crata haitiano dijo: \u201c\u00a1estamos perdidos, la independencia de los dominicanos es un hecho!\u201d.<\/p>\n\n\n\n<p>Tal vez ese asentimiento se produjo en uno de los salones del entonces llamado Palacio de Borgell\u00e1, un imponente edificio del siglo XVI, correspondiente al per\u00edodo del gobernador colonial espa\u00f1ol Nicol\u00e1s de Ovando, situado frente al Parque Col\u00f3n, de la ciudad de Santo Domingo, que serv\u00eda de sede de gobierno a los intrusos gobernantes haitianos.&nbsp;<\/p>\n\n\n\n<p>En los d\u00edas posteriores se produjeron acciones ricas en lecciones hist\u00f3ricas que desarrollar\u00e9 en la pr\u00f3xima entrega.<\/p>\n\n\n\n<p>teofilo lappot<\/p>\n\n\n\n<p><a target=\"_blank\" href=\"mailto:teofilolappot@gmail.com\" rel=\"noreferrer noopener\">teofilolappot@gmail.com<\/a><\/p>\n","protected":false},"excerpt":{"rendered":"<p>por Te\u00f3filo Lappot Robles Lo que en propiedad puede considerarse como la primera manifestaci\u00f3n de disgusto por la ocupaci\u00f3n haitiana del territorio dominicano fue hecha el mismo 9 de febrero de 1822 por Jos\u00e9 N\u00fa\u00f1ez de C\u00e1ceres. Ese gesto no desapercibido por los presentes ocurri\u00f3 en una plaza p\u00fablica de la tierra que entonces era [&hellip;]<\/p>\n","protected":false},"author":28,"featured_media":509104,"comment_status":"closed","ping_status":"","sticky":true,"template":"","format":"standard","meta":{"footnotes":""},"categories":[21,36,26,27],"tags":[],"class_list":["post-509065","post","type-post","status-publish","format-standard","has-post-thumbnail","hentry","category-cultura","category-hombresmujeresycosas","category-efemerides","category-portada"],"_links":{"self":[{"href":"https:\/\/diariodominicano.com\/index.php?rest_route=\/wp\/v2\/posts\/509065","targetHints":{"allow":["GET"]}}],"collection":[{"href":"https:\/\/diariodominicano.com\/index.php?rest_route=\/wp\/v2\/posts"}],"about":[{"href":"https:\/\/diariodominicano.com\/index.php?rest_route=\/wp\/v2\/types\/post"}],"author":[{"embeddable":true,"href":"https:\/\/diariodominicano.com\/index.php?rest_route=\/wp\/v2\/users\/28"}],"replies":[{"embeddable":true,"href":"https:\/\/diariodominicano.com\/index.php?rest_route=%2Fwp%2Fv2%2Fcomments&post=509065"}],"version-history":[{"count":7,"href":"https:\/\/diariodominicano.com\/index.php?rest_route=\/wp\/v2\/posts\/509065\/revisions"}],"predecessor-version":[{"id":509105,"href":"https:\/\/diariodominicano.com\/index.php?rest_route=\/wp\/v2\/posts\/509065\/revisions\/509105"}],"wp:featuredmedia":[{"embeddable":true,"href":"https:\/\/diariodominicano.com\/index.php?rest_route=\/wp\/v2\/media\/509104"}],"wp:attachment":[{"href":"https:\/\/diariodominicano.com\/index.php?rest_route=%2Fwp%2Fv2%2Fmedia&parent=509065"}],"wp:term":[{"taxonomy":"category","embeddable":true,"href":"https:\/\/diariodominicano.com\/index.php?rest_route=%2Fwp%2Fv2%2Fcategories&post=509065"},{"taxonomy":"post_tag","embeddable":true,"href":"https:\/\/diariodominicano.com\/index.php?rest_route=%2Fwp%2Fv2%2Ftags&post=509065"}],"curies":[{"name":"wp","href":"https:\/\/api.w.org\/{rel}","templated":true}]}}