{"id":509016,"date":"2024-02-16T23:35:40","date_gmt":"2024-02-17T03:35:40","guid":{"rendered":"https:\/\/diariodominicano.com\/?p=509016"},"modified":"2024-02-16T23:38:55","modified_gmt":"2024-02-17T03:38:55","slug":"mision-oea-visita-oficina-presidencial-del-pld","status":"publish","type":"post","link":"https:\/\/diariodominicano.com\/?p=509016","title":{"rendered":"Misi\u00f3n OEA visita Oficina Presidencial del PLD"},"content":{"rendered":"\n<p><strong><em>Equipo coordinador de la Misi\u00f3n de Observadores Electorales de la Organizaci\u00f3n de Estados Americanos (OEA)<\/em><\/strong><em>&nbsp;se re\u00fane con representaci\u00f3n de la direcci\u00f3n del&nbsp;<strong>PLD<\/strong><\/em><\/p>\n\n\n\n<figure class=\"wp-block-image size-large\"><img loading=\"lazy\" decoding=\"async\" width=\"1024\" height=\"642\" src=\"https:\/\/diariodominicano.com\/wp-content\/uploads\/2024\/02\/OEAOfic.Com-3-1024x642.jpeg\" alt=\"\" class=\"wp-image-509019\" srcset=\"https:\/\/diariodominicano.com\/wp-content\/uploads\/2024\/02\/OEAOfic.Com-3-1024x642.jpeg 1024w, https:\/\/diariodominicano.com\/wp-content\/uploads\/2024\/02\/OEAOfic.Com-3-300x188.jpeg 300w, https:\/\/diariodominicano.com\/wp-content\/uploads\/2024\/02\/OEAOfic.Com-3-768x482.jpeg 768w, https:\/\/diariodominicano.com\/wp-content\/uploads\/2024\/02\/OEAOfic.Com-3-816x512.jpeg 816w, https:\/\/diariodominicano.com\/wp-content\/uploads\/2024\/02\/OEAOfic.Com-3.jpeg 1280w\" sizes=\"auto, (max-width: 1024px) 100vw, 1024px\" \/><\/figure>\n\n\n\n<p><strong>El Partido de la Liberaci\u00f3n Dominicana (PLD)<\/strong>&nbsp;se reuni\u00f3 este viernes con el equipo coordinador de la Misi\u00f3n de Observadores Electorales de la Organizaci\u00f3n de Estados Americanos (OEA), compartiendo con ellos sus apreciaciones sobre el proceso de las elecciones municipales, que se efectuar\u00e1n este domingo 18 de febrero.<\/p>\n\n\n\n<p>La Comisi\u00f3n del PLD estuvo encabezada por el ex presidente de la Rep\u00fablica, Danilo Medina, presidente del PLD, el&nbsp; secretario general, Charles Mariotti, el Secretario de Asuntos Electorales,&nbsp; Tommy Gal\u00e1n y el Delegado Pol\u00edtico ante la Junta Central&nbsp; Electoral&nbsp;(JCE),&nbsp; Danilo Diaz.<\/p>\n\n\n\n<p>La delegaci\u00f3n de la OEA que se reuni\u00f3 en la Oficina Presidencial del PLD est\u00e1 encabezada por el excanciller &nbsp;&nbsp;de Paraguay, Eladio Loizaga, jefe de la Misi\u00f3n de Observaci\u00f3n Electoral de la OEA e integrada por Crist\u00f3bal Fern\u00e1ndez, Subjefe de la Misi\u00f3n y Diego P\u00e1ez, oficial de prensa de la Misi\u00f3n.<\/p>\n\n\n\n<figure class=\"wp-block-image size-large\"><img loading=\"lazy\" decoding=\"async\" width=\"1024\" height=\"682\" src=\"https:\/\/diariodominicano.com\/wp-content\/uploads\/2024\/02\/OEAOfic.Com-15-1024x682.jpeg\" alt=\"\" class=\"wp-image-509022\" srcset=\"https:\/\/diariodominicano.com\/wp-content\/uploads\/2024\/02\/OEAOfic.Com-15-1024x682.jpeg 1024w, https:\/\/diariodominicano.com\/wp-content\/uploads\/2024\/02\/OEAOfic.Com-15-300x200.jpeg 300w, https:\/\/diariodominicano.com\/wp-content\/uploads\/2024\/02\/OEAOfic.Com-15-768x512.jpeg 768w, https:\/\/diariodominicano.com\/wp-content\/uploads\/2024\/02\/OEAOfic.Com-15-816x544.jpeg 816w, https:\/\/diariodominicano.com\/wp-content\/uploads\/2024\/02\/OEAOfic.Com-15.jpeg 1280w\" sizes=\"auto, (max-width: 1024px) 100vw, 1024px\" \/><\/figure>\n\n\n\n<p>El jefe de la misi\u00f3n de la OEA el excanciller\u00a0\u00a0de Paraguay, Eladio Loizaga conversa con el presidente del PLD, el ex presidente Danilo Medina.<\/p>\n\n\n\n<p><\/p>\n\n\n\n<p>Mediante despacho de la Secretar\u00eda de Comunicaciones del PLD se inform\u00f3 que la representaci\u00f3n de la organizaci\u00f3n\u00a0pol\u00edtica comparti\u00f3 con los observadores de la OEA su visi\u00f3n del proceso que ser\u00e1 celebrado este domingo y manifest\u00f3 su agradecimiento por acompa\u00f1ar a Rep\u00fablica Dominicana en esta consulta ciudadana.<\/p>\n\n\n\n<p>En la v\u00edspera el Partido de la Liberaci\u00f3n Dominicana recibi\u00f3 en su sede nacional una representaci\u00f3n de la misi\u00f3n de la Organizaci\u00f3n de Estados Americanos (OEA) acreditados como observadores del proceso electoral compartiendo tambi\u00e9n inquietudes y observaciones al proceso.<\/p>\n\n\n\n<p><strong>SECRETAR\u00cdA DE COMUNICACIONES<\/strong><\/p>\n\n\n\n<p><strong>16 DE FEBRERO, 2024.-<\/strong>&nbsp; __________<\/p>\n","protected":false},"excerpt":{"rendered":"<p>Equipo coordinador de la Misi\u00f3n de Observadores Electorales de la Organizaci\u00f3n de Estados Americanos (OEA)&nbsp;se re\u00fane con representaci\u00f3n de la direcci\u00f3n del&nbsp;PLD El Partido de la Liberaci\u00f3n Dominicana (PLD)&nbsp;se reuni\u00f3 este viernes con el equipo coordinador de la Misi\u00f3n de Observadores Electorales de la Organizaci\u00f3n de Estados Americanos (OEA), compartiendo con ellos sus apreciaciones sobre [&hellip;]<\/p>\n","protected":false},"author":28,"featured_media":509017,"comment_status":"closed","ping_status":"","sticky":true,"template":"","format":"standard","meta":{"footnotes":""},"categories":[22,27],"tags":[],"class_list":["post-509016","post","type-post","status-publish","format-standard","has-post-thumbnail","hentry","category-politica","category-portada"],"_links":{"self":[{"href":"https:\/\/diariodominicano.com\/index.php?rest_route=\/wp\/v2\/posts\/509016","targetHints":{"allow":["GET"]}}],"collection":[{"href":"https:\/\/diariodominicano.com\/index.php?rest_route=\/wp\/v2\/posts"}],"about":[{"href":"https:\/\/diariodominicano.com\/index.php?rest_route=\/wp\/v2\/types\/post"}],"author":[{"embeddable":true,"href":"https:\/\/diariodominicano.com\/index.php?rest_route=\/wp\/v2\/users\/28"}],"replies":[{"embeddable":true,"href":"https:\/\/diariodominicano.com\/index.php?rest_route=%2Fwp%2Fv2%2Fcomments&post=509016"}],"version-history":[{"count":4,"href":"https:\/\/diariodominicano.com\/index.php?rest_route=\/wp\/v2\/posts\/509016\/revisions"}],"predecessor-version":[{"id":509023,"href":"https:\/\/diariodominicano.com\/index.php?rest_route=\/wp\/v2\/posts\/509016\/revisions\/509023"}],"wp:featuredmedia":[{"embeddable":true,"href":"https:\/\/diariodominicano.com\/index.php?rest_route=\/wp\/v2\/media\/509017"}],"wp:attachment":[{"href":"https:\/\/diariodominicano.com\/index.php?rest_route=%2Fwp%2Fv2%2Fmedia&parent=509016"}],"wp:term":[{"taxonomy":"category","embeddable":true,"href":"https:\/\/diariodominicano.com\/index.php?rest_route=%2Fwp%2Fv2%2Fcategories&post=509016"},{"taxonomy":"post_tag","embeddable":true,"href":"https:\/\/diariodominicano.com\/index.php?rest_route=%2Fwp%2Fv2%2Ftags&post=509016"}],"curies":[{"name":"wp","href":"https:\/\/api.w.org\/{rel}","templated":true}]}}