{"id":508985,"date":"2024-02-16T22:56:49","date_gmt":"2024-02-17T02:56:49","guid":{"rendered":"https:\/\/diariodominicano.com\/?p=508985"},"modified":"2024-02-16T23:05:12","modified_gmt":"2024-02-17T03:05:12","slug":"el-duarte-del-ateneo","status":"publish","type":"post","link":"https:\/\/diariodominicano.com\/?p=508985","title":{"rendered":"El Duarte del Ateneo"},"content":{"rendered":"\n<p>Busto de Juan Pablo Duarte a la entrada del Ateneo Amantes de la Luz, Santiago.<\/p>\n\n\n\n<figure class=\"wp-block-image size-large\"><img loading=\"lazy\" decoding=\"async\" width=\"1024\" height=\"576\" src=\"https:\/\/diariodominicano.com\/wp-content\/uploads\/2023\/12\/Carlos-Ricardo-Fondeur-M-1024x576.jpg\" alt=\"\" class=\"wp-image-495460\" srcset=\"https:\/\/diariodominicano.com\/wp-content\/uploads\/2023\/12\/Carlos-Ricardo-Fondeur-M-1024x576.jpg 1024w, https:\/\/diariodominicano.com\/wp-content\/uploads\/2023\/12\/Carlos-Ricardo-Fondeur-M-300x169.jpg 300w, https:\/\/diariodominicano.com\/wp-content\/uploads\/2023\/12\/Carlos-Ricardo-Fondeur-M-768x432.jpg 768w, https:\/\/diariodominicano.com\/wp-content\/uploads\/2023\/12\/Carlos-Ricardo-Fondeur-M-816x459.jpg 816w, https:\/\/diariodominicano.com\/wp-content\/uploads\/2023\/12\/Carlos-Ricardo-Fondeur-M.jpg 1389w\" sizes=\"auto, (max-width: 1024px) 100vw, 1024px\" \/><\/figure>\n\n\n\n<p>Por: <strong>CARLOS RICARDO FONDEUR MORONTA<\/strong><\/p>\n\n\n\n<p>Con la mirada perdida en el acre devenir de los tiempos, un simple busto\u00a0 caracteriza una realidad inapelable de lo mucho que estar\u00eda sufriendo el h\u00e9roe pol\u00edtico de la patria dominicana, Juan Pablo Duarte, en una realidad si estuviera vivo. El Duarte del Ateneo Amantes de la Luz, la hist\u00f3rica biblioteca de Santiago de los Caballeros, guarda similitud con casi todas las esculturas de nuestro Padre Patrio.<\/p>\n\n\n\n<figure class=\"wp-block-image size-full\"><img loading=\"lazy\" decoding=\"async\" width=\"327\" height=\"218\" src=\"https:\/\/diariodominicano.com\/wp-content\/uploads\/2024\/02\/image-1-2.png\" alt=\"\" class=\"wp-image-508989\" srcset=\"https:\/\/diariodominicano.com\/wp-content\/uploads\/2024\/02\/image-1-2.png 327w, https:\/\/diariodominicano.com\/wp-content\/uploads\/2024\/02\/image-1-2-300x200.png 300w\" sizes=\"auto, (max-width: 327px) 100vw, 327px\" \/><\/figure>\n\n\n\n<p>Foto publicada por el Campesino Digital.<\/p>\n\n\n\n<p>El pintor Alejandro Bonilla fue quien pint\u00f3\u00a0en una de las paredes del Monumento a los H\u00e9roes de la Restauraci\u00f3n,\u00a0a Juan Pablo Duarte\u00a0con seis dedos,\u00a0hecho hasta ahora que podr\u00eda tratarse de la imitaci\u00f3n de la costumbre del pintor espa\u00f1ol Rafael, debido, a decir de historiadores, que quienes ven\u00edan al mundo con seis dedeos ten\u00edan un sexto sentido relacionado con propiedades espirituales.<\/p>\n\n\n\n<figure class=\"wp-block-image size-full\"><img loading=\"lazy\" decoding=\"async\" width=\"377\" height=\"220\" src=\"https:\/\/diariodominicano.com\/wp-content\/uploads\/2024\/02\/image-2-1.png\" alt=\"\" class=\"wp-image-508990\" srcset=\"https:\/\/diariodominicano.com\/wp-content\/uploads\/2024\/02\/image-2-1.png 377w, https:\/\/diariodominicano.com\/wp-content\/uploads\/2024\/02\/image-2-1-300x175.png 300w\" sizes=\"auto, (max-width: 377px) 100vw, 377px\" \/><\/figure>\n\n\n\n<p>Foto publicada por\u00a0<strong><a href=\"http:\/\/www.realidadesdepedernales.com\/\" target=\"_blank\" rel=\"noreferrer noopener\">www.realidadesdepedernales.com<\/a>\u00a0<\/strong><\/p>\n\n\n\n<p>No menos cierto, fueron mis cr\u00edticas, ignoradas, de colocar una estatua del patricio en el parque hom\u00f3nimo, con la mirada perdida hacia el cielo, raso e infinito, o hacia una estructura parecida a un retrete que afea el coraz\u00f3n mismo del Centro Hist\u00f3rico de Santiago de los Caballeros.<\/p>\n\n\n\n<p>A Duarte, al menos, debieron colocarlo mirando hacia el Palacio de la Gobernaci\u00f3n Provincial o la Catedral Santiago Ap\u00f3stol, ambos edificios que tambi\u00e9n guardan recuerdos irreconciliables con la sociedad: En la Catedral se encuentra el sepulcro del tirano Ulises Hilari\u00f3n Heureaux Lebert y en la Gobernaci\u00f3n a\u00fan se escuchan los gritos de los torturados en las \u00e9pocas de Trujillo y los doce a\u00f1os de Balaguer cuando exist\u00eda all\u00ed un cuartel policial.<\/p>\n\n\n\n<figure class=\"wp-block-image size-full\"><img loading=\"lazy\" decoding=\"async\" width=\"320\" height=\"248\" src=\"https:\/\/diariodominicano.com\/wp-content\/uploads\/2024\/02\/image-3-1.png\" alt=\"\" class=\"wp-image-508991\" srcset=\"https:\/\/diariodominicano.com\/wp-content\/uploads\/2024\/02\/image-3-1.png 320w, https:\/\/diariodominicano.com\/wp-content\/uploads\/2024\/02\/image-3-1-300x233.png 300w\" sizes=\"auto, (max-width: 320px) 100vw, 320px\" \/><\/figure>\n\n\n\n<p><strong>El Duarte de Plaza de las Banderas, D.N.<\/strong><\/p>\n\n\n\n<p>Creo, que el pobrecito mentor de nuestra nacionalidad est\u00e1 perseguido por el infortunio. Desde su infausto exilio a Venezuela, vendiendo velas para subsistir, hasta la degradaci\u00f3n de su figura hist\u00f3rica y sus monumentos.<\/p>\n\n\n\n<p>La principal avenida metropolitana del pa\u00eds lleva el nombre de un pol\u00edtico estadounidense, en lugar de nuestro patricio. La avenida John F. Kennedy vendr\u00eda siendo un tramo de la Autopista Duarte, carretera que tambi\u00e9n qued\u00f3 escindida al cambiarse el nombre del tramo de Santiago de los Caballeros a Navarrete por el de Joaqu\u00edn Balaguer.<\/p>\n\n\n\n<p>Solo faltar\u00eda un poco m\u00e1s de tiempo a qu\u00e9 dicha autopista sea declarada en otro tramo como Juan Bosch y, paulatinamente, desaparecer\u00e1 el nombre de Juan Pablo Duarte como nombre de la v\u00eda.<\/p>\n\n\n\n<p>En Barahona, fue denunciado por Leonardo Plata, publicada en el diario El Campesino Digital las condiciones de abandono del busto de Duarte con manchas de aceite quemado en su rostro. En Pedernales, alguien carg\u00f3 con la escultura en bronce colocada en el parque Duarte, la cual fue reemplazada. En la Plaza de la Bandera, en el Distrito Nacional,&nbsp;<a href=\"https:\/\/www.idominicanas.com\/author\/britoreinaldo\/\" target=\"_blank\" rel=\"noreferrer noopener\">Im\u00e1genes Dominicanas<\/a>&nbsp;&nbsp;facciones distintas a las del patricio.<\/p>\n\n\n\n<p>En Pek\u00edn, China, fue develado un busto de Juan Pablo Duarte con los ojos \u201cachinados\u201d, seg\u00fan foto y denuncia del&nbsp;presidente del Partido Reformista Social Cristiano (PRSC)<strong>, Federico Ant\u00fan Batlle (Quique).<\/strong><strong><\/strong><\/p>\n\n\n\n<p>El Duarte del Ateneo tiene sus caracter\u00edsticas plasmadas en bronce quiz\u00e1s por error, pero m\u00e1s bien parece el fruto de un estudio detallado de sus peripecias a\u00fan despu\u00e9s de sepultados sus restos. Detenerse a mirar las facciones del Duarte del Ateneo podr\u00eda resultar en depresi\u00f3n.<\/p>\n\n\n\n<p>Sus facciones reflejan llanto, cansancio, tedio, la obligaci\u00f3n de permanecer en un pedestal, con al menos el saber que est\u00e1 siendo vigilado por la intelectualidad que visita el local que guarda nuestros libros y peri\u00f3dicos y se enaltece al verlos asistir a los actos culturales que all\u00ed se celebran.<\/p>\n\n\n\n<p>No estamos solicitando que se cambien el rostro del verdadero Duarte. S\u00f3lo estoy solicitando que se ponga mayor atenci\u00f3n de sus representaciones materiales, para que permanezca inc\u00f3lume la irreversible obra patri\u00f3tica e intelectual de nuestro Juan Pablo Duarte y Diez.<\/p>\n\n\n\n<p>Carlos Ricardo Fondeur Moronta<\/p>\n\n\n\n<p><a target=\"_blank\" href=\"mailto:carlosricardofondeurmoronta@gmail.com\" rel=\"noreferrer noopener\">carlosricardofondeurmoronta<\/a><\/p>\n\n\n\n<p><strong>El autor es periodista, cr\u00edtico de cine, residente en Santiago de los Caballeros, Rep\u00fablica Dominicana.<\/strong><\/p>\n\n\n\n<p>&#8212;<\/p>\n","protected":false},"excerpt":{"rendered":"<p>Busto de Juan Pablo Duarte a la entrada del Ateneo Amantes de la Luz, Santiago. Por: CARLOS RICARDO FONDEUR MORONTA Con la mirada perdida en el acre devenir de los tiempos, un simple busto\u00a0 caracteriza una realidad inapelable de lo mucho que estar\u00eda sufriendo el h\u00e9roe pol\u00edtico de la patria dominicana, Juan Pablo Duarte, en [&hellip;]<\/p>\n","protected":false},"author":28,"featured_media":508986,"comment_status":"closed","ping_status":"","sticky":true,"template":"","format":"standard","meta":{"footnotes":""},"categories":[21,36,26,27],"tags":[],"class_list":["post-508985","post","type-post","status-publish","format-standard","has-post-thumbnail","hentry","category-cultura","category-hombresmujeresycosas","category-efemerides","category-portada"],"_links":{"self":[{"href":"https:\/\/diariodominicano.com\/index.php?rest_route=\/wp\/v2\/posts\/508985","targetHints":{"allow":["GET"]}}],"collection":[{"href":"https:\/\/diariodominicano.com\/index.php?rest_route=\/wp\/v2\/posts"}],"about":[{"href":"https:\/\/diariodominicano.com\/index.php?rest_route=\/wp\/v2\/types\/post"}],"author":[{"embeddable":true,"href":"https:\/\/diariodominicano.com\/index.php?rest_route=\/wp\/v2\/users\/28"}],"replies":[{"embeddable":true,"href":"https:\/\/diariodominicano.com\/index.php?rest_route=%2Fwp%2Fv2%2Fcomments&post=508985"}],"version-history":[{"count":5,"href":"https:\/\/diariodominicano.com\/index.php?rest_route=\/wp\/v2\/posts\/508985\/revisions"}],"predecessor-version":[{"id":508994,"href":"https:\/\/diariodominicano.com\/index.php?rest_route=\/wp\/v2\/posts\/508985\/revisions\/508994"}],"wp:featuredmedia":[{"embeddable":true,"href":"https:\/\/diariodominicano.com\/index.php?rest_route=\/wp\/v2\/media\/508986"}],"wp:attachment":[{"href":"https:\/\/diariodominicano.com\/index.php?rest_route=%2Fwp%2Fv2%2Fmedia&parent=508985"}],"wp:term":[{"taxonomy":"category","embeddable":true,"href":"https:\/\/diariodominicano.com\/index.php?rest_route=%2Fwp%2Fv2%2Fcategories&post=508985"},{"taxonomy":"post_tag","embeddable":true,"href":"https:\/\/diariodominicano.com\/index.php?rest_route=%2Fwp%2Fv2%2Ftags&post=508985"}],"curies":[{"name":"wp","href":"https:\/\/api.w.org\/{rel}","templated":true}]}}