{"id":508967,"date":"2024-02-16T22:37:02","date_gmt":"2024-02-17T02:37:02","guid":{"rendered":"https:\/\/diariodominicano.com\/?p=508967"},"modified":"2024-02-16T22:39:19","modified_gmt":"2024-02-17T02:39:19","slug":"prm-cierra-campana-en-san-juan-de-la-maguana-porcella-celebra-clima-de-paz-y-respeto-entre-actores-politicos","status":"publish","type":"post","link":"https:\/\/diariodominicano.com\/?p=508967","title":{"rendered":"PRM cierra campa\u00f1a en San Juan de la Maguana; Porcella celebra clima de paz y respeto entre actores pol\u00edticos"},"content":{"rendered":"\n<p>SAN JUAN DE LA MAGUANA, RD. &#8211; En un ambiente de celebraci\u00f3n y sana alegr\u00eda, el Partido Revolucionario Moderno y sus candidatos locales encabezados por la actual alcaldesa Hanoi S\u00e1nchez, cerraron su campa\u00f1a municipal en San Juan de la Maguana durante una marcha caravana que recorri\u00f3 diversos sectores populares y comerciales del municipio.<\/p>\n\n\n\n<figure class=\"wp-block-image size-large\"><img loading=\"lazy\" decoding=\"async\" width=\"1024\" height=\"682\" src=\"https:\/\/diariodominicano.com\/wp-content\/uploads\/2024\/02\/1fb1da4a-56d8-4ca6-9aa6-7422fd035d31-1024x682.jpg\" alt=\"\" class=\"wp-image-508970\" srcset=\"https:\/\/diariodominicano.com\/wp-content\/uploads\/2024\/02\/1fb1da4a-56d8-4ca6-9aa6-7422fd035d31-1024x682.jpg 1024w, https:\/\/diariodominicano.com\/wp-content\/uploads\/2024\/02\/1fb1da4a-56d8-4ca6-9aa6-7422fd035d31-300x200.jpg 300w, https:\/\/diariodominicano.com\/wp-content\/uploads\/2024\/02\/1fb1da4a-56d8-4ca6-9aa6-7422fd035d31-768x512.jpg 768w, https:\/\/diariodominicano.com\/wp-content\/uploads\/2024\/02\/1fb1da4a-56d8-4ca6-9aa6-7422fd035d31-1536x1023.jpg 1536w, https:\/\/diariodominicano.com\/wp-content\/uploads\/2024\/02\/1fb1da4a-56d8-4ca6-9aa6-7422fd035d31-816x544.jpg 816w, https:\/\/diariodominicano.com\/wp-content\/uploads\/2024\/02\/1fb1da4a-56d8-4ca6-9aa6-7422fd035d31.jpg 1600w\" sizes=\"auto, (max-width: 1024px) 100vw, 1024px\" \/><\/figure>\n\n\n\n<figure class=\"wp-block-image size-large\"><img loading=\"lazy\" decoding=\"async\" width=\"1024\" height=\"682\" src=\"https:\/\/diariodominicano.com\/wp-content\/uploads\/2024\/02\/ec554ce6-b0b0-4051-aeb5-ed0c8095a080-1024x682.jpg\" alt=\"\" class=\"wp-image-508972\" srcset=\"https:\/\/diariodominicano.com\/wp-content\/uploads\/2024\/02\/ec554ce6-b0b0-4051-aeb5-ed0c8095a080-1024x682.jpg 1024w, https:\/\/diariodominicano.com\/wp-content\/uploads\/2024\/02\/ec554ce6-b0b0-4051-aeb5-ed0c8095a080-300x200.jpg 300w, https:\/\/diariodominicano.com\/wp-content\/uploads\/2024\/02\/ec554ce6-b0b0-4051-aeb5-ed0c8095a080-768x512.jpg 768w, https:\/\/diariodominicano.com\/wp-content\/uploads\/2024\/02\/ec554ce6-b0b0-4051-aeb5-ed0c8095a080-1536x1023.jpg 1536w, https:\/\/diariodominicano.com\/wp-content\/uploads\/2024\/02\/ec554ce6-b0b0-4051-aeb5-ed0c8095a080-816x544.jpg 816w, https:\/\/diariodominicano.com\/wp-content\/uploads\/2024\/02\/ec554ce6-b0b0-4051-aeb5-ed0c8095a080.jpg 1600w\" sizes=\"auto, (max-width: 1024px) 100vw, 1024px\" \/><\/figure>\n\n\n\n<p>Cumpliendo con los plazos de la Junta Central Electoral, los candidatos del PRM y partidos aliados recibieron hasta entrada la noche del jueves, una entusiasta acogida durante todo el trayecto recorrido, donde tambi\u00e9n participaron el candidato a vice alcalde Luis Zoquiel, &nbsp;los principales dirigentes provinciales de la organizaci\u00f3n y los enlaces designados por la direcci\u00f3n nacional, Ram\u00f3n Alburquerque y H\u00e9ctor Porcella.<\/p>\n\n\n\n<p>Al evaluar la \u00faltima actividad proselitista previa a las votaciones del pr\u00f3ximo domingo 18 de marzo, Porcella mostr\u00f3 su satisfacci\u00f3n por el notable repunte que ha podido percibir en la campa\u00f1a del PRM y aliados en los 6 municipios y los 18 distritos municipales.<\/p>\n\n\n\n<figure class=\"wp-block-image size-large\"><img loading=\"lazy\" decoding=\"async\" width=\"1024\" height=\"682\" src=\"https:\/\/diariodominicano.com\/wp-content\/uploads\/2024\/02\/e28fd7e8-60dc-4df8-8cf8-a6d50f8982c8-1024x682.jpg\" alt=\"\" class=\"wp-image-508973\" srcset=\"https:\/\/diariodominicano.com\/wp-content\/uploads\/2024\/02\/e28fd7e8-60dc-4df8-8cf8-a6d50f8982c8-1024x682.jpg 1024w, https:\/\/diariodominicano.com\/wp-content\/uploads\/2024\/02\/e28fd7e8-60dc-4df8-8cf8-a6d50f8982c8-300x200.jpg 300w, https:\/\/diariodominicano.com\/wp-content\/uploads\/2024\/02\/e28fd7e8-60dc-4df8-8cf8-a6d50f8982c8-768x512.jpg 768w, https:\/\/diariodominicano.com\/wp-content\/uploads\/2024\/02\/e28fd7e8-60dc-4df8-8cf8-a6d50f8982c8-1536x1023.jpg 1536w, https:\/\/diariodominicano.com\/wp-content\/uploads\/2024\/02\/e28fd7e8-60dc-4df8-8cf8-a6d50f8982c8-816x544.jpg 816w, https:\/\/diariodominicano.com\/wp-content\/uploads\/2024\/02\/e28fd7e8-60dc-4df8-8cf8-a6d50f8982c8.jpg 1600w\" sizes=\"auto, (max-width: 1024px) 100vw, 1024px\" \/><\/figure>\n\n\n\n<p>\u201cAhora estamos convencidos de que nuestros candidatos protagonizar\u00e1n una barrida hist\u00f3rica en la provincia San Juan, como antesala de lo que pasar\u00e1 con mayor contundencia en las elecciones presidenciales y legislativas del 19 de mayo\u201d, coment\u00f3 Porcella al concluir el recorrido realizado junto al ingeniero Alburquerque.<\/p>\n\n\n\n<figure class=\"wp-block-image size-large\"><img loading=\"lazy\" decoding=\"async\" width=\"1024\" height=\"683\" src=\"https:\/\/diariodominicano.com\/wp-content\/uploads\/2024\/02\/50ec77e7-dfcf-4e0b-a690-ca7c47813f03-1024x683.jpg\" alt=\"\" class=\"wp-image-508975\" srcset=\"https:\/\/diariodominicano.com\/wp-content\/uploads\/2024\/02\/50ec77e7-dfcf-4e0b-a690-ca7c47813f03-1024x683.jpg 1024w, https:\/\/diariodominicano.com\/wp-content\/uploads\/2024\/02\/50ec77e7-dfcf-4e0b-a690-ca7c47813f03-300x200.jpg 300w, https:\/\/diariodominicano.com\/wp-content\/uploads\/2024\/02\/50ec77e7-dfcf-4e0b-a690-ca7c47813f03-768x512.jpg 768w, https:\/\/diariodominicano.com\/wp-content\/uploads\/2024\/02\/50ec77e7-dfcf-4e0b-a690-ca7c47813f03-816x544.jpg 816w, https:\/\/diariodominicano.com\/wp-content\/uploads\/2024\/02\/50ec77e7-dfcf-4e0b-a690-ca7c47813f03.jpg 1280w\" sizes=\"auto, (max-width: 1024px) 100vw, 1024px\" \/><\/figure>\n\n\n\n<p>Porcella celebr\u00f3 que en la campa\u00f1a electoral de la provincia San Juan no se registrara ning\u00fan acto de violencia o confrontaci\u00f3n entre las fuerzas pol\u00edticas contendientes, lo que defini\u00f3 como un acto de madurez que habla muy bien de la democracia dominicana.<\/p>\n\n\n\n<p>Maggy Cury<\/p>\n\n\n\n<p><a target=\"_blank\" href=\"mailto:curymaggymf@gmail.com\" rel=\"noreferrer noopener\">curymaggymf@gmail.com<\/a><\/p>\n\n\n\n<p>16 de febrero, 2024<\/p>\n","protected":false},"excerpt":{"rendered":"<p>SAN JUAN DE LA MAGUANA, RD. &#8211; En un ambiente de celebraci\u00f3n y sana alegr\u00eda, el Partido Revolucionario Moderno y sus candidatos locales encabezados por la actual alcaldesa Hanoi S\u00e1nchez, cerraron su campa\u00f1a municipal en San Juan de la Maguana durante una marcha caravana que recorri\u00f3 diversos sectores populares y comerciales del municipio. Cumpliendo con [&hellip;]<\/p>\n","protected":false},"author":28,"featured_media":508968,"comment_status":"closed","ping_status":"","sticky":true,"template":"","format":"standard","meta":{"footnotes":""},"categories":[22,27],"tags":[],"class_list":["post-508967","post","type-post","status-publish","format-standard","has-post-thumbnail","hentry","category-politica","category-portada"],"_links":{"self":[{"href":"https:\/\/diariodominicano.com\/index.php?rest_route=\/wp\/v2\/posts\/508967","targetHints":{"allow":["GET"]}}],"collection":[{"href":"https:\/\/diariodominicano.com\/index.php?rest_route=\/wp\/v2\/posts"}],"about":[{"href":"https:\/\/diariodominicano.com\/index.php?rest_route=\/wp\/v2\/types\/post"}],"author":[{"embeddable":true,"href":"https:\/\/diariodominicano.com\/index.php?rest_route=\/wp\/v2\/users\/28"}],"replies":[{"embeddable":true,"href":"https:\/\/diariodominicano.com\/index.php?rest_route=%2Fwp%2Fv2%2Fcomments&post=508967"}],"version-history":[{"count":4,"href":"https:\/\/diariodominicano.com\/index.php?rest_route=\/wp\/v2\/posts\/508967\/revisions"}],"predecessor-version":[{"id":508976,"href":"https:\/\/diariodominicano.com\/index.php?rest_route=\/wp\/v2\/posts\/508967\/revisions\/508976"}],"wp:featuredmedia":[{"embeddable":true,"href":"https:\/\/diariodominicano.com\/index.php?rest_route=\/wp\/v2\/media\/508968"}],"wp:attachment":[{"href":"https:\/\/diariodominicano.com\/index.php?rest_route=%2Fwp%2Fv2%2Fmedia&parent=508967"}],"wp:term":[{"taxonomy":"category","embeddable":true,"href":"https:\/\/diariodominicano.com\/index.php?rest_route=%2Fwp%2Fv2%2Fcategories&post=508967"},{"taxonomy":"post_tag","embeddable":true,"href":"https:\/\/diariodominicano.com\/index.php?rest_route=%2Fwp%2Fv2%2Ftags&post=508967"}],"curies":[{"name":"wp","href":"https:\/\/api.w.org\/{rel}","templated":true}]}}