{"id":508964,"date":"2024-02-16T22:33:27","date_gmt":"2024-02-17T02:33:27","guid":{"rendered":"https:\/\/diariodominicano.com\/?p=508964"},"modified":"2024-02-16T22:33:27","modified_gmt":"2024-02-17T02:33:27","slug":"danilo-medina-recibe-visita-de-cortesia-de-los-ex-presidentes-andres-pastrana-yamil-mahuad-de-colombia-y-ecuador-respectivamente","status":"publish","type":"post","link":"https:\/\/diariodominicano.com\/?p=508964","title":{"rendered":"Danilo Medina recibe visita de cortes\u00eda de los ex Presidentes\u00a0Andr\u00e9s Pastrana, Yamil Mahuad de Colombia y Ecuador\u00a0respectivamente"},"content":{"rendered":"\n<p><strong>El ex presidente de la Rep\u00fablica, Danilo Medina, presidente del Partido de la Liberaci\u00f3n Dominicana (PLD),<\/strong>&nbsp;recibi\u00f3 en el despacho de la Presidencia pelede\u00edsta a Andr\u00e9s Pastrana y a&nbsp;<strong>Yamil Mahuad, ex presidentes de Colombia y Ecuador<\/strong>&nbsp;respectivamente.<\/p>\n\n\n\n<p>Los ex mandatarios suramericanos visitaron la sede del PLD junto Celso Juan Marranzini y C\u00e9sar Dargam, presidente y vicepresidente ejecutivo del Consejo Nacional de Empresas Privadas (CONEP).<\/p>\n\n\n\n<p>Danilo Medina estuvo acompa\u00f1ado del Secretario General del PLD, Charles Mariotti.<\/p>\n\n\n\n<p><strong>SECRETARIA DE COMUNICACIONES<\/strong><\/p>\n\n\n\n<p><strong>16 DE FEBRERO, 2024.-<\/strong><\/p>\n\n\n\n<p><\/p>\n","protected":false},"excerpt":{"rendered":"<p>El ex presidente de la Rep\u00fablica, Danilo Medina, presidente del Partido de la Liberaci\u00f3n Dominicana (PLD),&nbsp;recibi\u00f3 en el despacho de la Presidencia pelede\u00edsta a Andr\u00e9s Pastrana y a&nbsp;Yamil Mahuad, ex presidentes de Colombia y Ecuador&nbsp;respectivamente. Los ex mandatarios suramericanos visitaron la sede del PLD junto Celso Juan Marranzini y C\u00e9sar Dargam, presidente y vicepresidente ejecutivo [&hellip;]<\/p>\n","protected":false},"author":28,"featured_media":508965,"comment_status":"closed","ping_status":"","sticky":true,"template":"","format":"standard","meta":{"footnotes":""},"categories":[20,22,27],"tags":[],"class_list":["post-508964","post","type-post","status-publish","format-standard","has-post-thumbnail","hentry","category-dominicana-hoy","category-politica","category-portada"],"_links":{"self":[{"href":"https:\/\/diariodominicano.com\/index.php?rest_route=\/wp\/v2\/posts\/508964","targetHints":{"allow":["GET"]}}],"collection":[{"href":"https:\/\/diariodominicano.com\/index.php?rest_route=\/wp\/v2\/posts"}],"about":[{"href":"https:\/\/diariodominicano.com\/index.php?rest_route=\/wp\/v2\/types\/post"}],"author":[{"embeddable":true,"href":"https:\/\/diariodominicano.com\/index.php?rest_route=\/wp\/v2\/users\/28"}],"replies":[{"embeddable":true,"href":"https:\/\/diariodominicano.com\/index.php?rest_route=%2Fwp%2Fv2%2Fcomments&post=508964"}],"version-history":[{"count":1,"href":"https:\/\/diariodominicano.com\/index.php?rest_route=\/wp\/v2\/posts\/508964\/revisions"}],"predecessor-version":[{"id":508966,"href":"https:\/\/diariodominicano.com\/index.php?rest_route=\/wp\/v2\/posts\/508964\/revisions\/508966"}],"wp:featuredmedia":[{"embeddable":true,"href":"https:\/\/diariodominicano.com\/index.php?rest_route=\/wp\/v2\/media\/508965"}],"wp:attachment":[{"href":"https:\/\/diariodominicano.com\/index.php?rest_route=%2Fwp%2Fv2%2Fmedia&parent=508964"}],"wp:term":[{"taxonomy":"category","embeddable":true,"href":"https:\/\/diariodominicano.com\/index.php?rest_route=%2Fwp%2Fv2%2Fcategories&post=508964"},{"taxonomy":"post_tag","embeddable":true,"href":"https:\/\/diariodominicano.com\/index.php?rest_route=%2Fwp%2Fv2%2Ftags&post=508964"}],"curies":[{"name":"wp","href":"https:\/\/api.w.org\/{rel}","templated":true}]}}