{"id":508957,"date":"2024-02-16T22:22:59","date_gmt":"2024-02-17T02:22:59","guid":{"rendered":"https:\/\/diariodominicano.com\/?p=508957"},"modified":"2024-02-16T22:24:08","modified_gmt":"2024-02-17T02:24:08","slug":"yermenos-forastieri-dice-tse-tutelo-derechos-fundamentales-en-listas-de-candidaturas-ordenando-readecuar-boletas-electorales-en-algunos-municipios","status":"publish","type":"post","link":"https:\/\/diariodominicano.com\/?p=508957","title":{"rendered":"Yermenos Forastieri dice TSE tutel\u00f3 derechos fundamentales en listas de candidaturas, ordenando readecuar boletas electorales en algunos municipios"},"content":{"rendered":"\n<p>Pedro Pablo Yermenos Forastieri<\/p>\n\n\n\n<p><strong>Santo Domingo.\u00a0<\/strong>-El juez titular del Tribunal Superior Electoral, Pedro Pablo Yermenos Forastieri, asegur\u00f3 que esa Alta\u00a0Corte ha tutelado derechos fundamentales en la elaboraci\u00f3n de listas de candidaturas a cargos de elecci\u00f3n popular a prop\u00f3sito de las elecciones municipales a ser celebradas el pr\u00f3ximo domingo 18 de febrero. Entre esos derechos est\u00e1n el de elegir y ser elegible; el de Pro participaci\u00f3n y el de Pro actione.<\/p>\n\n\n\n<figure class=\"wp-block-image size-large\"><img loading=\"lazy\" decoding=\"async\" width=\"1024\" height=\"683\" src=\"https:\/\/diariodominicano.com\/wp-content\/uploads\/2024\/02\/IMG-20240216-WA0004-1024x683.jpg\" alt=\"\" class=\"wp-image-508959\" srcset=\"https:\/\/diariodominicano.com\/wp-content\/uploads\/2024\/02\/IMG-20240216-WA0004-1024x683.jpg 1024w, https:\/\/diariodominicano.com\/wp-content\/uploads\/2024\/02\/IMG-20240216-WA0004-300x200.jpg 300w, https:\/\/diariodominicano.com\/wp-content\/uploads\/2024\/02\/IMG-20240216-WA0004-768x512.jpg 768w, https:\/\/diariodominicano.com\/wp-content\/uploads\/2024\/02\/IMG-20240216-WA0004-1536x1024.jpg 1536w, https:\/\/diariodominicano.com\/wp-content\/uploads\/2024\/02\/IMG-20240216-WA0004-2048x1365.jpg 2048w, https:\/\/diariodominicano.com\/wp-content\/uploads\/2024\/02\/IMG-20240216-WA0004-816x544.jpg 816w\" sizes=\"auto, (max-width: 1024px) 100vw, 1024px\" \/><\/figure>\n\n\n\n<p> Dijo  que la jurisdicci\u00f3n electoral orden\u00f3 readecuar\u00a0 boletas electorales en algunos municipios para que se respetara la cuota de g\u00e9nero, as\u00ed como los derechos de participaci\u00f3n legalmente obtenidos en los distintos procesos de elecci\u00f3n de candidaturas a lo interno de las organizaciones pol\u00edticas.<\/p>\n\n\n\n<p>Al dictar la conferencia titulada<strong>&nbsp;\u201cJusticia Contenciosa Electoral\u201d,&nbsp;<\/strong>dentro de la Jornada de conferencias preparada por la Junta Central Electoral como parte del programa de actividades para las misiones de observaci\u00f3n electoral internacional que se encuentran en el pa\u00eds, dijo que el TSE restaur\u00f3&nbsp;derechos de candidatos que ganaron procesos internos y fueron sustituidos ilegalmente en las propuestas.<\/p>\n\n\n\n<p>Cit\u00f3 una serie de derechos preservados por el TSE en las acciones jurisdiccionales incoadas en relaci\u00f3n con el certamen electoral que se aproxima. Entre dichas prerrogativas, se\u00f1al\u00f3 \u201cla Presunci\u00f3n de inocencia\u201d de candidaturas con denuncias penales sin ni siquiera estar abierto un proceso ante el Ministerio P\u00fablico ni mucho menos haberse dictado sentencias definitivas e irrevocables. En este aspecto, puso como ejemplo la sentencia TSE\/0012\/2024\u201d.<\/p>\n\n\n\n<figure class=\"wp-block-image size-large\"><img loading=\"lazy\" decoding=\"async\" width=\"1024\" height=\"683\" src=\"https:\/\/diariodominicano.com\/wp-content\/uploads\/2024\/02\/IMG-20240216-WA0006-1024x683.jpg\" alt=\"\" class=\"wp-image-508960\" srcset=\"https:\/\/diariodominicano.com\/wp-content\/uploads\/2024\/02\/IMG-20240216-WA0006-1024x683.jpg 1024w, https:\/\/diariodominicano.com\/wp-content\/uploads\/2024\/02\/IMG-20240216-WA0006-300x200.jpg 300w, https:\/\/diariodominicano.com\/wp-content\/uploads\/2024\/02\/IMG-20240216-WA0006-768x512.jpg 768w, https:\/\/diariodominicano.com\/wp-content\/uploads\/2024\/02\/IMG-20240216-WA0006-1536x1024.jpg 1536w, https:\/\/diariodominicano.com\/wp-content\/uploads\/2024\/02\/IMG-20240216-WA0006-2048x1365.jpg 2048w, https:\/\/diariodominicano.com\/wp-content\/uploads\/2024\/02\/IMG-20240216-WA0006-816x544.jpg 816w\" sizes=\"auto, (max-width: 1024px) 100vw, 1024px\" \/><\/figure>\n\n\n\n<p><strong>Pedro Pablo Yermenos Forastieri<\/strong><\/p>\n\n\n\n<p>En la conferencia dictada en el Hotel Embassy Suites by Hilton, dijo que pruebas de la aplicaci\u00f3n del principio Pro actione para acceder a la justicia electoral, son los casos en los que, a pesar de haber transcurrido un tiempo suficiente despu\u00e9s de haberse dictado las resoluciones de las juntas electorales, no exist\u00eda constancia de notificaci\u00f3n del acto impugnado, por lo que el plazo se considera abierto para la interposici\u00f3n del recurso correspondiente, siendo ese elemento el fundamento para admitir en la forma los recursos incoados.<\/p>\n\n\n\n<p>Sostuvo que en lo atinente al principio Pro participaci\u00f3n,&nbsp;el Tribunal lo aplic\u00f3 de manera particular en decisiones de juntas electorales que no otorgaron a las candidaturas objetadas un plazo para subsanar los errores de sus propuestas, como era su deber.<\/p>\n\n\n\n<p>De igual forma, adujo que el TSE tutel\u00f3 el derecho a la informaci\u00f3n p\u00fablica, espec\u00edficamente respecto a precandidatos para obtener&nbsp;informaciones de fichas t\u00e9cnicas que sustentaron encuestas como m\u00e9todo de selecci\u00f3n de candidaturas.<\/p>\n\n\n\n<p>El magistrado Yermenos Forastieri explic\u00f3 que esas disposiciones fueron adoptadas&nbsp; durante el conocimiento de expedientes derivados de la conflictividad surgida en los procesos de selecci\u00f3n e &nbsp;inscripci\u00f3n de candidaturas a cargos de elecci\u00f3n popular.<\/p>\n\n\n\n<p>El juez electoral resalt\u00f3 la gran cantidad de sentencias emitidas por el TSE en el per\u00edodo previo a las elecciones del domingo 18 de febrero, lo cual, contribuy\u00f3 a que la JCE pudiera imprimir las boletas electorales dentro del plazo previsto en la calendarizaci\u00f3n elaborada a esos fines.<\/p>\n\n\n\n<p>Al final de su conferencia, el magistrado Yermenos Forastieri resalt\u00f3 la excelente relaci\u00f3n existente entre la JCE y el TSE, lo que ha contribuido a la agilizaci\u00f3n de los procesos durante este per\u00edodo decisivo, traduci\u00e9ndose eso en un beneficio intangible para la democracia dominicana y la institucionalidad del pa\u00eds. Asegur\u00f3 que esa caracter\u00edstica trascendente se preservar\u00e1 durante \u00a0los procesos electorales llamados a celebrarse durante este a\u00f1o, lo que debe llevar tranquilidad, tanto a los actores pol\u00edticos del sistema, como a toda la sociedad.<\/p>\n\n\n\n<p>tserdprensa@gmail.com<\/p>\n","protected":false},"excerpt":{"rendered":"<p>Pedro Pablo Yermenos Forastieri Santo Domingo.\u00a0-El juez titular del Tribunal Superior Electoral, Pedro Pablo Yermenos Forastieri, asegur\u00f3 que esa Alta\u00a0Corte ha tutelado derechos fundamentales en la elaboraci\u00f3n de listas de candidaturas a cargos de elecci\u00f3n popular a prop\u00f3sito de las elecciones municipales a ser celebradas el pr\u00f3ximo domingo 18 de febrero. Entre esos derechos est\u00e1n [&hellip;]<\/p>\n","protected":false},"author":28,"featured_media":508958,"comment_status":"closed","ping_status":"","sticky":true,"template":"","format":"standard","meta":{"footnotes":""},"categories":[24,22,27],"tags":[],"class_list":["post-508957","post","type-post","status-publish","format-standard","has-post-thumbnail","hentry","category-justicia-y-derecho","category-politica","category-portada"],"_links":{"self":[{"href":"https:\/\/diariodominicano.com\/index.php?rest_route=\/wp\/v2\/posts\/508957","targetHints":{"allow":["GET"]}}],"collection":[{"href":"https:\/\/diariodominicano.com\/index.php?rest_route=\/wp\/v2\/posts"}],"about":[{"href":"https:\/\/diariodominicano.com\/index.php?rest_route=\/wp\/v2\/types\/post"}],"author":[{"embeddable":true,"href":"https:\/\/diariodominicano.com\/index.php?rest_route=\/wp\/v2\/users\/28"}],"replies":[{"embeddable":true,"href":"https:\/\/diariodominicano.com\/index.php?rest_route=%2Fwp%2Fv2%2Fcomments&post=508957"}],"version-history":[{"count":3,"href":"https:\/\/diariodominicano.com\/index.php?rest_route=\/wp\/v2\/posts\/508957\/revisions"}],"predecessor-version":[{"id":508963,"href":"https:\/\/diariodominicano.com\/index.php?rest_route=\/wp\/v2\/posts\/508957\/revisions\/508963"}],"wp:featuredmedia":[{"embeddable":true,"href":"https:\/\/diariodominicano.com\/index.php?rest_route=\/wp\/v2\/media\/508958"}],"wp:attachment":[{"href":"https:\/\/diariodominicano.com\/index.php?rest_route=%2Fwp%2Fv2%2Fmedia&parent=508957"}],"wp:term":[{"taxonomy":"category","embeddable":true,"href":"https:\/\/diariodominicano.com\/index.php?rest_route=%2Fwp%2Fv2%2Fcategories&post=508957"},{"taxonomy":"post_tag","embeddable":true,"href":"https:\/\/diariodominicano.com\/index.php?rest_route=%2Fwp%2Fv2%2Ftags&post=508957"}],"curies":[{"name":"wp","href":"https:\/\/api.w.org\/{rel}","templated":true}]}}