{"id":50895,"date":"2020-08-07T21:52:42","date_gmt":"2020-08-07T21:52:42","guid":{"rendered":"http:\/\/diariodominicano.ddns.net\/?p=50895"},"modified":"2020-08-07T21:52:42","modified_gmt":"2020-08-07T21:52:42","slug":"oscar-abreu-anuncia-la-apertura-de-una-nueva-galeria-de-arte-en-punta-cana","status":"publish","type":"post","link":"https:\/\/diariodominicano.com\/?p=50895","title":{"rendered":"Oscar Abreu anuncia la apertura de una nueva galer\u00eda de arte en Punta Cana"},"content":{"rendered":"<p><body><\/p>\n<p><img decoding=\"async\" src=\"img3\/abreu1.jpg\" \/><br \/><img decoding=\"async\" src=\"img3\/abreu 2.JPG\" \/><br \/><img decoding=\"async\" src=\"img3\/abreu11.JPG\" \/>  <\/p>\n<p><strong>Diariodominicano.com<\/strong><\/p>\n<p><strong>Oscar Abreu anuncia la apertura de una nueva galer\u00eda de arte en Punta Cana<\/strong><\/p>\n<p><strong>Punta Cana.<\/strong>&#8211; El reconocido artista dominicano Oscar Abreu, anunci\u00f3 la apertura de una nueva galer\u00eda de arte que llevar\u00e1 como nombre Artworks, en la ex\u00f3tica plaza comercial Blue Mall de Punta Cana.<\/p>\n<p>La apertura est\u00e1 pautada para el pr\u00f3ximo 26 de agosto a las 2:00 de la tarde, en un encuentro con la prensa y con invitados internacionales, donde se tomar\u00e1n todas las medidas de seguridad y el protocolo de lugar con relaci\u00f3n al Covid 19.<\/p>\n<p>El objetivo de Artworks como nuevo espacio, es que el arte contempor\u00e1neo dominicano cuente con un lugar de expansi\u00f3n en el destino tur\u00edstico m\u00e1s importante del Caribe.<\/p>\n<p>Los visitantes de Artworks, podr\u00e1n disfrutar de una maravillosa experiencia y, sobre todo, convertirse en receptores del Psico-expresionismo de Abreu, en una colecci\u00f3n in\u00e9dita que ha preparado celosamente el artista para esta apertura titulada \u00abMemoria de la incertidumbre\u00bb.<\/p>\n<p>Con esa exposici\u00f3n, Abreu le da formal bienvenida a la Administraci\u00f3n del presidente de la Rep\u00fablica Dominicana, Luis Abinader, \u00abde quien esperamos todo el respaldo para seguir trabajando con entusiasmo con el fin de fomentar el turismo cultural de la regi\u00f3n, el que debido a la crisis sanitaria actual,  ha sido uno de los m\u00e1s afectados\u00bb. <\/p>\n<p>Abreu, sin embargo, apunt\u00f3 que a pesar de ello, \u00ablos artistas tenemos que reinventarnos continuamente para poder manifestar y expresar nuestras propuestas incluso en las circunstancias m\u00e1s adversas\u00bb.<\/p>\n<p>Esta magistral colecci\u00f3n de dibujos y esculturas de Oscar Abreu permanecer\u00e1 en exhibici\u00f3n para el p\u00fablico en los horarios de Blue Mall Punta Cana hasta el 28 de octubre del 2020. <\/p>\n<p>Abreu es considerado como el artista m\u00e1s exclusivo y din\u00e1mico del entramado cultural de la Rep\u00fablica Dominicana. Cuenta con m\u00e1s de 35 exposiciones individuales a nivel internacional y es uno de los tres artistas dominicanos m\u00e1s altamente cotizado e influyente. <\/p>\n<p>Es fundador y director de Artforo, feria internacional de arte contempor\u00e1neo, y de la revista Artforo, ambos eventos ponderados como importantes y beneficiosos para el arte y la cultura dominicana. <\/p>\n<p>El historiador y cr\u00edtico de arte C\u00e1ndido Ger\u00f3n se\u00f1ala sobre Oscar Abreu que \u00aben este artista no existe la fatiga, aun cuando trabaja a toda hora, todos los d\u00edas, en cualquier pa\u00eds y estaci\u00f3n. De modo que en cada obra se plantea el reto y la formaci\u00f3n de una obra espectacular y fant\u00e1stica\u00bb. <\/p>\n<p>Blue Mall Punta Cana es una corporaci\u00f3n empresarial que la conforman los empresarios Frank Rainieri y Luis Emilio Velutini.<\/p>\n<\/p>\n<\/p>\n<h6> 2020-08-07 21:52:42 <\/h6>\n<p><!--\n<link rel=\"stylesheet\" href=\"css\/bootstrap.min.css\">\n\n\n<ul class=\"pagination\">\n\t    \n\t\n\n<li >\n\t<a href='?page_no=338'>Previous<\/a>\n\t<\/li>\n\n\n       \n    \n\n<li><a href='?page_no=1'>1<\/a><\/li>\n\n\n\n<li><a href='?page_no=2'>2<\/a><\/li>\n\n\n\n<li><a>...<\/a><\/li>\n\n\n\n<li><a href='?page_no=337'>337<\/a><\/li>\n\n\n\n<li><a href='?page_no=338'>338<\/a><\/li>\n\n\n\n<li class='active'><a>339<\/a><\/li>\n\n\n\n<li><a href='?page_no=340'>340<\/a><\/li>\n\n\n\n<li><a href='?page_no=341'>341<\/a><\/li>\n\n\n\n<li><a>...<\/a><\/li>\n\n\n\n<li><a href='?page_no=22911'>22911<\/a><\/li>\n\n\n\n<li><a href='?page_no=22912'>22912<\/a><\/li>\n\n    \n\t\n\n<li >\n\t<a href='?page_no=340'>Next<\/a>\n\t<\/li>\n\n\n    \n\n<li><a href='?page_no=22912'>Last &rsaquo;&rsaquo;<\/a><\/li>\n\n<\/ul>\n\n\n--><br \/>\n<\/body><\/p>\n","protected":false},"excerpt":{"rendered":"<p>Diariodominicano.com Oscar Abreu anuncia la apertura de una nueva galer\u00eda de arte en Punta Cana Punta Cana.&#8211; El reconocido artista dominicano Oscar Abreu, anunci\u00f3 la apertura de una nueva galer\u00eda de arte que llevar\u00e1 como nombre Artworks, en la ex\u00f3tica plaza comercial Blue Mall de Punta Cana. La apertura est\u00e1 pautada para el pr\u00f3ximo 26 [&hellip;]<\/p>\n","protected":false},"author":3,"featured_media":0,"comment_status":"open","ping_status":"open","sticky":false,"template":"","format":"standard","meta":{"footnotes":""},"categories":[21],"tags":[],"class_list":["post-50895","post","type-post","status-publish","format-standard","hentry","category-cultura"],"_links":{"self":[{"href":"https:\/\/diariodominicano.com\/index.php?rest_route=\/wp\/v2\/posts\/50895","targetHints":{"allow":["GET"]}}],"collection":[{"href":"https:\/\/diariodominicano.com\/index.php?rest_route=\/wp\/v2\/posts"}],"about":[{"href":"https:\/\/diariodominicano.com\/index.php?rest_route=\/wp\/v2\/types\/post"}],"author":[{"embeddable":true,"href":"https:\/\/diariodominicano.com\/index.php?rest_route=\/wp\/v2\/users\/3"}],"replies":[{"embeddable":true,"href":"https:\/\/diariodominicano.com\/index.php?rest_route=%2Fwp%2Fv2%2Fcomments&post=50895"}],"version-history":[{"count":0,"href":"https:\/\/diariodominicano.com\/index.php?rest_route=\/wp\/v2\/posts\/50895\/revisions"}],"wp:attachment":[{"href":"https:\/\/diariodominicano.com\/index.php?rest_route=%2Fwp%2Fv2%2Fmedia&parent=50895"}],"wp:term":[{"taxonomy":"category","embeddable":true,"href":"https:\/\/diariodominicano.com\/index.php?rest_route=%2Fwp%2Fv2%2Fcategories&post=50895"},{"taxonomy":"post_tag","embeddable":true,"href":"https:\/\/diariodominicano.com\/index.php?rest_route=%2Fwp%2Fv2%2Ftags&post=50895"}],"curies":[{"name":"wp","href":"https:\/\/api.w.org\/{rel}","templated":true}]}}