{"id":508744,"date":"2024-02-15T23:49:56","date_gmt":"2024-02-16T03:49:56","guid":{"rendered":"https:\/\/diariodominicano.com\/?p=508744"},"modified":"2024-02-15T23:49:56","modified_gmt":"2024-02-16T03:49:56","slug":"candidato-a-regidor-fuerza-del-pueblo-ruddy-castro-promete-crear-buzon-de-propuestas-para-municipes-sde","status":"publish","type":"post","link":"https:\/\/diariodominicano.com\/?p=508744","title":{"rendered":"Candidato a Regidor Fuerza del Pueblo Ruddy Castro promete crear buz\u00f3n de propuestas para mun\u00edcipes SDE"},"content":{"rendered":"\n<p>Ruddy Castro<\/p>\n\n\n\n<p>El\u00a0 candidato a Regidor por la Fuerza del Pueblo en Santo Domingo Este,\u00a0 Ruddy Castro, prometi\u00f3 establecer un mecanismo para insertar a la poblaci\u00f3n en la b\u00fasqueda de soluciones a los problemas y necesidades del municipio.<\/p>\n\n\n\n<p><\/p>\n\n\n\n<p>Al efecto, Castro anunci\u00f3 que tan pronto llegue a ser parte del Consejo de Regidores, impulsar\u00e1,&nbsp; implementar\u00e1 la creaci\u00f3n de un buz\u00f3n de propuestas municipales,&nbsp; para que los mun\u00edcipes puedan plantear cosas puntuales sobre las necesidades, o algunas falencias o debilidades de los distintos sectores de SDE.<\/p>\n\n\n\n<p>No se trata&#8211;explica\u2014de un buz\u00f3n de sugerencias, sino un mecanismo, una brecha para que el ciudadano pueda canalizar inquietudes acerca de la vida municipal.<\/p>\n\n\n\n<p>Castro, quien ya fue regidor en el periodo 2016-2020, se\u00f1ala que se tratar\u00eda de una alternativa, ya que el ciudadano no tiene prerrogativas para presentar propuestas espec\u00edficas ante el Consejo de Regidores, lo que solo compete a los regidores y regidoras.<\/p>\n\n\n\n<p>Agrega que el buz\u00f3n de propuestas les dar\u00e1 a los mun\u00edcipes la facilidad, una brecha para canalizar sus inquietudes.&nbsp;<\/p>\n\n\n\n<p>De esa manera\u2014precis\u00f3\u2014la gente tendr\u00e1 acceso, un mecanismo para hacer llegar, poner en manos del Consejo de Regidores cosas puntuables sobre las necesidades o algunas falencias y debilidades en determinados sectores del municipio,<\/p>\n\n\n\n<p>El candidato a regidor de la Fuerza del Pueblo en representaci\u00f3n de la Circunscripci\u00f3n Uno, subray\u00f3 que con el buz\u00f3n de propuestas que implementar\u00e1 tan pronto asuma una bancada en el Consejo de Regidores, como est\u00e1 seguro lo lograr\u00e1 en los comicios del domingo, procura crear un mecanismo para que el ciudadano sea un auxiliar de los ediles, que son en definitiva los que aprueban&nbsp; las normativas y resoluciones.<\/p>\n\n\n\n<p>Ruddy Castro expres\u00f3 que adem\u00e1s del Buz\u00f3n de Propuestas, tiene en su carpeta de trabajo otras iniciativas, programas y proyectos para afrontar problemas como el de los desechos s\u00f3lidos, la movilidad, el transporte, la seguridad, la limpieza, servicios b\u00e1sicos, en general acerca de necesidades del municipio en \u00e1reas puntuales.<\/p>\n\n\n\n<p>jose antonio vargas gerrero<\/p>\n\n\n\n<p><a target=\"_blank\" href=\"mailto:jvargas6481@gmail.com\" rel=\"noreferrer noopener\">jvargas6481@gmail.com<\/a><\/p>\n","protected":false},"excerpt":{"rendered":"<p>Ruddy Castro El\u00a0 candidato a Regidor por la Fuerza del Pueblo en Santo Domingo Este,\u00a0 Ruddy Castro, prometi\u00f3 establecer un mecanismo para insertar a la poblaci\u00f3n en la b\u00fasqueda de soluciones a los problemas y necesidades del municipio. Al efecto, Castro anunci\u00f3 que tan pronto llegue a ser parte del Consejo de Regidores, impulsar\u00e1,&nbsp; implementar\u00e1 [&hellip;]<\/p>\n","protected":false},"author":28,"featured_media":508745,"comment_status":"closed","ping_status":"","sticky":false,"template":"","format":"standard","meta":{"footnotes":""},"categories":[22],"tags":[],"class_list":["post-508744","post","type-post","status-publish","format-standard","has-post-thumbnail","hentry","category-politica"],"_links":{"self":[{"href":"https:\/\/diariodominicano.com\/index.php?rest_route=\/wp\/v2\/posts\/508744","targetHints":{"allow":["GET"]}}],"collection":[{"href":"https:\/\/diariodominicano.com\/index.php?rest_route=\/wp\/v2\/posts"}],"about":[{"href":"https:\/\/diariodominicano.com\/index.php?rest_route=\/wp\/v2\/types\/post"}],"author":[{"embeddable":true,"href":"https:\/\/diariodominicano.com\/index.php?rest_route=\/wp\/v2\/users\/28"}],"replies":[{"embeddable":true,"href":"https:\/\/diariodominicano.com\/index.php?rest_route=%2Fwp%2Fv2%2Fcomments&post=508744"}],"version-history":[{"count":1,"href":"https:\/\/diariodominicano.com\/index.php?rest_route=\/wp\/v2\/posts\/508744\/revisions"}],"predecessor-version":[{"id":508746,"href":"https:\/\/diariodominicano.com\/index.php?rest_route=\/wp\/v2\/posts\/508744\/revisions\/508746"}],"wp:featuredmedia":[{"embeddable":true,"href":"https:\/\/diariodominicano.com\/index.php?rest_route=\/wp\/v2\/media\/508745"}],"wp:attachment":[{"href":"https:\/\/diariodominicano.com\/index.php?rest_route=%2Fwp%2Fv2%2Fmedia&parent=508744"}],"wp:term":[{"taxonomy":"category","embeddable":true,"href":"https:\/\/diariodominicano.com\/index.php?rest_route=%2Fwp%2Fv2%2Fcategories&post=508744"},{"taxonomy":"post_tag","embeddable":true,"href":"https:\/\/diariodominicano.com\/index.php?rest_route=%2Fwp%2Fv2%2Ftags&post=508744"}],"curies":[{"name":"wp","href":"https:\/\/api.w.org\/{rel}","templated":true}]}}