{"id":508742,"date":"2024-02-15T23:38:17","date_gmt":"2024-02-16T03:38:17","guid":{"rendered":"https:\/\/diariodominicano.com\/?p=508742"},"modified":"2024-02-15T23:38:17","modified_gmt":"2024-02-16T03:38:17","slug":"betty-geronimo-busca-convertirse-en-la-primera-alcaldesa-de-santo-domingo-norte","status":"publish","type":"post","link":"https:\/\/diariodominicano.com\/?p=508742","title":{"rendered":"Betty Ger\u00f3nimo busca convertirse en la primera alcaldesa de Santo Domingo Norte"},"content":{"rendered":"\n<p><strong><em>Ger\u00f3nimo manifest\u00f3 que falta poco para sellar la victoria y confirmar que la mayor\u00eda quiere y necesita que Santo Domingo Norte transite por un nuevo norte de desarrollo y prosperidad en beneficio de todos.<\/em><\/strong><\/p>\n\n\n\n<p><strong>Santo Domingo Norte.-&nbsp;<\/strong>Betty Ger\u00f3nimo, candidata para la alcald\u00eda del municipio Santo Domingo Norte por el Partido Revolucionario Moderno (PRM), pidi\u00f3 a los mun\u00edcipes de esa demarcaci\u00f3n votar por ella en las elecciones del pr\u00f3ximo domingo para trabajar por una ciudad m\u00e1s humana, cercana e inclusiva.<\/p>\n\n\n\n<p>Ger\u00f3nimo manifest\u00f3 que falta poco para sellar la victoria y confirmar que la mayor\u00eda quiere y necesita que Santo Domingo Norte transite por un nuevo norte de desarrollo y prosperidad en beneficio de todos.<\/p>\n\n\n\n<p>\u201cEstamos trabajando arduamente para convertirnos en la primera alcaldesa de Santo Domingo Norte para desde la alcald\u00eda construir un Santo Domingo Norte m\u00e1s inclusivo, cercano, ordenado y m\u00e1s humano. Donde la gente pueda sentirse m\u00e1s segura y con mayores oportunidades de empleo, educaci\u00f3n y desarrollo\u201d asever\u00f3 Ger\u00f3nimo.<\/p>\n\n\n\n<p>Ger\u00f3nimo manifest\u00f3 que como pol\u00edtica, mujer y madre entiende que es tiempo de demostrar en el terreno de los hechos \u201cque existimos en este pa\u00eds quienes todav\u00eda creemos en la democracia, en la participaci\u00f3n inclusiva y en la \u00e9tica de la funci\u00f3n p\u00fablica como lo hemos demostrado como legisladora y lo continuaremos haciendo como alcaldesa\u201d.<\/p>\n\n\n\n<p>La candidata del PRM explic\u00f3 que dentro de los ejes principales de su propuesta est\u00e1 sustentada sobre los pilares de transparencia, eficiencia del servicio, inclusi\u00f3n social, identidad cultural y compromiso c\u00edvico, en busca de priorizar dentro del gobierno local el empleo, la educaci\u00f3n y la salud.<\/p>\n\n\n\n<p>La dirigente perreme\u00edsta centrar\u00e1 su gesti\u00f3n en poner orden al tr\u00e1nsito en las v\u00edas urbanas; ordenamiento del territorio; instalaci\u00f3n del alumbrado p\u00fablico; construcci\u00f3n y gesti\u00f3n de mataderos, mercados y ferias; construcci\u00f3n y gesti\u00f3n de cementerios y servicios funerarios; prevenci\u00f3n del patrimonio hist\u00f3rico y cultural del municipio. Asimismo promover\u00e1 alianzas con el sector privado para organizar el municipio y aprovechar mejor su crecimiento. Asimismo la construcci\u00f3n de un mercado municipal y un cementerio donde pueda d\u00e1rsele una \u00faltima morada digna a los seres queridos.<\/p>\n\n\n\n<p>Dijo que unos de sus compromisos son la reapertura de las escuelas laborales donde los j\u00f3venes y adultos puedan aprender un oficio a trav\u00e9s de formaciones tales como el dise\u00f1o y confecci\u00f3n de vestimentas, carpinter\u00eda, serigraf\u00eda e impresos, construcci\u00f3n de inversores, fabricaci\u00f3n de instrumentos musicales, sublimaci\u00f3n, entre otros.<\/p>\n\n\n\n<p>A\u00f1adi\u00f3 que igualmente tiene dentro de sus planes la construcci\u00f3n de salas de tarea y cuidados para ni\u00f1os y envejecientes, para brindar la oportunidad a aquellos familiares que no tienen d\u00f3nde dejar a sus parientes que puedan disponer de un espacio seguro y digno sin ning\u00fan costo.<\/p>\n\n\n\n<p>Ger\u00f3nimo es licenciada en Negocios Internacionales, con un M\u00e1ster en Administraci\u00f3n P\u00fablica y Gesti\u00f3n Municipal y se define radicalmente como una mujer de fe. Se ha caracterizado por su alta sensibilidad humana, la cual desarrolla una amplia y efectiva labor social a trav\u00e9s de la fundaci\u00f3n\u00a0<strong>\u201cPlan de Acci\u00f3n Social Solidaria\u201d\u00a0<\/strong>en la que lleva soluciones a las problem\u00e1ticas de las comunidades en la que impactan a personas de situaciones de vulnerabilidad.<\/p>\n\n\n\n<p>Pedro De la Cruz<\/p>\n\n\n\n<p><a target=\"_blank\" href=\"mailto:pedrodelacruzescribe@gmail.com\" rel=\"noreferrer noopener\">pedrodelacruzescribe@gmail.com<\/a><\/p>\n","protected":false},"excerpt":{"rendered":"<p>Ger\u00f3nimo manifest\u00f3 que falta poco para sellar la victoria y confirmar que la mayor\u00eda quiere y necesita que Santo Domingo Norte transite por un nuevo norte de desarrollo y prosperidad en beneficio de todos. Santo Domingo Norte.-&nbsp;Betty Ger\u00f3nimo, candidata para la alcald\u00eda del municipio Santo Domingo Norte por el Partido Revolucionario Moderno (PRM), pidi\u00f3 a [&hellip;]<\/p>\n","protected":false},"author":28,"featured_media":0,"comment_status":"closed","ping_status":"","sticky":false,"template":"","format":"standard","meta":{"footnotes":""},"categories":[36,22],"tags":[],"class_list":["post-508742","post","type-post","status-publish","format-standard","hentry","category-hombresmujeresycosas","category-politica"],"_links":{"self":[{"href":"https:\/\/diariodominicano.com\/index.php?rest_route=\/wp\/v2\/posts\/508742","targetHints":{"allow":["GET"]}}],"collection":[{"href":"https:\/\/diariodominicano.com\/index.php?rest_route=\/wp\/v2\/posts"}],"about":[{"href":"https:\/\/diariodominicano.com\/index.php?rest_route=\/wp\/v2\/types\/post"}],"author":[{"embeddable":true,"href":"https:\/\/diariodominicano.com\/index.php?rest_route=\/wp\/v2\/users\/28"}],"replies":[{"embeddable":true,"href":"https:\/\/diariodominicano.com\/index.php?rest_route=%2Fwp%2Fv2%2Fcomments&post=508742"}],"version-history":[{"count":1,"href":"https:\/\/diariodominicano.com\/index.php?rest_route=\/wp\/v2\/posts\/508742\/revisions"}],"predecessor-version":[{"id":508743,"href":"https:\/\/diariodominicano.com\/index.php?rest_route=\/wp\/v2\/posts\/508742\/revisions\/508743"}],"wp:attachment":[{"href":"https:\/\/diariodominicano.com\/index.php?rest_route=%2Fwp%2Fv2%2Fmedia&parent=508742"}],"wp:term":[{"taxonomy":"category","embeddable":true,"href":"https:\/\/diariodominicano.com\/index.php?rest_route=%2Fwp%2Fv2%2Fcategories&post=508742"},{"taxonomy":"post_tag","embeddable":true,"href":"https:\/\/diariodominicano.com\/index.php?rest_route=%2Fwp%2Fv2%2Ftags&post=508742"}],"curies":[{"name":"wp","href":"https:\/\/api.w.org\/{rel}","templated":true}]}}