{"id":508738,"date":"2024-02-15T23:30:41","date_gmt":"2024-02-16T03:30:41","guid":{"rendered":"https:\/\/diariodominicano.com\/?p=508738"},"modified":"2024-02-18T21:04:50","modified_gmt":"2024-02-19T01:04:50","slug":"rd-cansado-de-luchar-por-haiti-hace-valiente-advertencia-a-comunidad-internacional-2","status":"publish","type":"post","link":"https:\/\/diariodominicano.com\/?p=508738","title":{"rendered":"Danilo llama a ciudadanos a ejercer su derecho al voto"},"content":{"rendered":"\n<p><em>Ex Presidente Danilo Medina se manifiesta esperanzado de que las votaciones concluyan en paz y de manera tranquila<\/em><\/p>\n\n\n\n<p><strong>El ex presidente de la Rep\u00fablica, Danilo Medina<\/strong>, luego de ejercer su derecho al voto en el Colegio Electoral 0135 de la Casa Provincial ubicada en el sector San Juan Bosco en la capital, exhort\u00f3 a los electores del pa\u00eds a acudir a los recintos electorales y votar.<\/p>\n\n\n\n<p>\u201cExhortamos a quienes falten por votar que acudan a ejercer su derecho a votar, porque su voto es necesario para el sistema democr\u00e1tico de Rep\u00fablica Dominicana\u201d, declar\u00f3 Medina a una masiva representaci\u00f3n de los medios de comunicaci\u00f3n.<\/p>\n\n\n\n<p>Inform\u00f3 del reporte de incidentes en muchos lugares, que espera no sean m\u00e1s que escaramuzas que no impedir\u00e1n un proceso en el que debe primar la participaci\u00f3n y la transparencia.<\/p>\n\n\n\n<p>\u201cEsperamos que las votaciones concluyan en paz y de manera tranquila y entender que a estos procesos se va ganar o a perder y se gana con el voto del pueblo dominicano y nunca se gana a las malas\u201d, apunt\u00f3.&nbsp;&nbsp;<\/p>\n\n\n\n<p>Danilo Medina recurri\u00f3 a una expresi\u00f3n usada por el Profesor Juan Bosch en las elecciones de 1962: \u201cVerg\u00fcenza contra dinero\u201d, para responder una pregunta de los periodistas sobre el uso abusivo de los recursos p\u00fablicos en estas elecciones.<\/p>\n\n\n\n<p>Sobre la participaci\u00f3n del Partido de la Liberaci\u00f3n Dominicana, Danilo Medina dijo que las expectativas son altas, pero que respetando las Leyes dijo que no har\u00eda pron\u00f3stico alguno en espera de que se cuenten los votos.<\/p>\n\n\n\n<p>El candidato a la alcald\u00eda del Distrito Nacional, Domingo Contreras, acompa\u00f1\u00f3 al Presidente de su Partido, Danilo Medina al momento de la votaci\u00f3n, \u201c\u00c9l es el pr\u00f3ximo alcalde del Distrito Nacional\u201d, dijo Medina.<\/p>\n\n\n\n<p>Tambi\u00e9n acompa\u00f1aron a ex Presidente Danilo Medina en su ejercicio del voto, Juan Ariel Jim\u00e9nez, vicepresidente del PLD, Danilo D\u00edaz, delegado ante la JCE, Carlos Pared P\u00e9rez, Robert De la Cruz,&nbsp;&nbsp;Jos\u00e9 Dant\u00e9s D\u00edaz y Miriam Cabral , miembros del Comit\u00e9 Pol\u00edtico y varios de los miembros del Comit\u00e9 Central del Distrito Nacional.<\/p>\n\n\n\n<p><strong>SECRETARIA DE COMUNICACIONES<\/strong><\/p>\n\n\n\n<p><strong>18 DE FEBRERO 2024&nbsp;<\/strong><\/p>\n","protected":false},"excerpt":{"rendered":"<p>Ex Presidente Danilo Medina se manifiesta esperanzado de que las votaciones concluyan en paz y de manera tranquila El ex presidente de la Rep\u00fablica, Danilo Medina, luego de ejercer su derecho al voto en el Colegio Electoral 0135 de la Casa Provincial ubicada en el sector San Juan Bosco en la capital, exhort\u00f3 a los [&hellip;]<\/p>\n","protected":false},"author":28,"featured_media":509378,"comment_status":"closed","ping_status":"","sticky":true,"template":"","format":"standard","meta":{"footnotes":""},"categories":[22],"tags":[],"class_list":["post-508738","post","type-post","status-publish","format-standard","has-post-thumbnail","hentry","category-politica"],"_links":{"self":[{"href":"https:\/\/diariodominicano.com\/index.php?rest_route=\/wp\/v2\/posts\/508738","targetHints":{"allow":["GET"]}}],"collection":[{"href":"https:\/\/diariodominicano.com\/index.php?rest_route=\/wp\/v2\/posts"}],"about":[{"href":"https:\/\/diariodominicano.com\/index.php?rest_route=\/wp\/v2\/types\/post"}],"author":[{"embeddable":true,"href":"https:\/\/diariodominicano.com\/index.php?rest_route=\/wp\/v2\/users\/28"}],"replies":[{"embeddable":true,"href":"https:\/\/diariodominicano.com\/index.php?rest_route=%2Fwp%2Fv2%2Fcomments&post=508738"}],"version-history":[{"count":5,"href":"https:\/\/diariodominicano.com\/index.php?rest_route=\/wp\/v2\/posts\/508738\/revisions"}],"predecessor-version":[{"id":509380,"href":"https:\/\/diariodominicano.com\/index.php?rest_route=\/wp\/v2\/posts\/508738\/revisions\/509380"}],"wp:featuredmedia":[{"embeddable":true,"href":"https:\/\/diariodominicano.com\/index.php?rest_route=\/wp\/v2\/media\/509378"}],"wp:attachment":[{"href":"https:\/\/diariodominicano.com\/index.php?rest_route=%2Fwp%2Fv2%2Fmedia&parent=508738"}],"wp:term":[{"taxonomy":"category","embeddable":true,"href":"https:\/\/diariodominicano.com\/index.php?rest_route=%2Fwp%2Fv2%2Fcategories&post=508738"},{"taxonomy":"post_tag","embeddable":true,"href":"https:\/\/diariodominicano.com\/index.php?rest_route=%2Fwp%2Fv2%2Ftags&post=508738"}],"curies":[{"name":"wp","href":"https:\/\/api.w.org\/{rel}","templated":true}]}}