{"id":508636,"date":"2024-02-15T15:52:02","date_gmt":"2024-02-15T19:52:02","guid":{"rendered":"https:\/\/diariodominicano.com\/?p=508636"},"modified":"2024-02-15T16:02:37","modified_gmt":"2024-02-15T20:02:37","slug":"designan-con-el-nombre-mayor-general-r-rafael-cruz-duran-erd-el-edificio-de-la-direccion-juridica-del-mide","status":"publish","type":"post","link":"https:\/\/diariodominicano.com\/?p=508636","title":{"rendered":"Designan con el nombre \u00abMayor general (r) Rafael Cruz Dur\u00e1n, ERD\u00bb el edificio de la Direcci\u00f3n Jur\u00eddica del MIDE"},"content":{"rendered":"\n<p>Mayor general(r) Rafael Cruz Dur\u00e1n, ERD<\/p>\n\n\n\n<figure class=\"wp-block-image size-large is-resized\"><img loading=\"lazy\" decoding=\"async\" width=\"682\" height=\"1024\" src=\"https:\/\/diariodominicano.com\/wp-content\/uploads\/2024\/02\/Mayor-generalr-Rafael-Cruz-Duran-ERD-1-682x1024.jpg\" alt=\"\" class=\"wp-image-508647\" style=\"width:527px;height:auto\" srcset=\"https:\/\/diariodominicano.com\/wp-content\/uploads\/2024\/02\/Mayor-generalr-Rafael-Cruz-Duran-ERD-1-682x1024.jpg 682w, https:\/\/diariodominicano.com\/wp-content\/uploads\/2024\/02\/Mayor-generalr-Rafael-Cruz-Duran-ERD-1-200x300.jpg 200w, https:\/\/diariodominicano.com\/wp-content\/uploads\/2024\/02\/Mayor-generalr-Rafael-Cruz-Duran-ERD-1-768x1154.jpg 768w, https:\/\/diariodominicano.com\/wp-content\/uploads\/2024\/02\/Mayor-generalr-Rafael-Cruz-Duran-ERD-1-1022x1536.jpg 1022w, https:\/\/diariodominicano.com\/wp-content\/uploads\/2024\/02\/Mayor-generalr-Rafael-Cruz-Duran-ERD-1-1363x2048.jpg 1363w, https:\/\/diariodominicano.com\/wp-content\/uploads\/2024\/02\/Mayor-generalr-Rafael-Cruz-Duran-ERD-1-816x1226.jpg 816w, https:\/\/diariodominicano.com\/wp-content\/uploads\/2024\/02\/Mayor-generalr-Rafael-Cruz-Duran-ERD-1.jpg 1704w\" sizes=\"auto, (max-width: 682px) 100vw, 682px\" \/><\/figure>\n\n\n\n<figure class=\"wp-block-image size-large\"><img loading=\"lazy\" decoding=\"async\" width=\"1024\" height=\"682\" src=\"https:\/\/diariodominicano.com\/wp-content\/uploads\/2024\/02\/98e7e608-a66b-4970-bdf4-ff0b7b98adc3-1024x682.jpg\" alt=\"\" class=\"wp-image-508643\" srcset=\"https:\/\/diariodominicano.com\/wp-content\/uploads\/2024\/02\/98e7e608-a66b-4970-bdf4-ff0b7b98adc3-1024x682.jpg 1024w, https:\/\/diariodominicano.com\/wp-content\/uploads\/2024\/02\/98e7e608-a66b-4970-bdf4-ff0b7b98adc3-300x200.jpg 300w, https:\/\/diariodominicano.com\/wp-content\/uploads\/2024\/02\/98e7e608-a66b-4970-bdf4-ff0b7b98adc3-768x511.jpg 768w, https:\/\/diariodominicano.com\/wp-content\/uploads\/2024\/02\/98e7e608-a66b-4970-bdf4-ff0b7b98adc3-1536x1022.jpg 1536w, https:\/\/diariodominicano.com\/wp-content\/uploads\/2024\/02\/98e7e608-a66b-4970-bdf4-ff0b7b98adc3-2048x1363.jpg 2048w, https:\/\/diariodominicano.com\/wp-content\/uploads\/2024\/02\/98e7e608-a66b-4970-bdf4-ff0b7b98adc3-816x543.jpg 816w\" sizes=\"auto, (max-width: 1024px) 100vw, 1024px\" \/><\/figure>\n\n\n\n<p>El edificio de la Direcci\u00f3n Jur\u00eddica del Ministerio de Defensa (MIDE), fue designado con el nombre \u00abMayor general(r) Rafael Cruz Dur\u00e1n, ERD,\u00bb en homenaje a la impecable trayectoria de ese oficial en las filas castrenses y &nbsp;quien fuera el primer comandante de esa dependencia militar, en 2003.<\/p>\n\n\n\n<p>El ministro de Defensa, teniente general Carlos Luciano D\u00edaz Morfa, ERD, al develar la tarja, resalt\u00f3 el trabajo, la dedicaci\u00f3n y el esfuerzo del emblem\u00e1tico soldado.<\/p>\n\n\n\n<figure class=\"wp-block-image size-large\"><img loading=\"lazy\" decoding=\"async\" width=\"1024\" height=\"682\" src=\"https:\/\/diariodominicano.com\/wp-content\/uploads\/2024\/02\/9274260b-e9e9-4e8a-9e7c-bd7c377ed705-1024x682.jpg\" alt=\"\" class=\"wp-image-508644\" srcset=\"https:\/\/diariodominicano.com\/wp-content\/uploads\/2024\/02\/9274260b-e9e9-4e8a-9e7c-bd7c377ed705-1024x682.jpg 1024w, https:\/\/diariodominicano.com\/wp-content\/uploads\/2024\/02\/9274260b-e9e9-4e8a-9e7c-bd7c377ed705-300x200.jpg 300w, https:\/\/diariodominicano.com\/wp-content\/uploads\/2024\/02\/9274260b-e9e9-4e8a-9e7c-bd7c377ed705-768x511.jpg 768w, https:\/\/diariodominicano.com\/wp-content\/uploads\/2024\/02\/9274260b-e9e9-4e8a-9e7c-bd7c377ed705-1536x1022.jpg 1536w, https:\/\/diariodominicano.com\/wp-content\/uploads\/2024\/02\/9274260b-e9e9-4e8a-9e7c-bd7c377ed705-2048x1363.jpg 2048w, https:\/\/diariodominicano.com\/wp-content\/uploads\/2024\/02\/9274260b-e9e9-4e8a-9e7c-bd7c377ed705-816x543.jpg 816w\" sizes=\"auto, (max-width: 1024px) 100vw, 1024px\" \/><\/figure>\n\n\n\n<p>El titular del MIDE tambi\u00e9n exhort\u00f3 a todos los militares a que sigan el gran ejemplo que dej\u00f3 Cruz Dur\u00e1n, quien ocup\u00f3 funciones como abogado de oficio, consultor jur\u00eddico del Ej\u00e9rcito de Rep\u00fablica Dominicana, director general de las Escuelas Vocacionales de las Fuerzas Armadas y la Polic\u00eda Nacional, director general jur\u00eddico de las FF.AA., procurador general de las FF.AA., y director general del Departamento Nacional de Investigaciones (DNI), entre otras.<\/p>\n\n\n\n<figure class=\"wp-block-image size-large\"><img loading=\"lazy\" decoding=\"async\" width=\"1024\" height=\"682\" src=\"https:\/\/diariodominicano.com\/wp-content\/uploads\/2024\/02\/125a15ac-1608-49f6-9a57-99d762796d63-1-1024x682.jpg\" alt=\"\" class=\"wp-image-508645\" srcset=\"https:\/\/diariodominicano.com\/wp-content\/uploads\/2024\/02\/125a15ac-1608-49f6-9a57-99d762796d63-1-1024x682.jpg 1024w, https:\/\/diariodominicano.com\/wp-content\/uploads\/2024\/02\/125a15ac-1608-49f6-9a57-99d762796d63-1-300x200.jpg 300w, https:\/\/diariodominicano.com\/wp-content\/uploads\/2024\/02\/125a15ac-1608-49f6-9a57-99d762796d63-1-768x511.jpg 768w, https:\/\/diariodominicano.com\/wp-content\/uploads\/2024\/02\/125a15ac-1608-49f6-9a57-99d762796d63-1-1536x1022.jpg 1536w, https:\/\/diariodominicano.com\/wp-content\/uploads\/2024\/02\/125a15ac-1608-49f6-9a57-99d762796d63-1-2048x1363.jpg 2048w, https:\/\/diariodominicano.com\/wp-content\/uploads\/2024\/02\/125a15ac-1608-49f6-9a57-99d762796d63-1-816x543.jpg 816w\" sizes=\"auto, (max-width: 1024px) 100vw, 1024px\" \/><\/figure>\n\n\n\n<p>Por su lado, el coronel abogado Yonis Rodr\u00edguez Luciano, FARD, director general del Cuerpo Jur\u00eddico del MIDE, agradeci\u00f3 a la instituci\u00f3n el apoyo constante a los soldados y expres\u00f3 que \u201ceste d\u00eda est\u00e1 marcado por la cuaresma como mi\u00e9rcoles de ceniza, un comienzo de sanaci\u00f3n espiritual; por esto es un honor conmemorar este d\u00eda la vida y carrera de este hombre con una trayectoria militar intachable\u00bb.<\/p>\n\n\n\n<p>Asimismo, el hijo del oficial honrado, coronel Edwar Cruz, ERD, manifest\u00f3 sentirse orgulloso por tomar a su padre en cuenta y que su familia tratar\u00e1 de seguir esos pasos para continuar enorgulleciendo a la patria.<\/p>\n\n\n\n<p>En la actividad, el ministro de Defensa estuvo acompa\u00f1ado por Oficiales del Estado Mayor General de las FFAA, oficiales generales, contralmirantes, oficiales superiores, oficiales subalternos, alistados e invitados especiales.<em><strong><br>Direcci\u00f3n de Asuntos Civiles del Estado Mayor Conjunto, J5<\/strong><\/em><\/p>\n\n\n\n<p><em><strong>Ministerio de Defensa de Rep\u00fablica Dominicana<\/strong><\/em><\/p>\n\n\n\n<figure class=\"wp-block-table\"><table><tbody><tr><td><strong>Prensa Mide<\/strong><\/td><td><\/td><td><\/td><td rowspan=\"2\"><img decoding=\"async\" src=\"https:\/\/mail.google.com\/mail\/u\/1\/images\/cleardot.gif\" alt=\"\"><img decoding=\"async\" src=\"https:\/\/mail.google.com\/mail\/u\/1\/images\/cleardot.gif\" alt=\"\"><\/td><\/tr><tr><td colspan=\"3\"><img decoding=\"async\" src=\"https:\/\/mail.google.com\/mail\/u\/1\/images\/cleardot.gif\" alt=\"\"><\/td><\/tr><\/tbody><\/table><\/figure>\n","protected":false},"excerpt":{"rendered":"<p>Mayor general(r) Rafael Cruz Dur\u00e1n, ERD El edificio de la Direcci\u00f3n Jur\u00eddica del Ministerio de Defensa (MIDE), fue designado con el nombre \u00abMayor general(r) Rafael Cruz Dur\u00e1n, ERD,\u00bb en homenaje a la impecable trayectoria de ese oficial en las filas castrenses y &nbsp;quien fuera el primer comandante de esa dependencia militar, en 2003. El ministro [&hellip;]<\/p>\n","protected":false},"author":28,"featured_media":508642,"comment_status":"closed","ping_status":"","sticky":true,"template":"","format":"standard","meta":{"footnotes":""},"categories":[36,20,26,27],"tags":[],"class_list":["post-508636","post","type-post","status-publish","format-standard","has-post-thumbnail","hentry","category-hombresmujeresycosas","category-dominicana-hoy","category-efemerides","category-portada"],"_links":{"self":[{"href":"https:\/\/diariodominicano.com\/index.php?rest_route=\/wp\/v2\/posts\/508636","targetHints":{"allow":["GET"]}}],"collection":[{"href":"https:\/\/diariodominicano.com\/index.php?rest_route=\/wp\/v2\/posts"}],"about":[{"href":"https:\/\/diariodominicano.com\/index.php?rest_route=\/wp\/v2\/types\/post"}],"author":[{"embeddable":true,"href":"https:\/\/diariodominicano.com\/index.php?rest_route=\/wp\/v2\/users\/28"}],"replies":[{"embeddable":true,"href":"https:\/\/diariodominicano.com\/index.php?rest_route=%2Fwp%2Fv2%2Fcomments&post=508636"}],"version-history":[{"count":5,"href":"https:\/\/diariodominicano.com\/index.php?rest_route=\/wp\/v2\/posts\/508636\/revisions"}],"predecessor-version":[{"id":508649,"href":"https:\/\/diariodominicano.com\/index.php?rest_route=\/wp\/v2\/posts\/508636\/revisions\/508649"}],"wp:featuredmedia":[{"embeddable":true,"href":"https:\/\/diariodominicano.com\/index.php?rest_route=\/wp\/v2\/media\/508642"}],"wp:attachment":[{"href":"https:\/\/diariodominicano.com\/index.php?rest_route=%2Fwp%2Fv2%2Fmedia&parent=508636"}],"wp:term":[{"taxonomy":"category","embeddable":true,"href":"https:\/\/diariodominicano.com\/index.php?rest_route=%2Fwp%2Fv2%2Fcategories&post=508636"},{"taxonomy":"post_tag","embeddable":true,"href":"https:\/\/diariodominicano.com\/index.php?rest_route=%2Fwp%2Fv2%2Ftags&post=508636"}],"curies":[{"name":"wp","href":"https:\/\/api.w.org\/{rel}","templated":true}]}}