{"id":508610,"date":"2024-02-15T08:12:38","date_gmt":"2024-02-15T12:12:38","guid":{"rendered":"https:\/\/diariodominicano.com\/?p=508610"},"modified":"2024-02-15T08:12:38","modified_gmt":"2024-02-15T12:12:38","slug":"comienza-veda-electoral-en-republica-dominicana","status":"publish","type":"post","link":"https:\/\/diariodominicano.com\/?p=508610","title":{"rendered":"Comienza veda electoral en Rep\u00fablica Dominicana"},"content":{"rendered":"\n<p>diariodominicano.com<\/p>\n\n\n\n<p>Santo Domingo, 15 feb (Prensa Latina) El silencio rodea hoy a Rep\u00fablica Dominicana, donde rige desde el primer minuto de este d\u00eda la veda electoral decretada 72 horas antes de las elecciones municipales del pr\u00f3ximo domingo.<\/p>\n\n\n\n<p>En contraste con las \u00faltimas semanas, en que los medios de comunicaci\u00f3n se hicieron eco de la campa\u00f1a electoral y los altoparlantes exaltaron en las calles las promesas de los candidatos, ahora las ciudades est\u00e1n en calma al quedar prohibidas todas las actividades proselitistas.<\/p>\n\n\n\n<p>La Junta Central Electoral (JCE), \u00f3rgano rector del proceso comicial, indic\u00f3 que quedaban restringidas las actividades proselitistas, a fin de que la ciudadan\u00eda se concentre en la venidera acci\u00f3n comicial y decida en tranquilidad a qui\u00e9n favorecer\u00e1 con su voto.<\/p>\n\n\n\n<p>En estos d\u00edas est\u00e1n cesadas las alusiones relativas a promoci\u00f3n de partidos, agrupaciones o movimientos pol\u00edticos o candidatos admitidos, seg\u00fan indica el art\u00edculo 177 de la ley 20-13, Org\u00e1nica de R\u00e9gimen Electoral.<\/p>\n\n\n\n<p>En una entrevista a Diario Libre, el presidente de la JCE, Rom\u00e1n J\u00e1quez Liranzo, record\u00f3 que los medios pueden publicar solo contenidos educativos e informaciones de orientaci\u00f3n a los votantes.<\/p>\n\n\n\n<p>J\u00e1quez Liranzo se\u00f1al\u00f3 que quienes violen la ley ser\u00e1n castigados \u2013tanto organizaciones como personas- con el pago de uno a 200 salarios m\u00ednimos de multa.<\/p>\n\n\n\n<p>Refiri\u00f3 tambi\u00e9n que cualquier tipo de informaci\u00f3n referida a los comicios debe partir de la JCE e invit\u00f3 a la poblaci\u00f3n a desestimar declaraciones realizadas durante este per\u00edodo, as\u00ed como a verificar las fuentes informativas confiables mediante canales comunicativos oficiales.<\/p>\n\n\n\n<p>Precis\u00f3 que \u00abLa Junta Central Electoral ser\u00e1 la plataforma oficial de divulgaci\u00f3n de datos. Emitir informaciones falsas es el peor da\u00f1o que se le puede hacer a la democracia\u201d.<\/p>\n\n\n\n<p>Durante la entrevista, tambi\u00e9n record\u00f3 que desde el s\u00e1bado 17 no se expender\u00e1n bebidas alcoh\u00f3licas, una medida que se extender\u00e1 hasta el lunes 19.<\/p>\n\n\n\n<p>Respecto a los observadores del proceso, el presidente de la JCE se\u00f1al\u00f3 que estar\u00e1n presentes 14 organismos internacionales.<\/p>\n\n\n\n<p>J\u00e1quez Liranzo consider\u00f3 que los visitantes extranjeros ser\u00e1n entre 85 y 100, pues a\u00fan, dijo, reciben solicitudes de acreditaci\u00f3n de organizaciones y figuras pol\u00edticas.<\/p>\n\n\n\n<p>Tambi\u00e9n actuar\u00e1n unos 450 observadores nacionales, representados, entre otros organismos, por Participaci\u00f3n Ciudadana (PC), Asociaci\u00f3n Nacional de J\u00f3venes Empresarios (Anje) y el Consejo Nacional de la Empresa Privada (Conep).<\/p>\n\n\n\n<p>Las elecciones del pr\u00f3ximo domingo poseen la tendencia a ser re\u00f1idas, ya que est\u00e1n inscriptos 18 mil 198 aspirantes a tres mil 849 cargos para los pr\u00f3ximos cuatro a\u00f1os.<\/p>\n\n\n\n<p>A las urnas est\u00e1n convocados m\u00e1s de ocho millones de dominicanos que regir\u00e1n su derecho al voto en 17 mil 317 colegios electorales.<\/p>\n\n\n\n<p>Ese d\u00eda ser\u00e1n electos 158 alcaldes, 158 vicealcaldes, mil 164 regidores e igual n\u00famero de sus suplentes. Tambi\u00e9n 235 directores de distritos y 235 subdirectores, as\u00ed como 735 vocales.<\/p>\n\n\n\n<p>npg\/mpv<\/p>\n","protected":false},"excerpt":{"rendered":"<p>diariodominicano.com Santo Domingo, 15 feb (Prensa Latina) El silencio rodea hoy a Rep\u00fablica Dominicana, donde rige desde el primer minuto de este d\u00eda la veda electoral decretada 72 horas antes de las elecciones municipales del pr\u00f3ximo domingo. En contraste con las \u00faltimas semanas, en que los medios de comunicaci\u00f3n se hicieron eco de la campa\u00f1a [&hellip;]<\/p>\n","protected":false},"author":5,"featured_media":508611,"comment_status":"closed","ping_status":"","sticky":true,"template":"","format":"standard","meta":{"footnotes":""},"categories":[20,22,27],"tags":[],"class_list":["post-508610","post","type-post","status-publish","format-standard","has-post-thumbnail","hentry","category-dominicana-hoy","category-politica","category-portada"],"_links":{"self":[{"href":"https:\/\/diariodominicano.com\/index.php?rest_route=\/wp\/v2\/posts\/508610","targetHints":{"allow":["GET"]}}],"collection":[{"href":"https:\/\/diariodominicano.com\/index.php?rest_route=\/wp\/v2\/posts"}],"about":[{"href":"https:\/\/diariodominicano.com\/index.php?rest_route=\/wp\/v2\/types\/post"}],"author":[{"embeddable":true,"href":"https:\/\/diariodominicano.com\/index.php?rest_route=\/wp\/v2\/users\/5"}],"replies":[{"embeddable":true,"href":"https:\/\/diariodominicano.com\/index.php?rest_route=%2Fwp%2Fv2%2Fcomments&post=508610"}],"version-history":[{"count":1,"href":"https:\/\/diariodominicano.com\/index.php?rest_route=\/wp\/v2\/posts\/508610\/revisions"}],"predecessor-version":[{"id":508612,"href":"https:\/\/diariodominicano.com\/index.php?rest_route=\/wp\/v2\/posts\/508610\/revisions\/508612"}],"wp:featuredmedia":[{"embeddable":true,"href":"https:\/\/diariodominicano.com\/index.php?rest_route=\/wp\/v2\/media\/508611"}],"wp:attachment":[{"href":"https:\/\/diariodominicano.com\/index.php?rest_route=%2Fwp%2Fv2%2Fmedia&parent=508610"}],"wp:term":[{"taxonomy":"category","embeddable":true,"href":"https:\/\/diariodominicano.com\/index.php?rest_route=%2Fwp%2Fv2%2Fcategories&post=508610"},{"taxonomy":"post_tag","embeddable":true,"href":"https:\/\/diariodominicano.com\/index.php?rest_route=%2Fwp%2Fv2%2Ftags&post=508610"}],"curies":[{"name":"wp","href":"https:\/\/api.w.org\/{rel}","templated":true}]}}