{"id":508565,"date":"2024-02-15T01:28:56","date_gmt":"2024-02-15T05:28:56","guid":{"rendered":"https:\/\/diariodominicano.com\/?p=508565"},"modified":"2024-02-15T01:30:38","modified_gmt":"2024-02-15T05:30:38","slug":"apd-mas-y-la-red-del-cambio-realizan-acuerdo-para-la-profundizacion-del-cambio","status":"publish","type":"post","link":"https:\/\/diariodominicano.com\/?p=508565","title":{"rendered":"APD, MAS y la Red del Cambio realizan acuerdo para la \u201cProfundizaci\u00f3n del Cambio\u201d"},"content":{"rendered":"\n<p><strong>Santo Domingo. R.D.<\/strong>&nbsp;Los Partidos Alianza por la Democracia (APD), Misi\u00f3n de Amplia Alianza Sociopol\u00edtica (MAS), y el Movimiento Red del Cambio, firmaron un acuerdo con la finalidad de lograr una gran articulaci\u00f3n pol\u00edtico-social, unidas alrededor de la consigna de la \u00abProfundizaci\u00f3n del Cambio\u00bb, para apoyar la gesti\u00f3n de gobierno del presidente Luis Abinader Corona.<\/p>\n\n\n\n<figure class=\"wp-block-image size-large\"><img loading=\"lazy\" decoding=\"async\" width=\"1024\" height=\"683\" src=\"https:\/\/diariodominicano.com\/wp-content\/uploads\/2024\/02\/RED-F-1-1-1024x683.jpg\" alt=\"\" class=\"wp-image-508569\" srcset=\"https:\/\/diariodominicano.com\/wp-content\/uploads\/2024\/02\/RED-F-1-1-1024x683.jpg 1024w, https:\/\/diariodominicano.com\/wp-content\/uploads\/2024\/02\/RED-F-1-1-300x200.jpg 300w, https:\/\/diariodominicano.com\/wp-content\/uploads\/2024\/02\/RED-F-1-1-768x512.jpg 768w, https:\/\/diariodominicano.com\/wp-content\/uploads\/2024\/02\/RED-F-1-1-816x544.jpg 816w, https:\/\/diariodominicano.com\/wp-content\/uploads\/2024\/02\/RED-F-1-1.jpg 1080w\" sizes=\"auto, (max-width: 1024px) 100vw, 1024px\" \/><\/figure>\n\n\n\n<p>\u201cEsta es una iniciativa de car\u00e1cter progresista que busca priorizar la educaci\u00f3n de calidad, la salud universal, las pensiones dignas, el respeto a la diversidad, la paridad entre mujeres y hombres, las pol\u00edticas en beneficio de la di\u00e1spora dominicana, mecanismos que fomenten el desarrollo de nuestra regi\u00f3n\u00a0 fronteriza, la protecci\u00f3n del medio ambiente y el fortalecimiento de la seguridad social, iniciadas por el presidente\u00a0 Abinader\u201d, explic\u00f3 Pedro Quezada, presidente de la Red del Cambio.<\/p>\n\n\n\n<figure class=\"wp-block-image size-large\"><img loading=\"lazy\" decoding=\"async\" width=\"1024\" height=\"683\" src=\"https:\/\/diariodominicano.com\/wp-content\/uploads\/2024\/02\/RED-F-3-1024x683.jpg\" alt=\"\" class=\"wp-image-508572\" srcset=\"https:\/\/diariodominicano.com\/wp-content\/uploads\/2024\/02\/RED-F-3-1024x683.jpg 1024w, https:\/\/diariodominicano.com\/wp-content\/uploads\/2024\/02\/RED-F-3-300x200.jpg 300w, https:\/\/diariodominicano.com\/wp-content\/uploads\/2024\/02\/RED-F-3-768x512.jpg 768w, https:\/\/diariodominicano.com\/wp-content\/uploads\/2024\/02\/RED-F-3-816x544.jpg 816w, https:\/\/diariodominicano.com\/wp-content\/uploads\/2024\/02\/RED-F-3.jpg 1080w\" sizes=\"auto, (max-width: 1024px) 100vw, 1024px\" \/><\/figure>\n\n\n\n<p>En ese mismo tenor, Max Puig, presidente del partido APD, dijo que las partes acordaron participar unidas en las elecciones municipales, congresuales y presidenciales que tendr\u00e1n lugar en la Rep\u00fablica Dominicana, durante los meses de febrero y mayo del presente a\u00f1o.\u00a0<\/p>\n\n\n\n<p>\u201cEsta participaci\u00f3n unificada ser\u00e1 en apoyo al candidato presidencial Luis Abinader, as\u00ed como a todos los candidatos que respaldan su liderazgo y visi\u00f3n para dirigir los destinos de la naci\u00f3n, en el sentido de \u201cProfundizar el Cambio\u201d, durante el periodo constitucional 2024-2028\u201d, explic\u00f3 Puig.<\/p>\n\n\n\n<p>De igual manera, Fidel Santana, presidente del partido MAS, explic\u00f3 que se busca involucrar tanto a la ciudadan\u00eda, como a los dirigentes pol\u00edticos y funcionarios de las tres organizaciones, con el fin de garantizar la consolidaci\u00f3n y profundizaci\u00f3n del cambio, en los niveles municipal, congresual y ejecutivo de la naci\u00f3n.<\/p>\n\n\n\n<p>\u201cEsto implicar\u00e1 la implementaci\u00f3n de pol\u00edticas y acciones que refuercen y expandan los logros obtenidos hasta la fecha, as\u00ed como la b\u00fasqueda de nuevas formas de mejorar la calidad de vida de las mayor\u00edas del pa\u00eds\u201d, extern\u00f3 Santana.<\/p>\n\n\n\n<p>En otra intervenci\u00f3n, Ito Bison\u00f3 aport\u00f3 que \u201cla visi\u00f3n progresista que orienta la promoci\u00f3n de la \u201cProfundizaci\u00f3n del Cambio\u201d, estar\u00e1 en el centro de todas las actividades y estrategias desarrolladas por esta alianza pol\u00edtica, durante el periodo electoral mencionado\u201d.<\/p>\n\n\n\n<p>De su lado, Gaby Suazo, director ejecutivo de la Red del Cambio, extern\u00f3 que \u201clas cosas buenas son las que se comunican; tenemos que ver hacia adelante, comunicando lo positivo, todo lo positivo que est\u00e1 haciendo nuestro presidente y todas las instituciones del gobierno, as\u00ed como los gobiernos locales\u201d.&nbsp;<\/p>\n\n\n\n<p>Por \u00faltimo, Santana afirm\u00f3 que, desde el 2020, bajo el liderazgo del presidente Luis Abinader, el pa\u00eds ha logrado significativos avances en transparencia, independencia de los poderes p\u00fablicos y la sana administraci\u00f3n de los recursos del Estado.&nbsp;<\/p>\n\n\n\n<p>\u201cEsto ha permitido que la Rep\u00fablica Dominicana haya podido superar con claridad las dos grandes crisis que enfrent\u00f3 estos \u00faltimos a\u00f1os: la Pandemia del COVID 19 y la crisis de descr\u00e9dito de las instituciones p\u00fablicas, por la corrupci\u00f3n e impunidad que azot\u00f3 al pa\u00eds en los \u00faltimos gobiernos, antes de 2020\u201d, detall\u00f3 Santana.<\/p>\n\n\n\n<p><\/p>\n\n\n\n<p>Durante la actividad tambi\u00e9n estuvieron presentes Carlos S\u00e1nchez, secretario general de la APD e Higinio B\u00e1ez, secretario general del MAS, entre otras personalidades y dirigentes.<\/p>\n\n\n\n<p>Tyrone Dotel<\/p>\n\n\n\n<p><a target=\"_blank\" href=\"mailto:tyronedotel@yahoo.com\" rel=\"noreferrer noopener\">tyronedotel@yahoo.com<\/a><\/p>\n","protected":false},"excerpt":{"rendered":"<p>Santo Domingo. R.D.&nbsp;Los Partidos Alianza por la Democracia (APD), Misi\u00f3n de Amplia Alianza Sociopol\u00edtica (MAS), y el Movimiento Red del Cambio, firmaron un acuerdo con la finalidad de lograr una gran articulaci\u00f3n pol\u00edtico-social, unidas alrededor de la consigna de la \u00abProfundizaci\u00f3n del Cambio\u00bb, para apoyar la gesti\u00f3n de gobierno del presidente Luis Abinader Corona. \u201cEsta [&hellip;]<\/p>\n","protected":false},"author":28,"featured_media":508568,"comment_status":"closed","ping_status":"","sticky":true,"template":"","format":"standard","meta":{"footnotes":""},"categories":[22,27],"tags":[],"class_list":["post-508565","post","type-post","status-publish","format-standard","has-post-thumbnail","hentry","category-politica","category-portada"],"_links":{"self":[{"href":"https:\/\/diariodominicano.com\/index.php?rest_route=\/wp\/v2\/posts\/508565","targetHints":{"allow":["GET"]}}],"collection":[{"href":"https:\/\/diariodominicano.com\/index.php?rest_route=\/wp\/v2\/posts"}],"about":[{"href":"https:\/\/diariodominicano.com\/index.php?rest_route=\/wp\/v2\/types\/post"}],"author":[{"embeddable":true,"href":"https:\/\/diariodominicano.com\/index.php?rest_route=\/wp\/v2\/users\/28"}],"replies":[{"embeddable":true,"href":"https:\/\/diariodominicano.com\/index.php?rest_route=%2Fwp%2Fv2%2Fcomments&post=508565"}],"version-history":[{"count":2,"href":"https:\/\/diariodominicano.com\/index.php?rest_route=\/wp\/v2\/posts\/508565\/revisions"}],"predecessor-version":[{"id":508573,"href":"https:\/\/diariodominicano.com\/index.php?rest_route=\/wp\/v2\/posts\/508565\/revisions\/508573"}],"wp:featuredmedia":[{"embeddable":true,"href":"https:\/\/diariodominicano.com\/index.php?rest_route=\/wp\/v2\/media\/508568"}],"wp:attachment":[{"href":"https:\/\/diariodominicano.com\/index.php?rest_route=%2Fwp%2Fv2%2Fmedia&parent=508565"}],"wp:term":[{"taxonomy":"category","embeddable":true,"href":"https:\/\/diariodominicano.com\/index.php?rest_route=%2Fwp%2Fv2%2Fcategories&post=508565"},{"taxonomy":"post_tag","embeddable":true,"href":"https:\/\/diariodominicano.com\/index.php?rest_route=%2Fwp%2Fv2%2Ftags&post=508565"}],"curies":[{"name":"wp","href":"https:\/\/api.w.org\/{rel}","templated":true}]}}