{"id":508532,"date":"2024-02-15T00:36:19","date_gmt":"2024-02-15T04:36:19","guid":{"rendered":"https:\/\/diariodominicano.com\/?p=508532"},"modified":"2024-02-15T00:36:19","modified_gmt":"2024-02-15T04:36:19","slug":"atribuye-gran-crecimiento-fp-al-solido-liderazgo-expresidente-fernandez","status":"publish","type":"post","link":"https:\/\/diariodominicano.com\/?p=508532","title":{"rendered":"Atribuye gran crecimiento FP al s\u00f3lido liderazgo expresidente Fern\u00e1ndez"},"content":{"rendered":"\n<p><strong>Por Ram\u00f3n Mercedes<\/strong><\/p>\n\n\n\n<p><strong>NUEVA YORK.-<\/strong>&nbsp;El dirigente del Partido Fuerza del Pueblo (FP) y presidente del movimiento \u201cAmigos con Leonel\u201d en esta ciudad, soci\u00f3logo Jaime Vargas, afirm\u00f3 que el gran crecimiento de la entidad se debe al liderazgo del ex presidente Leonel Fern\u00e1ndez.<\/p>\n\n\n\n<p>Precis\u00f3 que ese crecimiento de la FP no es una situaci\u00f3n de partido, sino por el s\u00f3lido liderazgo del pr\u00f3ximo presidente de la RD, el doctor Fern\u00e1ndez, porque en estos momentos el pueblo dominicano quiere ver a una persona que resuelva los problemas.<\/p>\n\n\n\n<p>Vargas dijo que esa persona es Leonel, porque lo hizo aquella vez cuando encontr\u00f3 una administraci\u00f3n dejada en caos por el entonces presidente Hip\u00f3lito Mej\u00eda, con el d\u00f3lar a 60 x 1, entre otras cosas negativas para el pa\u00eds caribe\u00f1o.<\/p>\n\n\n\n<p>\u201cAsimismo, cuando Leonel se construyeron carreteras, t\u00faneles, se puso a trabajar el pueblo, a comer y creo que se necesita un salvador de la problem\u00e1tica dominicana y ese es el expresidente Fern\u00e1ndez, y sin duda, el pueblo dominicano le ha dado esa fortaleza a la FP, pero es v\u00eda de su l\u00edder\u201d, reiter\u00f3.<\/p>\n\n\n\n<p>Afirm\u00f3 que durante su reciente viaje a la Rep\u00fablica Dominicana se comunic\u00f3 con cientos de dominicanos en el Sur y el Norte del pa\u00eds, adem\u00e1s, en la parte c\u00e9ntrica de la ciudad capital y la provincia de Santo Domingo Este, donde habl\u00f3 con quisqueyanos sobre la situaci\u00f3n pol\u00edtica, y el mayor porcentaje contest\u00f3 que el presidente Luis Abinader no pasa de un 42% hasta ahora.<\/p>\n\n\n\n<p>\u201cEn el pa\u00eds hay una situaci\u00f3n de caos, la econ\u00f3mica muy dif\u00edcil, la gente se queja, no aparece nadie que se le pueda preguntar sobre la ca\u00f3tica situaci\u00f3n, no sabemos qu\u00e9 ha pasado, entend\u00edamos que el \u201cgobierno del cambio\u201d iba hacer una cambio real, pero ha fracasado\u201d, exclam\u00f3.<\/p>\n\n\n\n<p>A\u00f1adi\u00f3 que ese fracaso llevar\u00e1 a una segunda vuelta y si el Gobierno sigue cometiendo errores, hasta mayo, creo que el expresidente Fern\u00e1ndez entrar\u00e1 en primera vuelta.<\/p>\n\n\n\n<p>\u201cLa situaci\u00f3n del pa\u00eds no est\u00e1 c\u00f3moda, la energ\u00eda el\u00e9ctrica muy elevada, la medicina un caos, la toma de decisi\u00f3n de una nueva ley que restringe la sociedad ha causado un da\u00f1o en el coraz\u00f3n del pueblo.<\/p>\n\n\n\n<p>La situaci\u00f3n est\u00e1 ca\u00f3tica para el PRM y el presidente Abinader\u201d, puntualiz\u00f3 Vargas.<\/p>\n","protected":false},"excerpt":{"rendered":"<p>Por Ram\u00f3n Mercedes NUEVA YORK.-&nbsp;El dirigente del Partido Fuerza del Pueblo (FP) y presidente del movimiento \u201cAmigos con Leonel\u201d en esta ciudad, soci\u00f3logo Jaime Vargas, afirm\u00f3 que el gran crecimiento de la entidad se debe al liderazgo del ex presidente Leonel Fern\u00e1ndez. Precis\u00f3 que ese crecimiento de la FP no es una situaci\u00f3n de partido, [&hellip;]<\/p>\n","protected":false},"author":28,"featured_media":508533,"comment_status":"closed","ping_status":"","sticky":true,"template":"","format":"standard","meta":{"footnotes":""},"categories":[22,27],"tags":[],"class_list":["post-508532","post","type-post","status-publish","format-standard","has-post-thumbnail","hentry","category-politica","category-portada"],"_links":{"self":[{"href":"https:\/\/diariodominicano.com\/index.php?rest_route=\/wp\/v2\/posts\/508532","targetHints":{"allow":["GET"]}}],"collection":[{"href":"https:\/\/diariodominicano.com\/index.php?rest_route=\/wp\/v2\/posts"}],"about":[{"href":"https:\/\/diariodominicano.com\/index.php?rest_route=\/wp\/v2\/types\/post"}],"author":[{"embeddable":true,"href":"https:\/\/diariodominicano.com\/index.php?rest_route=\/wp\/v2\/users\/28"}],"replies":[{"embeddable":true,"href":"https:\/\/diariodominicano.com\/index.php?rest_route=%2Fwp%2Fv2%2Fcomments&post=508532"}],"version-history":[{"count":1,"href":"https:\/\/diariodominicano.com\/index.php?rest_route=\/wp\/v2\/posts\/508532\/revisions"}],"predecessor-version":[{"id":508534,"href":"https:\/\/diariodominicano.com\/index.php?rest_route=\/wp\/v2\/posts\/508532\/revisions\/508534"}],"wp:featuredmedia":[{"embeddable":true,"href":"https:\/\/diariodominicano.com\/index.php?rest_route=\/wp\/v2\/media\/508533"}],"wp:attachment":[{"href":"https:\/\/diariodominicano.com\/index.php?rest_route=%2Fwp%2Fv2%2Fmedia&parent=508532"}],"wp:term":[{"taxonomy":"category","embeddable":true,"href":"https:\/\/diariodominicano.com\/index.php?rest_route=%2Fwp%2Fv2%2Fcategories&post=508532"},{"taxonomy":"post_tag","embeddable":true,"href":"https:\/\/diariodominicano.com\/index.php?rest_route=%2Fwp%2Fv2%2Ftags&post=508532"}],"curies":[{"name":"wp","href":"https:\/\/api.w.org\/{rel}","templated":true}]}}