{"id":508507,"date":"2024-02-15T00:03:39","date_gmt":"2024-02-15T04:03:39","guid":{"rendered":"https:\/\/diariodominicano.com\/?p=508507"},"modified":"2024-02-15T00:03:39","modified_gmt":"2024-02-15T04:03:39","slug":"pld-cierra-campana-electoral-municipal-con-una-produccion-radial-de-12-del-mediodia-a-12-de-la-noche-transmitido-simultaneamente-por-internet","status":"publish","type":"post","link":"https:\/\/diariodominicano.com\/?p=508507","title":{"rendered":"PLD\u00a0cierra campa\u00f1a electoral municipal con una producci\u00f3n radial de 12 del mediod\u00eda a 12 de la noche, transmitido simult\u00e1neamente por Internet"},"content":{"rendered":"\n<p><strong>El Partido de la Liberaci\u00f3n Dominicana (PLD)<\/strong>\u00a0junto a las marchas, caravanas, toques de banderas y concentraciones que organizan las candidaturas municipales y de distritos municipales como actividades de cierre de campa\u00f1a, puso en l\u00ednea su tradicional cadena radial, usando ahora tambi\u00e9n sus plataformas en internet.<\/p>\n\n\n\n<p>A partir de las 12.00 horas del mediod\u00eda se iniciar\u00e1 la transmisi\u00f3n cadena radial, ahora acompa\u00f1ada de la parte audiovisual por los portales y redes sociales pelede\u00edsta, destaca una nota informativa de la Secretar\u00eda de Comunicaciones del PLD..<\/p>\n\n\n\n<p>Desde la Casa Nacional Reinaldo Pared P\u00e9rez &nbsp;&nbsp;se transmitir\u00e1n entrevistas, comentarios, orientaciones electorales, noticias y reportes desde los diferentes municipios del pa\u00eds, informando sobre las propuestas de candidatos y candidatas y las actividades de cierre de campa\u00f1a.<\/p>\n\n\n\n<p>La cadena radial estar\u00e1 formada por las estaciones Rumba 98.5 FM &#8211; Santo Domingo, emisora Matriz, Premium 101.1FM &#8211; Santiago y Regi\u00f3n del Cibao, Gu\u00eda 97.9 FM &#8211; La Romana, Maravillosa 89.7FM \u2013 Barahona y Manantial 89.5FM &#8211; San Juan de la Maguana.<\/p>\n\n\n\n<p>Mediante circular firmada por el Secretario General, Charles Mariotti, se informa de la organizaci\u00f3n de este medio informativo de cierre de campa\u00f1a e invita a los miembros, dirigentes y simpatizantes a sintonizar la producci\u00f3n que combina lo informativo con la orientaci\u00f3n.<\/p>\n\n\n\n<p>Morado en Todo ha sido el ep\u00edgrafe para identificar la propuesta del PLD en las horas finales de la campa\u00f1a electoral municipal.<\/p>\n\n\n\n<p><strong>SECRETARIA DE COMUNICACIONES<\/strong><strong><\/strong><\/p>\n\n\n\n<p><strong>14 DE FEBRERO, 2024.-&nbsp;<\/strong><strong><\/strong><\/p>\n","protected":false},"excerpt":{"rendered":"<p>El Partido de la Liberaci\u00f3n Dominicana (PLD)\u00a0junto a las marchas, caravanas, toques de banderas y concentraciones que organizan las candidaturas municipales y de distritos municipales como actividades de cierre de campa\u00f1a, puso en l\u00ednea su tradicional cadena radial, usando ahora tambi\u00e9n sus plataformas en internet. A partir de las 12.00 horas del mediod\u00eda se iniciar\u00e1 [&hellip;]<\/p>\n","protected":false},"author":28,"featured_media":508508,"comment_status":"closed","ping_status":"","sticky":true,"template":"","format":"standard","meta":{"footnotes":""},"categories":[22,27],"tags":[],"class_list":["post-508507","post","type-post","status-publish","format-standard","has-post-thumbnail","hentry","category-politica","category-portada"],"_links":{"self":[{"href":"https:\/\/diariodominicano.com\/index.php?rest_route=\/wp\/v2\/posts\/508507","targetHints":{"allow":["GET"]}}],"collection":[{"href":"https:\/\/diariodominicano.com\/index.php?rest_route=\/wp\/v2\/posts"}],"about":[{"href":"https:\/\/diariodominicano.com\/index.php?rest_route=\/wp\/v2\/types\/post"}],"author":[{"embeddable":true,"href":"https:\/\/diariodominicano.com\/index.php?rest_route=\/wp\/v2\/users\/28"}],"replies":[{"embeddable":true,"href":"https:\/\/diariodominicano.com\/index.php?rest_route=%2Fwp%2Fv2%2Fcomments&post=508507"}],"version-history":[{"count":1,"href":"https:\/\/diariodominicano.com\/index.php?rest_route=\/wp\/v2\/posts\/508507\/revisions"}],"predecessor-version":[{"id":508509,"href":"https:\/\/diariodominicano.com\/index.php?rest_route=\/wp\/v2\/posts\/508507\/revisions\/508509"}],"wp:featuredmedia":[{"embeddable":true,"href":"https:\/\/diariodominicano.com\/index.php?rest_route=\/wp\/v2\/media\/508508"}],"wp:attachment":[{"href":"https:\/\/diariodominicano.com\/index.php?rest_route=%2Fwp%2Fv2%2Fmedia&parent=508507"}],"wp:term":[{"taxonomy":"category","embeddable":true,"href":"https:\/\/diariodominicano.com\/index.php?rest_route=%2Fwp%2Fv2%2Fcategories&post=508507"},{"taxonomy":"post_tag","embeddable":true,"href":"https:\/\/diariodominicano.com\/index.php?rest_route=%2Fwp%2Fv2%2Ftags&post=508507"}],"curies":[{"name":"wp","href":"https:\/\/api.w.org\/{rel}","templated":true}]}}