{"id":508501,"date":"2024-02-14T23:56:19","date_gmt":"2024-02-15T03:56:19","guid":{"rendered":"https:\/\/diariodominicano.com\/?p=508501"},"modified":"2024-02-14T23:56:19","modified_gmt":"2024-02-15T03:56:19","slug":"jce-informa-elecciones-municipales-contaran-con-la-observacion-electoral-de-14-misiones-internacionales-a-nivel-nacional","status":"publish","type":"post","link":"https:\/\/diariodominicano.com\/?p=508501","title":{"rendered":"JCE informa elecciones municipales contar\u00e1n con la observaci\u00f3n electoral de 14 misiones internacionales a nivel nacional"},"content":{"rendered":"\n<p>Santo Domingo RD.- La Junta Central Electoral (JCE), informo el lunes que con el objetivo de celebrar unas elecciones libres, justas y transparentes para el fortalecimiento de la democracia, contar\u00e1 con la observaci\u00f3n de 14 misiones de observaci\u00f3n electoral de diferentes pa\u00edses para las elecciones municipales de este domingo 18 de febrero.<\/p>\n\n\n\n<figure class=\"wp-block-image size-large\"><img loading=\"lazy\" decoding=\"async\" width=\"1024\" height=\"682\" src=\"https:\/\/diariodominicano.com\/wp-content\/uploads\/2024\/02\/Obs.-6-1024x682.jpeg\" alt=\"\" class=\"wp-image-508503\" srcset=\"https:\/\/diariodominicano.com\/wp-content\/uploads\/2024\/02\/Obs.-6-1024x682.jpeg 1024w, https:\/\/diariodominicano.com\/wp-content\/uploads\/2024\/02\/Obs.-6-300x200.jpeg 300w, https:\/\/diariodominicano.com\/wp-content\/uploads\/2024\/02\/Obs.-6-768x512.jpeg 768w, https:\/\/diariodominicano.com\/wp-content\/uploads\/2024\/02\/Obs.-6-816x544.jpeg 816w, https:\/\/diariodominicano.com\/wp-content\/uploads\/2024\/02\/Obs.-6.jpeg 1280w\" sizes=\"auto, (max-width: 1024px) 100vw, 1024px\" \/><\/figure>\n\n\n\n<p>Los organismos de misiones de observaci\u00f3n electoral internacional que participar\u00e1n en el desarrollo de las elecciones municipales a nivel nacional son: la Organizaci\u00f3n de Estados Americanos (OEA), la Uni\u00f3n Interamericana de Organismos Electorales (UNIORE), el Centro de Asesor\u00eda y Promoci\u00f3n Electoral del Instituto Interamericano de Derechos Humanos (IIDH\/CAPEL), la Association of World Election Bodies (A-WEB), la Fundaci\u00f3n Internacional para Sistemas Electorales (IFES) y la Asociaci\u00f3n de Magistradas Electorales de Am\u00e9rica (AMEA).<\/p>\n\n\n\n<figure class=\"wp-block-image size-large\"><img loading=\"lazy\" decoding=\"async\" width=\"1024\" height=\"768\" src=\"https:\/\/diariodominicano.com\/wp-content\/uploads\/2024\/02\/Obs.-3-1024x768.jpeg\" alt=\"\" class=\"wp-image-508504\" srcset=\"https:\/\/diariodominicano.com\/wp-content\/uploads\/2024\/02\/Obs.-3-1024x768.jpeg 1024w, https:\/\/diariodominicano.com\/wp-content\/uploads\/2024\/02\/Obs.-3-300x225.jpeg 300w, https:\/\/diariodominicano.com\/wp-content\/uploads\/2024\/02\/Obs.-3-768x576.jpeg 768w, https:\/\/diariodominicano.com\/wp-content\/uploads\/2024\/02\/Obs.-3-1536x1152.jpeg 1536w, https:\/\/diariodominicano.com\/wp-content\/uploads\/2024\/02\/Obs.-3-816x612.jpeg 816w, https:\/\/diariodominicano.com\/wp-content\/uploads\/2024\/02\/Obs.-3.jpeg 2048w\" sizes=\"auto, (max-width: 1024px) 100vw, 1024px\" \/><\/figure>\n\n\n\n<p>Asimismo, la Conferencia Permanente de Partidos Pol\u00edticos de Am\u00e9rica Latina (COPPAL), el Consejo de Expertos Electorales de Latinoam\u00e9rica (CEELA), la Delegaci\u00f3n de la Uni\u00f3n Europea en la Rep\u00fablica Dominicana (UE), el Parlamento Centroamericano (PARLACEN), la Red Internacional la pol\u00edtica es Asunto de Mujeres, el Instituto Electoral de la Ciudad de M\u00e9xico (IECM), el Centro Internacional de Estudios Parlamentarios (ICPS) y la Red Latinoamericana de J\u00f3venes por la Democracia.<\/p>\n\n\n\n<figure class=\"wp-block-image size-large\"><img loading=\"lazy\" decoding=\"async\" width=\"1024\" height=\"682\" src=\"https:\/\/diariodominicano.com\/wp-content\/uploads\/2024\/02\/Obs.-4-1024x682.jpeg\" alt=\"\" class=\"wp-image-508505\" srcset=\"https:\/\/diariodominicano.com\/wp-content\/uploads\/2024\/02\/Obs.-4-1024x682.jpeg 1024w, https:\/\/diariodominicano.com\/wp-content\/uploads\/2024\/02\/Obs.-4-300x200.jpeg 300w, https:\/\/diariodominicano.com\/wp-content\/uploads\/2024\/02\/Obs.-4-768x512.jpeg 768w, https:\/\/diariodominicano.com\/wp-content\/uploads\/2024\/02\/Obs.-4-816x544.jpeg 816w, https:\/\/diariodominicano.com\/wp-content\/uploads\/2024\/02\/Obs.-4.jpeg 1280w\" sizes=\"auto, (max-width: 1024px) 100vw, 1024px\" \/><\/figure>\n\n\n\n<p>La OEA design\u00f3 a Eladio Loizaga, excanciller, abogado, diplom\u00e1tico y pol\u00edtico de Paraguay, como jefe de la misi\u00f3n que observar\u00e1 las elecciones municipales de este domingo. En el caso de UNIORE; fue designada como jefa de misi\u00f3n Ana Paola Hall, presidenta del \u00f3rgano electoral de Honduras.<\/p>\n\n\n\n<p>En un comunicado de prensa la JCE\u2002anunci\u00f3 \u00abEste domingo 18 de febrero, d\u00eda de las elecciones municipales, la ruta de observaci\u00f3n electoral contempla recorrer los colegios electorales a nivel nacional desde las 06:00 de la ma\u00f1ana\u00bb.<\/p>\n\n\n\n<p>Direcci\u00f3n de Comunicaciones<\/p>\n\n\n\n<p>14 de febrero de 2024<\/p>\n","protected":false},"excerpt":{"rendered":"<p>Santo Domingo RD.- La Junta Central Electoral (JCE), informo el lunes que con el objetivo de celebrar unas elecciones libres, justas y transparentes para el fortalecimiento de la democracia, contar\u00e1 con la observaci\u00f3n de 14 misiones de observaci\u00f3n electoral de diferentes pa\u00edses para las elecciones municipales de este domingo 18 de febrero. Los organismos de [&hellip;]<\/p>\n","protected":false},"author":28,"featured_media":508502,"comment_status":"closed","ping_status":"","sticky":true,"template":"","format":"standard","meta":{"footnotes":""},"categories":[20,22,27],"tags":[],"class_list":["post-508501","post","type-post","status-publish","format-standard","has-post-thumbnail","hentry","category-dominicana-hoy","category-politica","category-portada"],"_links":{"self":[{"href":"https:\/\/diariodominicano.com\/index.php?rest_route=\/wp\/v2\/posts\/508501","targetHints":{"allow":["GET"]}}],"collection":[{"href":"https:\/\/diariodominicano.com\/index.php?rest_route=\/wp\/v2\/posts"}],"about":[{"href":"https:\/\/diariodominicano.com\/index.php?rest_route=\/wp\/v2\/types\/post"}],"author":[{"embeddable":true,"href":"https:\/\/diariodominicano.com\/index.php?rest_route=\/wp\/v2\/users\/28"}],"replies":[{"embeddable":true,"href":"https:\/\/diariodominicano.com\/index.php?rest_route=%2Fwp%2Fv2%2Fcomments&post=508501"}],"version-history":[{"count":1,"href":"https:\/\/diariodominicano.com\/index.php?rest_route=\/wp\/v2\/posts\/508501\/revisions"}],"predecessor-version":[{"id":508506,"href":"https:\/\/diariodominicano.com\/index.php?rest_route=\/wp\/v2\/posts\/508501\/revisions\/508506"}],"wp:featuredmedia":[{"embeddable":true,"href":"https:\/\/diariodominicano.com\/index.php?rest_route=\/wp\/v2\/media\/508502"}],"wp:attachment":[{"href":"https:\/\/diariodominicano.com\/index.php?rest_route=%2Fwp%2Fv2%2Fmedia&parent=508501"}],"wp:term":[{"taxonomy":"category","embeddable":true,"href":"https:\/\/diariodominicano.com\/index.php?rest_route=%2Fwp%2Fv2%2Fcategories&post=508501"},{"taxonomy":"post_tag","embeddable":true,"href":"https:\/\/diariodominicano.com\/index.php?rest_route=%2Fwp%2Fv2%2Ftags&post=508501"}],"curies":[{"name":"wp","href":"https:\/\/api.w.org\/{rel}","templated":true}]}}