{"id":508418,"date":"2024-02-14T11:11:06","date_gmt":"2024-02-14T15:11:06","guid":{"rendered":"https:\/\/diariodominicano.com\/?p=508418"},"modified":"2024-02-14T11:11:06","modified_gmt":"2024-02-14T15:11:06","slug":"ann-kanpe-invita-al-dialogo-a-todas-las-fuerzas-politicas-de-haiti-para-salir-de-la-violencia","status":"publish","type":"post","link":"https:\/\/diariodominicano.com\/?p=508418","title":{"rendered":"Ann Kanpe invita al di\u00e1logo a todas las fuerzas pol\u00edticas de Hait\u00ed para salir de la violencia"},"content":{"rendered":"\n<p>diariodominicano.com<\/p>\n\n\n\n<p>Puerto Pr\u00edncipe, 14 feb (Prensa Latina) La organizaci\u00f3n sociopol\u00edtica ANN KANPE invit\u00f3 a todas las fuerzas activas de Hait\u00ed a discutir la situaci\u00f3n de la naci\u00f3n caribe\u00f1a, y la soluci\u00f3n ideal para los problemas que hoy agobian al pa\u00eds.<\/p>\n\n\n\n<p>La estructura denunci\u00f3 la inacci\u00f3n del gobierno encabezado por el primer ministro, Ariel Henry, ante las malas condiciones de vida de la poblaci\u00f3n haitiana, en particular de la que vive en barrios populares.<\/p>\n\n\n\n<p>Estas personas \u2013subraya el comunicado de ANN KANPE est\u00e1n expuestas a actos de violencia que incluyen secuestros, violaciones, desplazamientos forzosos y asesinatos.<\/p>\n\n\n\n<p>Los activistas de la plataforma criticaron el vandalismo, la inseguridad alimentaria y el alto costo de la vida. Lamentaron que m\u00e1s de 112 mil haitianos beneficiarios del programa migratorio de Estados Unidos dejaron sus hogares para continuar sus vidas en el pa\u00eds norte\u00f1o, mientras que otros se dirigen a Brasil, Chile y Canad\u00e1 en busca de un futuro mejor.<\/p>\n\n\n\n<p>La organizaci\u00f3n sociopol\u00edtica ANN KANPE critic\u00f3 la gesti\u00f3n pol\u00edtica de Henry, quien no puede poner punto final a la crisis pol\u00edtica, la inseguridad, el alto costo de vida, la corrupci\u00f3n y el desempleo.<\/p>\n\n\n\n<p>Consideraron que es vital realizar elecciones generales en Hait\u00ed para confiar las riendas del pa\u00eds a l\u00edderes que puedan orientar con \u00e9xito el rumbo de la naci\u00f3n antillana, pero para lograr todo este empe\u00f1o es primordial la discusi\u00f3n y el di\u00e1logo entre todas las fuerzas pol\u00edticas.<\/p>\n\n\n\n<p>mem\/joe<\/p>\n\n\n\n<figure class=\"wp-block-image size-full\"><img loading=\"lazy\" decoding=\"async\" width=\"277\" height=\"182\" src=\"https:\/\/diariodominicano.com\/wp-content\/uploads\/2024\/02\/Haiti-ANN-KANPE-14-2-24.jpg\" alt=\"\" class=\"wp-image-508431\"\/><\/figure>\n","protected":false},"excerpt":{"rendered":"<p>diariodominicano.com Puerto Pr\u00edncipe, 14 feb (Prensa Latina) La organizaci\u00f3n sociopol\u00edtica ANN KANPE invit\u00f3 a todas las fuerzas activas de Hait\u00ed a discutir la situaci\u00f3n de la naci\u00f3n caribe\u00f1a, y la soluci\u00f3n ideal para los problemas que hoy agobian al pa\u00eds. La estructura denunci\u00f3 la inacci\u00f3n del gobierno encabezado por el primer ministro, Ariel Henry, ante [&hellip;]<\/p>\n","protected":false},"author":5,"featured_media":508429,"comment_status":"closed","ping_status":"","sticky":true,"template":"","format":"standard","meta":{"footnotes":""},"categories":[112,23,27],"tags":[],"class_list":["post-508418","post","type-post","status-publish","format-standard","has-post-thumbnail","hentry","category-haiti","category-internacional","category-portada"],"_links":{"self":[{"href":"https:\/\/diariodominicano.com\/index.php?rest_route=\/wp\/v2\/posts\/508418","targetHints":{"allow":["GET"]}}],"collection":[{"href":"https:\/\/diariodominicano.com\/index.php?rest_route=\/wp\/v2\/posts"}],"about":[{"href":"https:\/\/diariodominicano.com\/index.php?rest_route=\/wp\/v2\/types\/post"}],"author":[{"embeddable":true,"href":"https:\/\/diariodominicano.com\/index.php?rest_route=\/wp\/v2\/users\/5"}],"replies":[{"embeddable":true,"href":"https:\/\/diariodominicano.com\/index.php?rest_route=%2Fwp%2Fv2%2Fcomments&post=508418"}],"version-history":[{"count":1,"href":"https:\/\/diariodominicano.com\/index.php?rest_route=\/wp\/v2\/posts\/508418\/revisions"}],"predecessor-version":[{"id":508432,"href":"https:\/\/diariodominicano.com\/index.php?rest_route=\/wp\/v2\/posts\/508418\/revisions\/508432"}],"wp:featuredmedia":[{"embeddable":true,"href":"https:\/\/diariodominicano.com\/index.php?rest_route=\/wp\/v2\/media\/508429"}],"wp:attachment":[{"href":"https:\/\/diariodominicano.com\/index.php?rest_route=%2Fwp%2Fv2%2Fmedia&parent=508418"}],"wp:term":[{"taxonomy":"category","embeddable":true,"href":"https:\/\/diariodominicano.com\/index.php?rest_route=%2Fwp%2Fv2%2Fcategories&post=508418"},{"taxonomy":"post_tag","embeddable":true,"href":"https:\/\/diariodominicano.com\/index.php?rest_route=%2Fwp%2Fv2%2Ftags&post=508418"}],"curies":[{"name":"wp","href":"https:\/\/api.w.org\/{rel}","templated":true}]}}