{"id":508408,"date":"2024-02-14T11:10:12","date_gmt":"2024-02-14T15:10:12","guid":{"rendered":"https:\/\/diariodominicano.com\/?p=508408"},"modified":"2024-02-14T21:50:25","modified_gmt":"2024-02-15T01:50:25","slug":"luis-el-gallo-dice-discurso-abinader-en-onu-fue-valiente-patriotico-y-nacionalista","status":"publish","type":"post","link":"https:\/\/diariodominicano.com\/?p=508408","title":{"rendered":"Luis \u201cEl Gallo\u201d dice discurso Abinader en ONU fue valiente, patri\u00f3tico y nacionalista"},"content":{"rendered":"\n<p>La Uni\u00f3n Dem\u00f3crata Cristiana -UDC- y su l\u00edder Luis Acosta Moreta, Luis \u201cEl Gallo\u201d, saludaron hoy la forma valiente, firme, y patri\u00f3tica en que el presidente Luis Abinader defendi\u00f3 los intereses nacionales, ante el Consejo de Seguridad de las Naciones Unidas, donde habl\u00f3 claro sobre la crisis haitiana.<\/p>\n\n\n\n<p>Enfatiz\u00f3 que en fino lenguaje diplom\u00e1tico, pero firme como una roca, el presidente Abinader dej\u00f3 bien definido que la Rep\u00fablica Dominicana no se involucrar\u00e1 en los problemas internos de Hait\u00ed.<\/p>\n\n\n\n<p>Aplaudi\u00f3 y dio un voto de reconocimiento al presidente Abinader cuando dijo: \u00abQuiero hoy advertirle a la Comunidad internacional que la Rep\u00fablica Dominicana luchar\u00e1 con todas sus fuerzas para evitar que sea arrastrada al mismo abismo que Hait\u00ed. Nuestra consigna, de hoy en adelante, ser\u00e1: \u00a1O luchamos juntos para salvar a Hait\u00ed o lucharemos solos para proteger a Rep\u00fablica Dominicana!\u201d.<\/p>\n\n\n\n<figure class=\"wp-block-gallery has-nested-images columns-default is-cropped wp-block-gallery-1 is-layout-flex wp-block-gallery-is-layout-flex\">\n<figure class=\"wp-block-image size-large\"><img loading=\"lazy\" decoding=\"async\" width=\"1024\" height=\"722\" data-id=\"508419\" src=\"https:\/\/diariodominicano.com\/wp-content\/uploads\/2024\/02\/Luis-El-Gallo-dice-discurso-Abinader-en-ONU-fue-valiente-patriotico-y-nacionalista.jpeg\" alt=\"\" class=\"wp-image-508419\" srcset=\"https:\/\/diariodominicano.com\/wp-content\/uploads\/2024\/02\/Luis-El-Gallo-dice-discurso-Abinader-en-ONU-fue-valiente-patriotico-y-nacionalista.jpeg 1024w, https:\/\/diariodominicano.com\/wp-content\/uploads\/2024\/02\/Luis-El-Gallo-dice-discurso-Abinader-en-ONU-fue-valiente-patriotico-y-nacionalista-300x212.jpeg 300w, https:\/\/diariodominicano.com\/wp-content\/uploads\/2024\/02\/Luis-El-Gallo-dice-discurso-Abinader-en-ONU-fue-valiente-patriotico-y-nacionalista-768x542.jpeg 768w, https:\/\/diariodominicano.com\/wp-content\/uploads\/2024\/02\/Luis-El-Gallo-dice-discurso-Abinader-en-ONU-fue-valiente-patriotico-y-nacionalista-816x575.jpeg 816w\" sizes=\"auto, (max-width: 1024px) 100vw, 1024px\" \/><\/figure>\n\n\n\n<figure class=\"wp-block-image size-large\"><img loading=\"lazy\" decoding=\"async\" width=\"1024\" height=\"722\" data-id=\"508422\" src=\"https:\/\/diariodominicano.com\/wp-content\/uploads\/2024\/02\/Luis-El-Gallo-discurso-Abinader-en-ONU-fue-valiente-patriotico-y-nacionalista.jpeg\" alt=\"\" class=\"wp-image-508422\" srcset=\"https:\/\/diariodominicano.com\/wp-content\/uploads\/2024\/02\/Luis-El-Gallo-discurso-Abinader-en-ONU-fue-valiente-patriotico-y-nacionalista.jpeg 1024w, https:\/\/diariodominicano.com\/wp-content\/uploads\/2024\/02\/Luis-El-Gallo-discurso-Abinader-en-ONU-fue-valiente-patriotico-y-nacionalista-300x212.jpeg 300w, https:\/\/diariodominicano.com\/wp-content\/uploads\/2024\/02\/Luis-El-Gallo-discurso-Abinader-en-ONU-fue-valiente-patriotico-y-nacionalista-768x542.jpeg 768w, https:\/\/diariodominicano.com\/wp-content\/uploads\/2024\/02\/Luis-El-Gallo-discurso-Abinader-en-ONU-fue-valiente-patriotico-y-nacionalista-816x575.jpeg 816w\" sizes=\"auto, (max-width: 1024px) 100vw, 1024px\" \/><\/figure>\n\n\n\n<figure class=\"wp-block-image size-large\"><img loading=\"lazy\" decoding=\"async\" width=\"1024\" height=\"576\" data-id=\"508423\" src=\"https:\/\/diariodominicano.com\/wp-content\/uploads\/2024\/02\/Luis-El-Gallo-pide-al-pueblo-dominicano-estar-atento-ante-maniobras-de-la-ONU-de-echar-crisis-interna-haitiana-sobre-RD.jpeg\" alt=\"\" class=\"wp-image-508423\" srcset=\"https:\/\/diariodominicano.com\/wp-content\/uploads\/2024\/02\/Luis-El-Gallo-pide-al-pueblo-dominicano-estar-atento-ante-maniobras-de-la-ONU-de-echar-crisis-interna-haitiana-sobre-RD.jpeg 1024w, https:\/\/diariodominicano.com\/wp-content\/uploads\/2024\/02\/Luis-El-Gallo-pide-al-pueblo-dominicano-estar-atento-ante-maniobras-de-la-ONU-de-echar-crisis-interna-haitiana-sobre-RD-300x169.jpeg 300w, https:\/\/diariodominicano.com\/wp-content\/uploads\/2024\/02\/Luis-El-Gallo-pide-al-pueblo-dominicano-estar-atento-ante-maniobras-de-la-ONU-de-echar-crisis-interna-haitiana-sobre-RD-768x432.jpeg 768w, https:\/\/diariodominicano.com\/wp-content\/uploads\/2024\/02\/Luis-El-Gallo-pide-al-pueblo-dominicano-estar-atento-ante-maniobras-de-la-ONU-de-echar-crisis-interna-haitiana-sobre-RD-816x459.jpeg 816w\" sizes=\"auto, (max-width: 1024px) 100vw, 1024px\" \/><\/figure>\n\n\n\n<figure class=\"wp-block-image size-large\"><img loading=\"lazy\" decoding=\"async\" width=\"1024\" height=\"683\" data-id=\"508420\" src=\"https:\/\/diariodominicano.com\/wp-content\/uploads\/2024\/02\/Luis-El-Gallo-dice-discurso-Abinader-ONU-fue-valiente-patriotico-y-nacionalista.jpeg\" alt=\"\" class=\"wp-image-508420\" srcset=\"https:\/\/diariodominicano.com\/wp-content\/uploads\/2024\/02\/Luis-El-Gallo-dice-discurso-Abinader-ONU-fue-valiente-patriotico-y-nacionalista.jpeg 1024w, https:\/\/diariodominicano.com\/wp-content\/uploads\/2024\/02\/Luis-El-Gallo-dice-discurso-Abinader-ONU-fue-valiente-patriotico-y-nacionalista-300x200.jpeg 300w, https:\/\/diariodominicano.com\/wp-content\/uploads\/2024\/02\/Luis-El-Gallo-dice-discurso-Abinader-ONU-fue-valiente-patriotico-y-nacionalista-768x512.jpeg 768w, https:\/\/diariodominicano.com\/wp-content\/uploads\/2024\/02\/Luis-El-Gallo-dice-discurso-Abinader-ONU-fue-valiente-patriotico-y-nacionalista-816x544.jpeg 816w\" sizes=\"auto, (max-width: 1024px) 100vw, 1024px\" \/><\/figure>\n\n\n\n<figure class=\"wp-block-image size-large\"><img loading=\"lazy\" decoding=\"async\" width=\"1024\" height=\"683\" data-id=\"508421\" src=\"https:\/\/diariodominicano.com\/wp-content\/uploads\/2024\/02\/Luis-El-Gallo-discurso-Abinader-ONU-fue-valiente-patriotico-y-nacionalista.jpeg\" alt=\"\" class=\"wp-image-508421\" srcset=\"https:\/\/diariodominicano.com\/wp-content\/uploads\/2024\/02\/Luis-El-Gallo-discurso-Abinader-ONU-fue-valiente-patriotico-y-nacionalista.jpeg 1024w, https:\/\/diariodominicano.com\/wp-content\/uploads\/2024\/02\/Luis-El-Gallo-discurso-Abinader-ONU-fue-valiente-patriotico-y-nacionalista-300x200.jpeg 300w, https:\/\/diariodominicano.com\/wp-content\/uploads\/2024\/02\/Luis-El-Gallo-discurso-Abinader-ONU-fue-valiente-patriotico-y-nacionalista-768x512.jpeg 768w, https:\/\/diariodominicano.com\/wp-content\/uploads\/2024\/02\/Luis-El-Gallo-discurso-Abinader-ONU-fue-valiente-patriotico-y-nacionalista-816x544.jpeg 816w\" sizes=\"auto, (max-width: 1024px) 100vw, 1024px\" \/><\/figure>\n<\/figure>\n\n\n\n<p>Luis \u201cEl Gallo\u201d destac\u00f3 que es deseo de las grandes potencias empujar a la Rep\u00fablica Dominicana a tomar parte directa en la crisis haitiana, que de acuerdo con todos los analistas pol\u00edticos internacionales, terminar\u00e1 en una guerra civil.<\/p>\n\n\n\n<p>Hoy la UDC ratifica su posici\u00f3n de que el territorio nacional no debe ser utilizado como zona para la creaci\u00f3n de campamentos humanitarios, o para reabastecimiento de tropas extranjeras.<\/p>\n\n\n\n<p>Dijo que la responsabilidad de la crisis haitiana es de los Estados Unidos, Canad\u00e1 y Francia, y toca a ellos, miembros del Consejo de Seguridad, aplicar las medidas de lugar para normalizar la situaci\u00f3n de ese pa\u00eds.<\/p>\n\n\n\n<p>Apunt\u00f3 que una intervenci\u00f3n militar en Hait\u00ed no es la soluci\u00f3n, si se toma en cuenta que los grupos armados que inciden all\u00ed tienen fuerte patrocinio internacional, como lo demuestran por los veh\u00edculos en que se desplazan y por las armas de nueva generaci\u00f3n que tienen.<\/p>\n\n\n\n<p>Luis \u201cEl Gallo\u201d manifest\u00f3 que el presidente Abinader plante\u00f3 en el Consejo de Seguridad toda la ayuda humanitaria que la Rep\u00fablica Dominicana suministra a los haitianos, incluyendo a cientos de parturientas que llenan los centros de maternidad dominicanos.<\/p>\n\n\n\n<p>Apunt\u00f3 que desde la Rep\u00fablica Dominicana se alientan los mercados binacionales, tomando en cuenta que se da un alivio a la pesarosa situaci\u00f3n haitiana, logrando suministrar al vecino pa\u00eds alimentos de buena calidad y a un bajo precio.<\/p>\n\n\n\n<p>Pero los dominicanos han sido v\u00edctimas de una provocaci\u00f3n inmerecida, como ha sido la construcci\u00f3n de un dique y el desv\u00edo de las aguas del r\u00edo Masacre.<\/p>\n","protected":false},"excerpt":{"rendered":"<p>La Uni\u00f3n Dem\u00f3crata Cristiana -UDC- y su l\u00edder Luis Acosta Moreta, Luis \u201cEl Gallo\u201d, saludaron hoy la forma valiente, firme, y patri\u00f3tica en que el presidente Luis Abinader defendi\u00f3 los intereses nacionales, ante el Consejo de Seguridad de las Naciones Unidas, donde habl\u00f3 claro sobre la crisis haitiana. Enfatiz\u00f3 que en fino lenguaje diplom\u00e1tico, pero [&hellip;]<\/p>\n","protected":false},"author":7,"featured_media":508421,"comment_status":"closed","ping_status":"","sticky":true,"template":"","format":"standard","meta":{"footnotes":""},"categories":[22,27],"tags":[],"class_list":["post-508408","post","type-post","status-publish","format-standard","has-post-thumbnail","hentry","category-politica","category-portada"],"_links":{"self":[{"href":"https:\/\/diariodominicano.com\/index.php?rest_route=\/wp\/v2\/posts\/508408","targetHints":{"allow":["GET"]}}],"collection":[{"href":"https:\/\/diariodominicano.com\/index.php?rest_route=\/wp\/v2\/posts"}],"about":[{"href":"https:\/\/diariodominicano.com\/index.php?rest_route=\/wp\/v2\/types\/post"}],"author":[{"embeddable":true,"href":"https:\/\/diariodominicano.com\/index.php?rest_route=\/wp\/v2\/users\/7"}],"replies":[{"embeddable":true,"href":"https:\/\/diariodominicano.com\/index.php?rest_route=%2Fwp%2Fv2%2Fcomments&post=508408"}],"version-history":[{"count":1,"href":"https:\/\/diariodominicano.com\/index.php?rest_route=\/wp\/v2\/posts\/508408\/revisions"}],"predecessor-version":[{"id":508430,"href":"https:\/\/diariodominicano.com\/index.php?rest_route=\/wp\/v2\/posts\/508408\/revisions\/508430"}],"wp:featuredmedia":[{"embeddable":true,"href":"https:\/\/diariodominicano.com\/index.php?rest_route=\/wp\/v2\/media\/508421"}],"wp:attachment":[{"href":"https:\/\/diariodominicano.com\/index.php?rest_route=%2Fwp%2Fv2%2Fmedia&parent=508408"}],"wp:term":[{"taxonomy":"category","embeddable":true,"href":"https:\/\/diariodominicano.com\/index.php?rest_route=%2Fwp%2Fv2%2Fcategories&post=508408"},{"taxonomy":"post_tag","embeddable":true,"href":"https:\/\/diariodominicano.com\/index.php?rest_route=%2Fwp%2Fv2%2Ftags&post=508408"}],"curies":[{"name":"wp","href":"https:\/\/api.w.org\/{rel}","templated":true}]}}