{"id":50840,"date":"2020-08-10T11:53:45","date_gmt":"2020-08-10T11:53:45","guid":{"rendered":"http:\/\/diariodominicano.ddns.net\/?p=50840"},"modified":"2020-08-10T11:53:45","modified_gmt":"2020-08-10T11:53:45","slug":"archivo-general-de-la-nacion-convoca-premio-de-historia-vetilio-alfau","status":"publish","type":"post","link":"https:\/\/diariodominicano.com\/?p=50840","title":{"rendered":"Archivo General de la Naci\u00f3n convoca Premio de Historia Vetilio Alfau"},"content":{"rendered":"<p><body><\/p>\n<p><img decoding=\"async\" src=\"img3\/ArchivograNacion10-8-20.png\" \/>  <\/p>\n<p><span class=\"text1noticias\">diariodominicano.com<\/span><\/p>\n<\/p>\n<p><span class=\"text1noticias\">Santo Domingo, 10 de agosto 2020 &#8211; El Archivo General de la Naci\u00f3n (AGN), invita a los investigadores, estudiosos y escritores dominicanos o residentes legales en el pa\u00eds, a participar de la cuarta versi\u00f3n del Premio Nacional de Historia \u00abVetilio Alfau Dur\u00e1n\u00bb.<\/span><\/p>\n<\/p>\n<p><span class=\"text1noticias\">El AGN auspicia cada dos a\u00f1os  las  ediciones del concurso Premio de Historia Vetilio Alfau Dur\u00e1n, con el objetivo de estimular y reconocer las investigaciones  en los g\u00e9neros convocados, especialmente el ensayo, las compilaciones documentales y las obras de ficci\u00f3n hist\u00f3rica. Con especial inter\u00e9s tambi\u00e9n se promueven y premian los ensayos de j\u00f3venes investigadores, como v\u00eda para su inserci\u00f3n en la vida intelectual de la naci\u00f3n e incentivo a incursionar en la investigaci\u00f3n hist\u00f3rica, campo que ha estado en decadencia durante los \u00faltimos a\u00f1os. Se trata de un modesto aporte del Archivo para el fortalecimiento de las investigaciones hist\u00f3ricas en el pa\u00eds y una contribuci\u00f3n a la formaci\u00f3n de valores patrios. <\/span><\/p>\n<\/p>\n<p><span class=\"text1noticias\">Eliades Acosta, encargado del Departamento de Investigaciones, se\u00f1ala que este es un premio entregado en el marco de la Feria del Libro de Historia Dominicana y que el proceso de elecci\u00f3n de las obras lo hace un jurado compuesto por destacados profesores de Historia de universidades, historiadores de la Academia Dominicana de la Historia, as\u00ed como un representante del AGN, \u00abpara todas las categor\u00edas es deseable que se usen los documentos que tenemos en el Archivo\u00bb puntualiz\u00f3 Acosta.<\/span><\/p>\n<\/p>\n<p><span class=\"text1noticias\">Las obras premiadas ser\u00e1n publicadas en su totalidad o en parte por el AGN, y puestas a circular en la Feria del Libro de Historia Dominicana posterior a la celebraci\u00f3n del Premio.<\/span><\/p>\n<p><span class=\"text1noticias\">Categor\u00edas del Premio<\/span><\/p>\n<\/p>\n<p><span class=\"text1noticias\">El premio consta de cuatro categor\u00edas: \u00abPremio de Ensayo\u00bb, dotado con RD$200,000.  \u00abPremio de Compilaci\u00f3n Documental\u00bb, dotado con RD$150,000. Tres \u00abPremios Especiales de Ensayo para J\u00f3venes Investigadores\u00bb, de hasta 30 a\u00f1os de edad, dotado con RD$50,000 cada uno. \u00abPremio Enriquillo\u00bb, para novela hist\u00f3rica o colecci\u00f3n de relatos hist\u00f3ricos, dotado con RD$150,000.<\/span><\/p>\n<p><span class=\"text1noticias\">Requisitos para la presentaci\u00f3n<\/span><\/p>\n<p><span class=\"text1noticias\">Los textos deben ser originales e in\u00e9ditos, no habiendo recibido ning\u00fan otro tipo de premio, deber\u00e1n estar redactados en lengua castellana entre otras especificaciones disponibles en la p\u00e1gina web, agn.gov.do.<\/span><\/p>\n<p><span class=\"text1noticias\">El plazo de recepci\u00f3n de las obras finalizar\u00e1 el 9 de septiembre del 2020, a las 3 de la tarde.<\/span><\/p>\n<h6> 2020-08-10 11:53:45 <\/h6>\n<p><!--\n<link rel=\"stylesheet\" href=\"css\/bootstrap.min.css\">\n\n\n<ul class=\"pagination\">\n\t    \n\t\n\n<li >\n\t<a href='?page_no=333'>Previous<\/a>\n\t<\/li>\n\n\n       \n    \n\n<li><a href='?page_no=1'>1<\/a><\/li>\n\n\n\n<li><a href='?page_no=2'>2<\/a><\/li>\n\n\n\n<li><a>...<\/a><\/li>\n\n\n\n<li><a href='?page_no=332'>332<\/a><\/li>\n\n\n\n<li><a href='?page_no=333'>333<\/a><\/li>\n\n\n\n<li class='active'><a>334<\/a><\/li>\n\n\n\n<li><a href='?page_no=335'>335<\/a><\/li>\n\n\n\n<li><a href='?page_no=336'>336<\/a><\/li>\n\n\n\n<li><a>...<\/a><\/li>\n\n\n\n<li><a href='?page_no=22911'>22911<\/a><\/li>\n\n\n\n<li><a href='?page_no=22912'>22912<\/a><\/li>\n\n    \n\t\n\n<li >\n\t<a href='?page_no=335'>Next<\/a>\n\t<\/li>\n\n\n    \n\n<li><a href='?page_no=22912'>Last &rsaquo;&rsaquo;<\/a><\/li>\n\n<\/ul>\n\n\n--><br \/>\n<\/body><\/p>\n","protected":false},"excerpt":{"rendered":"<p>diariodominicano.com Santo Domingo, 10 de agosto 2020 &#8211; El Archivo General de la Naci\u00f3n (AGN), invita a los investigadores, estudiosos y escritores dominicanos o residentes legales en el pa\u00eds, a participar de la cuarta versi\u00f3n del Premio Nacional de Historia \u00abVetilio Alfau Dur\u00e1n\u00bb. El AGN auspicia cada dos a\u00f1os las ediciones del concurso Premio de [&hellip;]<\/p>\n","protected":false},"author":3,"featured_media":0,"comment_status":"open","ping_status":"open","sticky":false,"template":"","format":"standard","meta":{"footnotes":""},"categories":[21],"tags":[],"class_list":["post-50840","post","type-post","status-publish","format-standard","hentry","category-cultura"],"_links":{"self":[{"href":"https:\/\/diariodominicano.com\/index.php?rest_route=\/wp\/v2\/posts\/50840","targetHints":{"allow":["GET"]}}],"collection":[{"href":"https:\/\/diariodominicano.com\/index.php?rest_route=\/wp\/v2\/posts"}],"about":[{"href":"https:\/\/diariodominicano.com\/index.php?rest_route=\/wp\/v2\/types\/post"}],"author":[{"embeddable":true,"href":"https:\/\/diariodominicano.com\/index.php?rest_route=\/wp\/v2\/users\/3"}],"replies":[{"embeddable":true,"href":"https:\/\/diariodominicano.com\/index.php?rest_route=%2Fwp%2Fv2%2Fcomments&post=50840"}],"version-history":[{"count":0,"href":"https:\/\/diariodominicano.com\/index.php?rest_route=\/wp\/v2\/posts\/50840\/revisions"}],"wp:attachment":[{"href":"https:\/\/diariodominicano.com\/index.php?rest_route=%2Fwp%2Fv2%2Fmedia&parent=50840"}],"wp:term":[{"taxonomy":"category","embeddable":true,"href":"https:\/\/diariodominicano.com\/index.php?rest_route=%2Fwp%2Fv2%2Fcategories&post=50840"},{"taxonomy":"post_tag","embeddable":true,"href":"https:\/\/diariodominicano.com\/index.php?rest_route=%2Fwp%2Fv2%2Ftags&post=50840"}],"curies":[{"name":"wp","href":"https:\/\/api.w.org\/{rel}","templated":true}]}}