{"id":508318,"date":"2024-02-14T00:24:41","date_gmt":"2024-02-14T04:24:41","guid":{"rendered":"https:\/\/diariodominicano.com\/?p=508318"},"modified":"2024-02-14T00:25:36","modified_gmt":"2024-02-14T04:25:36","slug":"fallece-madre-de-comunicador-rafael-guerrero-de-corrupcion-al-desnudo","status":"publish","type":"post","link":"https:\/\/diariodominicano.com\/?p=508318","title":{"rendered":"Fallece madre de comunicador Rafael Guerrero de corrupci\u00f3n al Desnudo"},"content":{"rendered":"\n<p><strong>Santa Margarita M\u00e9ndez Prandi<\/strong><\/p>\n\n\n\n<p><strong><br><\/strong><br><strong>Santo Domingo<\/strong>, RD.- Falleci\u00f3 este lunes la madre del comunicador de la plataforma \u201cCorrupci\u00f3n Al Desnudo\u201d, Rafael Guerrero, se\u00f1ora Santa Margarita M\u00e9ndez Prandi.<br><br>A M\u00e9ndez Prandi le sobreviven sus hijos Rafael Antonio y Altagracia Olimpia Guerrero M\u00e9ndez, a quienes procre\u00f3 con el mayor general Sim\u00f3n Tadeo Guerrero Gonz\u00e1lez.<br><br>Su partida deja un profundo pesar en el sector de Villa Duarte, donde resid\u00eda y su presencia fue sin\u00f3nimo de apoyo incondicional y ayuda desinteresada. Sus acciones altruistas y su entrega a los dem\u00e1s la convirtieron en un faro de esperanza para muchos en esta comunidad, dejando un legado que perdurar\u00e1 en la memoria de quienes tuvieron el privilegio de conocerla.<br><br>La progenitora del comunicador naci\u00f3 en El Llano, Ban\u00ed, provincia Peravia el 15 de octubre del a\u00f1o 1937.<\/p>\n\n\n\n<p>alexiprd3000 Roa<\/p>\n\n\n\n<p><a href=\"mailto:alexiprd30@gmail.com\" target=\"_blank\" rel=\"noreferrer noopener\">alexiprd30@gmail.com<\/a><\/p>\n","protected":false},"excerpt":{"rendered":"<p>Santa Margarita M\u00e9ndez Prandi Santo Domingo, RD.- Falleci\u00f3 este lunes la madre del comunicador de la plataforma \u201cCorrupci\u00f3n Al Desnudo\u201d, Rafael Guerrero, se\u00f1ora Santa Margarita M\u00e9ndez Prandi. A M\u00e9ndez Prandi le sobreviven sus hijos Rafael Antonio y Altagracia Olimpia Guerrero M\u00e9ndez, a quienes procre\u00f3 con el mayor general Sim\u00f3n Tadeo Guerrero Gonz\u00e1lez. Su partida deja [&hellip;]<\/p>\n","protected":false},"author":28,"featured_media":508319,"comment_status":"closed","ping_status":"","sticky":false,"template":"","format":"standard","meta":{"footnotes":""},"categories":[26,25],"tags":[],"class_list":["post-508318","post","type-post","status-publish","format-standard","has-post-thumbnail","hentry","category-efemerides","category-gente"],"_links":{"self":[{"href":"https:\/\/diariodominicano.com\/index.php?rest_route=\/wp\/v2\/posts\/508318","targetHints":{"allow":["GET"]}}],"collection":[{"href":"https:\/\/diariodominicano.com\/index.php?rest_route=\/wp\/v2\/posts"}],"about":[{"href":"https:\/\/diariodominicano.com\/index.php?rest_route=\/wp\/v2\/types\/post"}],"author":[{"embeddable":true,"href":"https:\/\/diariodominicano.com\/index.php?rest_route=\/wp\/v2\/users\/28"}],"replies":[{"embeddable":true,"href":"https:\/\/diariodominicano.com\/index.php?rest_route=%2Fwp%2Fv2%2Fcomments&post=508318"}],"version-history":[{"count":3,"href":"https:\/\/diariodominicano.com\/index.php?rest_route=\/wp\/v2\/posts\/508318\/revisions"}],"predecessor-version":[{"id":508322,"href":"https:\/\/diariodominicano.com\/index.php?rest_route=\/wp\/v2\/posts\/508318\/revisions\/508322"}],"wp:featuredmedia":[{"embeddable":true,"href":"https:\/\/diariodominicano.com\/index.php?rest_route=\/wp\/v2\/media\/508319"}],"wp:attachment":[{"href":"https:\/\/diariodominicano.com\/index.php?rest_route=%2Fwp%2Fv2%2Fmedia&parent=508318"}],"wp:term":[{"taxonomy":"category","embeddable":true,"href":"https:\/\/diariodominicano.com\/index.php?rest_route=%2Fwp%2Fv2%2Fcategories&post=508318"},{"taxonomy":"post_tag","embeddable":true,"href":"https:\/\/diariodominicano.com\/index.php?rest_route=%2Fwp%2Fv2%2Ftags&post=508318"}],"curies":[{"name":"wp","href":"https:\/\/api.w.org\/{rel}","templated":true}]}}