{"id":508101,"date":"2024-02-13T19:48:21","date_gmt":"2024-02-13T23:48:21","guid":{"rendered":"https:\/\/diariodominicano.com\/?p=508101"},"modified":"2024-02-13T19:49:27","modified_gmt":"2024-02-13T23:49:27","slug":"domingo-contreras-ganara-las-elecciones-de-la-capital","status":"publish","type":"post","link":"https:\/\/diariodominicano.com\/?p=508101","title":{"rendered":"Domingo Contreras ganar\u00e1 las elecciones de la capital"},"content":{"rendered":"\n<p><strong><em>El ex presidente Danilo Medina<\/em><\/strong><em>&nbsp;afirma que Domingo Contreras ser\u00e1 el pr\u00f3ximo alcalde del Distrito Nacional.<\/em><\/p>\n\n\n\n<p><strong>El ex presidente de la Rep\u00fablica, Danilo Medina, presidente del Partido de la Liberaci\u00f3n Dominicana, asegur\u00f3 que Domingo Contreras, candidato a la alcald\u00eda del Distrito Nacional del PLD y de la alianza opositora Rescate RD,<\/strong>&nbsp;se convertir\u00e1 &nbsp;&nbsp;&nbsp;&nbsp;el pr\u00f3ximo domingo en el alcalde de la ciudad capital.<\/p>\n\n\n\n<p>\u201cVamos a ganar la alcald\u00eda de la capital con Domingo Contreras y tambi\u00e9n vamos a ganar la Presidencia de la Republica\u201d, dijo concitando un aplauso que estremeci\u00f3 el sal\u00f3n en una asamblea de dirigentes pelede\u00edstas, la tarde-noche del lunes. &nbsp;&nbsp;<\/p>\n\n\n\n<p>Danilo Medina agot\u00f3 el turno final en la masiva asamblea, que concentr\u00f3 dirigentes del PLD de las tres circunscripciones de la capital quienes abarrotaron el amplio sal\u00f3n Bienvenido Sandoval para recibir las orientaciones finales sobre el proceso electoral del domingo.<\/p>\n\n\n\n<figure class=\"wp-block-gallery has-nested-images columns-default is-cropped wp-block-gallery-1 is-layout-flex wp-block-gallery-is-layout-flex\">\n<figure class=\"wp-block-image size-large\"><img loading=\"lazy\" decoding=\"async\" width=\"800\" height=\"461\" data-id=\"508125\" src=\"https:\/\/diariodominicano.com\/wp-content\/uploads\/2024\/02\/Danilo-Medina-Domingo-Contreras.jpg\" alt=\"\" class=\"wp-image-508125\" srcset=\"https:\/\/diariodominicano.com\/wp-content\/uploads\/2024\/02\/Danilo-Medina-Domingo-Contreras.jpg 800w, https:\/\/diariodominicano.com\/wp-content\/uploads\/2024\/02\/Danilo-Medina-Domingo-Contreras-300x173.jpg 300w, https:\/\/diariodominicano.com\/wp-content\/uploads\/2024\/02\/Danilo-Medina-Domingo-Contreras-768x443.jpg 768w\" sizes=\"auto, (max-width: 800px) 100vw, 800px\" \/><\/figure>\n\n\n\n<figure class=\"wp-block-image size-large\"><img loading=\"lazy\" decoding=\"async\" width=\"800\" height=\"381\" data-id=\"508124\" src=\"https:\/\/diariodominicano.com\/wp-content\/uploads\/2024\/02\/Danilo-Medina-afirma-que-Domingo-Contreras-sera-el-proximo-alcalde.jpg\" alt=\"\" class=\"wp-image-508124\" srcset=\"https:\/\/diariodominicano.com\/wp-content\/uploads\/2024\/02\/Danilo-Medina-afirma-que-Domingo-Contreras-sera-el-proximo-alcalde.jpg 800w, https:\/\/diariodominicano.com\/wp-content\/uploads\/2024\/02\/Danilo-Medina-afirma-que-Domingo-Contreras-sera-el-proximo-alcalde-300x143.jpg 300w, https:\/\/diariodominicano.com\/wp-content\/uploads\/2024\/02\/Danilo-Medina-afirma-que-Domingo-Contreras-sera-el-proximo-alcalde-768x366.jpg 768w\" sizes=\"auto, (max-width: 800px) 100vw, 800px\" \/><\/figure>\n\n\n\n<figure class=\"wp-block-image size-large\"><img loading=\"lazy\" decoding=\"async\" width=\"800\" height=\"383\" data-id=\"508123\" src=\"https:\/\/diariodominicano.com\/wp-content\/uploads\/2024\/02\/Danilo-Medina-afirma-que-Domingo-Contreras-sera-el-proximo-alcalde-del-DN.jpg\" alt=\"\" class=\"wp-image-508123\" srcset=\"https:\/\/diariodominicano.com\/wp-content\/uploads\/2024\/02\/Danilo-Medina-afirma-que-Domingo-Contreras-sera-el-proximo-alcalde-del-DN.jpg 800w, https:\/\/diariodominicano.com\/wp-content\/uploads\/2024\/02\/Danilo-Medina-afirma-que-Domingo-Contreras-sera-el-proximo-alcalde-del-DN-300x144.jpg 300w, https:\/\/diariodominicano.com\/wp-content\/uploads\/2024\/02\/Danilo-Medina-afirma-que-Domingo-Contreras-sera-el-proximo-alcalde-del-DN-768x368.jpg 768w\" sizes=\"auto, (max-width: 800px) 100vw, 800px\" \/><\/figure>\n\n\n\n<figure class=\"wp-block-image size-large\"><img loading=\"lazy\" decoding=\"async\" width=\"800\" height=\"424\" data-id=\"508122\" src=\"https:\/\/diariodominicano.com\/wp-content\/uploads\/2024\/02\/Domingo-Contreras-ganara-elecciones-de-la-capital.jpg\" alt=\"\" class=\"wp-image-508122\" srcset=\"https:\/\/diariodominicano.com\/wp-content\/uploads\/2024\/02\/Domingo-Contreras-ganara-elecciones-de-la-capital.jpg 800w, https:\/\/diariodominicano.com\/wp-content\/uploads\/2024\/02\/Domingo-Contreras-ganara-elecciones-de-la-capital-300x159.jpg 300w, https:\/\/diariodominicano.com\/wp-content\/uploads\/2024\/02\/Domingo-Contreras-ganara-elecciones-de-la-capital-768x407.jpg 768w\" sizes=\"auto, (max-width: 800px) 100vw, 800px\" \/><\/figure>\n<\/figure>\n\n\n\n<p>El ex mandatario defini\u00f3 el partido morado de la estrella amarilla como el \u201cInmenso PLD\u201d al que temen sus adversarios como el diablo a la cruz.<\/p>\n\n\n\n<p>Exhort\u00f3 a los dirigentes presentes a tener fe en el triunfo y doblar el trabajo para que se cumpla el anhelo de una ciudad que est\u00e1 confiando en un dirigente que se ha preparado para dirigirla con eficiencia y sacar al municipio del abandono y el descuido.<\/p>\n\n\n\n<p>\u201cDomingo (Contreras) ganar\u00e1 las elecciones, tengo la seguridad de que eso suceder\u00e1. \u00c9l ha hecho su trabajo, ahora les corresponde a ustedes, llevar la gente a votar\u201d dijo el dos veces presidente de la Rep\u00fablica.<\/p>\n\n\n\n<p>El presidente del PLD se detuvo a motivar a quienes representar\u00e1n al PLD en los colegios electorales, que tienen que defender el voto &nbsp;&nbsp;con gallard\u00eda y lealtad.<\/p>\n\n\n\n<p>Danilo Medina hizo saber que la candidatura de Domingo Contreras para la alcald\u00eda del Distrito Nacional est\u00e1 en primer lugar: \u201cNo se lleven de cuentos con encuestas realizadas como traje a la medida. Es por eso que hemos dicho esperen al 18, que ser\u00e1 un punto de inflexi\u00f3n (domingo 18 de febrero, fecha de las elecciones municipales).<\/p>\n\n\n\n<p>En su exposici\u00f3n, interrumpida por cerrados aplausos, el presidente del PLD insisti\u00f3 en que los miembros, militantes, dirigentes pelede\u00edsta, tienen que llevar la gente a votar, no dejar eso a la espontaneidad ni dejarlo para m\u00e1s tarde.<\/p>\n\n\n\n<p>Destac\u00f3 que la esperanza del pueblo dominicano est\u00e1 cifrada en el Partido de la Liberaci\u00f3n Dominicana y que la gente espera con ansias que el PLD vuelva a gobernar para volver a comer, porque literalmente la gente est\u00e1 pasando hambre.<\/p>\n\n\n\n<p>En la asamblea intervino tambi\u00e9n Sim\u00f3n Lizardo en su calidad de coordinador de campa\u00f1a del Distrito Nacional, Danilo Diaz, delegado ante la JCE, con las orientaciones sobre el d\u00eda de las votaciones, Charles Mariotti, secretario general y el propio Domingo Contreras, candidato a la alcald\u00eda de la capital.<\/p>\n\n\n\n<p>Integraron el equipo de direcci\u00f3n de la asamblea Danilo Medina, Presidente del PLD, Charles Mariotti, Secretario General, Domingo Contreras, candidato a alcalde Juan Ariel Jim\u00e9nez, vicepresidente del PLD, la ex vicepresidenta de la Rep\u00fablica Margarita Cede\u00f1o, Sim\u00f3n Lizardo, coordinador de la campa\u00f1a distrital, Danilo Diaz y Miguel Mercedes, coordinador de campa\u00f1a de la alianza Rescate RD.<\/p>\n\n\n\n<p>Tambi\u00e9n el presidente del PLD en el Distrito Nacional, Radham\u00e9s Segura y los presidentes de las Tres Circunscripciones de la Capital, Ram\u00f3n Rivas, El\u00edas Cornelio y William Espinosa y sus Enlaces; Robert De la Cruz, Manuel Saleta y Miriam Cabral.<\/p>\n\n\n\n<p>Participaron en el equipo de direcci\u00f3n de la asamblea los miembros del Comit\u00e9 Pol\u00edtico Gustavo S\u00e1nchez, Yv\u00e1n Lorenzo, Yomaira Medina, Maribel Acosta, Jos\u00e9 Dant\u00e9s Diaz, Alejandro Mont\u00e1s, Armando Garc\u00eda, Melanio Paredes y Lidio Cadet.<\/p>\n\n\n\n<p><strong>SECRETARIA DE COMUNICACIONES<\/strong><\/p>\n","protected":false},"excerpt":{"rendered":"<p>El ex presidente Danilo Medina&nbsp;afirma que Domingo Contreras ser\u00e1 el pr\u00f3ximo alcalde del Distrito Nacional. El ex presidente de la Rep\u00fablica, Danilo Medina, presidente del Partido de la Liberaci\u00f3n Dominicana, asegur\u00f3 que Domingo Contreras, candidato a la alcald\u00eda del Distrito Nacional del PLD y de la alianza opositora Rescate RD,&nbsp;se convertir\u00e1 &nbsp;&nbsp;&nbsp;&nbsp;el pr\u00f3ximo domingo en [&hellip;]<\/p>\n","protected":false},"author":7,"featured_media":508125,"comment_status":"closed","ping_status":"closed","sticky":true,"template":"","format":"standard","meta":{"footnotes":""},"categories":[22,27],"tags":[],"class_list":["post-508101","post","type-post","status-publish","format-standard","has-post-thumbnail","hentry","category-politica","category-portada"],"_links":{"self":[{"href":"https:\/\/diariodominicano.com\/index.php?rest_route=\/wp\/v2\/posts\/508101","targetHints":{"allow":["GET"]}}],"collection":[{"href":"https:\/\/diariodominicano.com\/index.php?rest_route=\/wp\/v2\/posts"}],"about":[{"href":"https:\/\/diariodominicano.com\/index.php?rest_route=\/wp\/v2\/types\/post"}],"author":[{"embeddable":true,"href":"https:\/\/diariodominicano.com\/index.php?rest_route=\/wp\/v2\/users\/7"}],"replies":[{"embeddable":true,"href":"https:\/\/diariodominicano.com\/index.php?rest_route=%2Fwp%2Fv2%2Fcomments&post=508101"}],"version-history":[{"count":1,"href":"https:\/\/diariodominicano.com\/index.php?rest_route=\/wp\/v2\/posts\/508101\/revisions"}],"predecessor-version":[{"id":508178,"href":"https:\/\/diariodominicano.com\/index.php?rest_route=\/wp\/v2\/posts\/508101\/revisions\/508178"}],"wp:featuredmedia":[{"embeddable":true,"href":"https:\/\/diariodominicano.com\/index.php?rest_route=\/wp\/v2\/media\/508125"}],"wp:attachment":[{"href":"https:\/\/diariodominicano.com\/index.php?rest_route=%2Fwp%2Fv2%2Fmedia&parent=508101"}],"wp:term":[{"taxonomy":"category","embeddable":true,"href":"https:\/\/diariodominicano.com\/index.php?rest_route=%2Fwp%2Fv2%2Fcategories&post=508101"},{"taxonomy":"post_tag","embeddable":true,"href":"https:\/\/diariodominicano.com\/index.php?rest_route=%2Fwp%2Fv2%2Ftags&post=508101"}],"curies":[{"name":"wp","href":"https:\/\/api.w.org\/{rel}","templated":true}]}}