{"id":50807,"date":"2020-08-10T23:37:51","date_gmt":"2020-08-10T23:37:51","guid":{"rendered":"http:\/\/diariodominicano.ddns.net\/?p=50807"},"modified":"2020-08-10T23:37:51","modified_gmt":"2020-08-10T23:37:51","slug":"en-incidente-matan-a-oscar-santana","status":"publish","type":"post","link":"https:\/\/diariodominicano.com\/?p=50807","title":{"rendered":"En incidente matan a Oscar Santana&#13;"},"content":{"rendered":"<p><body><\/p>\n<p><strong>En incidente matan a Oscar Santana<\/strong><\/p>\n<p><strong>  SANTO DOMINGO,  el 11 de agosto de 1965,<\/strong> durante la Guerra de Abril, fue muerto el luchador constitucionalista Oscar Santana.<\/p>\n<\/p>\n<p>    Oscar Santana se hab\u00eda destacado por su entrega a la defensa de la constitucionalidad.<\/p>\n<\/p>\n<p>   De acuerdo con una versi\u00f3n de compa\u00f1eros de Oscar Santana, \u00e9l fue herido de muerte el 11 de agosto de 1965,  por el joven Luis Trabou, quien se dispon\u00eda a sustraer unas gallinas de un patio de la zona constitucionalista.<\/p>\n<\/p>\n<p>De acuerdo con la versi\u00f3n, cuando Oscar Santana lo descubri\u00f3 de inmediato le dispar\u00f3.<\/p>\n<\/p>\n<p>    Trabou fue fusilado por una disposici\u00f3n que aprob\u00f3 el l\u00edder constitucionalista, coronel Francisco Alberto Caama\u00f1o De\u00f1o.<\/p>\n<\/p>\n<h6> 2020-08-10 23:37:51 <\/h6>\n<p><!--\n<link rel=\"stylesheet\" href=\"css\/bootstrap.min.css\">\n\n\n<ul class=\"pagination\">\n\t    \n\t\n\n<li >\n\t<a href='?page_no=330'>Previous<\/a>\n\t<\/li>\n\n\n       \n    \n\n<li><a href='?page_no=1'>1<\/a><\/li>\n\n\n\n<li><a href='?page_no=2'>2<\/a><\/li>\n\n\n\n<li><a>...<\/a><\/li>\n\n\n\n<li><a href='?page_no=329'>329<\/a><\/li>\n\n\n\n<li><a href='?page_no=330'>330<\/a><\/li>\n\n\n\n<li class='active'><a>331<\/a><\/li>\n\n\n\n<li><a href='?page_no=332'>332<\/a><\/li>\n\n\n\n<li><a href='?page_no=333'>333<\/a><\/li>\n\n\n\n<li><a>...<\/a><\/li>\n\n\n\n<li><a href='?page_no=22911'>22911<\/a><\/li>\n\n\n\n<li><a href='?page_no=22912'>22912<\/a><\/li>\n\n    \n\t\n\n<li >\n\t<a href='?page_no=332'>Next<\/a>\n\t<\/li>\n\n\n    \n\n<li><a href='?page_no=22912'>Last &rsaquo;&rsaquo;<\/a><\/li>\n\n<\/ul>\n\n\n--><br \/>\n<\/body><\/p>\n","protected":false},"excerpt":{"rendered":"<p>En incidente matan a Oscar Santana SANTO DOMINGO, el 11 de agosto de 1965, durante la Guerra de Abril, fue muerto el luchador constitucionalista Oscar Santana. Oscar Santana se hab\u00eda destacado por su entrega a la defensa de la constitucionalidad. De acuerdo con una versi\u00f3n de compa\u00f1eros de Oscar Santana, \u00e9l fue herido de muerte [&hellip;]<\/p>\n","protected":false},"author":3,"featured_media":0,"comment_status":"open","ping_status":"open","sticky":false,"template":"","format":"standard","meta":{"footnotes":""},"categories":[21],"tags":[],"class_list":["post-50807","post","type-post","status-publish","format-standard","hentry","category-cultura"],"_links":{"self":[{"href":"https:\/\/diariodominicano.com\/index.php?rest_route=\/wp\/v2\/posts\/50807","targetHints":{"allow":["GET"]}}],"collection":[{"href":"https:\/\/diariodominicano.com\/index.php?rest_route=\/wp\/v2\/posts"}],"about":[{"href":"https:\/\/diariodominicano.com\/index.php?rest_route=\/wp\/v2\/types\/post"}],"author":[{"embeddable":true,"href":"https:\/\/diariodominicano.com\/index.php?rest_route=\/wp\/v2\/users\/3"}],"replies":[{"embeddable":true,"href":"https:\/\/diariodominicano.com\/index.php?rest_route=%2Fwp%2Fv2%2Fcomments&post=50807"}],"version-history":[{"count":0,"href":"https:\/\/diariodominicano.com\/index.php?rest_route=\/wp\/v2\/posts\/50807\/revisions"}],"wp:attachment":[{"href":"https:\/\/diariodominicano.com\/index.php?rest_route=%2Fwp%2Fv2%2Fmedia&parent=50807"}],"wp:term":[{"taxonomy":"category","embeddable":true,"href":"https:\/\/diariodominicano.com\/index.php?rest_route=%2Fwp%2Fv2%2Fcategories&post=50807"},{"taxonomy":"post_tag","embeddable":true,"href":"https:\/\/diariodominicano.com\/index.php?rest_route=%2Fwp%2Fv2%2Ftags&post=50807"}],"curies":[{"name":"wp","href":"https:\/\/api.w.org\/{rel}","templated":true}]}}