{"id":508007,"date":"2024-02-12T23:47:45","date_gmt":"2024-02-13T03:47:45","guid":{"rendered":"https:\/\/diariodominicano.com\/?p=508007"},"modified":"2024-02-12T23:48:31","modified_gmt":"2024-02-13T03:48:31","slug":"trump-pide-a-corte-suprema-de-eeuu-que-intervenga-en-su-solicitud-de-inmunidad","status":"publish","type":"post","link":"https:\/\/diariodominicano.com\/?p=508007","title":{"rendered":"Trump pide a Corte Suprema de EEUU que intervenga en su solicitud de inmunidad"},"content":{"rendered":"\n<p>ARCHIVO &#8211; El candidato presidencial republicano y expresidente de Estados Unidos, Donald Trump, habla durante su fiesta de vigilancia nocturna del caucus de Iowa en Des Moines, Iowa, Estados Unidos, el 15 de enero de 2024.<\/p>\n\n\n\n<p>febrero 12, 2024<\/p>\n\n\n\n<ul class=\"wp-block-list\">\n<li><a href=\"https:\/\/www.vozdeamerica.com\/author\/reuters\/riv_i\">Reuters<\/a><\/li>\n<\/ul>\n\n\n\n<hr class=\"wp-block-separator has-alpha-channel-opacity\"\/>\n\n\n\n<p>Compartir<\/p>\n\n\n\n<ul class=\"wp-block-list\">\n<li><a href=\"https:\/\/facebook.com\/sharer.php?u=https%3a%2f%2fwww.vozdeamerica.com%2fa%2ftrump-pide-corte-suprema-eeuu-intervenga-solicitud-inmunidad%2f7485149.html\" target=\"_blank\" rel=\"noreferrer noopener\"><\/a><\/li>\n\n\n\n<li><a href=\"https:\/\/twitter.com\/share?url=https%3a%2f%2fwww.vozdeamerica.com%2fa%2ftrump-pide-corte-suprema-eeuu-intervenga-solicitud-inmunidad%2f7485149.html&amp;text=Trump+pide+a+Corte+Suprema+de+EEUU+que+intervenga+en+su+solicitud+de+inmunidad\" target=\"_blank\" rel=\"noreferrer noopener\"><\/a><\/li>\n\n\n\n<li><\/li>\n\n\n\n<li><a href=\"mailto:?body=https%3a%2f%2fwww.vozdeamerica.com%2fa%2ftrump-pide-corte-suprema-eeuu-intervenga-solicitud-inmunidad%2f7485149.html&amp;subject=Trump%20pide%20a%20Corte%20Suprema%20de%20EEUU%20que%20intervenga%20en%20su%20solicitud%20de%20inmunidad\"><\/a><\/li>\n<\/ul>\n\n\n\n<p><a href=\"https:\/\/www.vozdeamerica.com\/a\/trump-pide-corte-suprema-eeuu-intervenga-solicitud-inmunidad\/7485149.html#comments\">&nbsp;Vea comentarios<\/a><\/p>\n\n\n\n<p>&nbsp;Print<\/p>\n\n\n\n<p>Trump insiste a la Corte Suprema de EEUU en su demanda sobre la inmunidad de ser procesado por intentar anular su derrota en las elecciones de 2020.<\/p>\n\n\n\n<p>WASHINGTON \u2014&nbsp;<\/p>\n\n\n\n<p>Donald Trump se dirigi\u00f3 el lunes a la Corte Suprema de Estados Unidos para insistir en su demanda -rechazada por tribunales menores- de que es inmune a ser procesado por&nbsp;<em><strong><a href=\"https:\/\/www.vozdeamerica.com\/a\/trump-acusado-de-intentar-ilegalmente-cambiar-la-derrota-electoral-de-2020\/7208092.html\" target=\"_blank\" rel=\"noreferrer noopener\">tratar de anular su derrota en las elecciones de 2020<\/a><\/strong><\/em>&nbsp;dado que estaba ejerciendo como presidente de Estados Unidos cuando tom\u00f3 esas medidas.<\/p>\n\n\n\n<p>Trump pidi\u00f3 a los jueces que suspendieran un fallo de un panel de tres jueces del Comit\u00e9 de Apelaciones del Circuito del Distrito de Columbia que rechaz\u00f3 su demanda de inmunidad.<\/p>\n\n\n\n<p>El 4 de marzo de 2023 se aplaz\u00f3 la fecha del juicio contra Trump en un tribunal federal de Washington por cuatro cargos penales formulados por el abogado especial Jack Smith, y a\u00fan no se ha fijado una nueva fecha.<\/p>\n\n\n\n<p><a href=\"https:\/\/www.vozdeamerica.com\/a\/corte-suprema-eeuu-territorio-legal-desconocido-caso-colorado-trump-boleta-electoral\/7478575.html\"><\/a><\/p>\n\n\n\n<p><a href=\"https:\/\/www.vozdeamerica.com\/a\/corte-suprema-eeuu-territorio-legal-desconocido-caso-colorado-trump-boleta-electoral\/7478575.html\">TAMBI\u00c9N LEA<\/a><\/p>\n\n\n\n<h4 class=\"wp-block-heading\"><a href=\"https:\/\/www.vozdeamerica.com\/a\/corte-suprema-eeuu-territorio-legal-desconocido-caso-colorado-trump-boleta-electoral\/7478575.html\">Corte Suprema de EEUU escuchar\u00e1 argumentos sobre elegibilidad de Trump para poder postular a la presidencia<\/a><\/h4>\n\n\n\n<p>Los abogados de Trump solicitaron a los magistrados que detuvieran el juicio a la espera de que la totalidad de los jueces del Circuito de Washington reconsideren el caso y, si fuera necesario, presentaran un recurso ante la Corte Suprema.<\/p>\n\n\n\n<p>Trump, el primer expresidente estadounidense en ser procesado penalmente, es el favorito para la nominaci\u00f3n republicana para desafiar al actual presidente dem\u00f3crata Joe Biden en las elecciones estadounidenses del 5 de noviembre. Biden derrot\u00f3 a Trump en 2020.<\/p>\n\n\n\n<p>Frenar el caso podr\u00eda jugar a favor de Trump, ya que si gana las elecciones de noviembre y vuelve a la Casa Blanca, podr\u00eda usar sus poderes presidenciales para forzar el fin del procesamiento o potencialmente perdonarse a s\u00ed mismo por cualquier delito federal.<\/p>\n\n\n\n<p><em><strong><a href=\"https:\/\/www.vozdeamerica.com\/a\/voa-explica-cuatro-acusaciones-trump-\/7228567.html\" target=\"_blank\" rel=\"noreferrer noopener\">Los cargos presentados por Smith en agosto de 2023<\/a><\/strong><\/em>&nbsp;fueron formulados en uno de los cuatro procesos penales ahora pendientes contra Trump, incluido otro en un tribunal estatal de Georgia tambi\u00e9n relacionado con sus esfuerzos por revertir su derrota de 2020.<\/p>\n\n\n\n<p>La jueza de distrito de Estados Unidos Tanya Chutkan, que preside el caso presentado por Smith, rechaz\u00f3 en diciembre la demanda de inmunidad de Trump, dictaminando que los expresidentes \u00abno gozan de condiciones especiales en su responsabilidad penal federal.\u00bb<\/p>\n\n\n\n<p>Los abogados han argumentado que Trump actuaba como candidato, no como presidente, cuando presion\u00f3 a los funcionarios para que anularan los resultados de las elecciones y anim\u00f3 a sus partidarios a marchar al Capitolio el 6 de enero de 2021 en orden de presionar al Congreso para que no certificara la victoria de Biden.<\/p>\n\n\n\n<p><a href=\"https:\/\/www.vozdeamerica.com\/a\/trum-proceso-penal-federal-repercusiones-candidatura-presidencial\/7130005.html\"><\/a><\/p>\n\n\n\n<p><a href=\"https:\/\/www.vozdeamerica.com\/a\/trum-proceso-penal-federal-repercusiones-candidatura-presidencial\/7130005.html\">TAMBI\u00c9N LEA<\/a><\/p>\n\n\n\n<h4 class=\"wp-block-heading\"><a href=\"https:\/\/www.vozdeamerica.com\/a\/trum-proceso-penal-federal-repercusiones-candidatura-presidencial\/7130005.html\">Trump acusado de cargos federales: \u00bfcu\u00e1l es el proceso y qu\u00e9 significa para su candidatura presidencial?<\/a><\/h4>\n\n\n\n<p>La imputaci\u00f3n conseguida por Smith se\u00f1ala a Trump de conspirar para defraudar a Estados Unidos, obstruir la certificaci\u00f3n por el Congreso de la victoria electoral de Biden y conspirar para ello, y confabular contra el derecho al voto de los estadounidenses.<\/p>\n\n\n\n<p>Trump, presidente de Estados Unidos de 2017 a 2021, ha presentado regularmente amplias alegaciones de inmunidad durante su mandato y desde que&nbsp;<em><strong><a href=\"https:\/\/www.vozdeamerica.com\/a\/estadosunidos_trump-se-despide-de-washington\/6070912.html\" target=\"_blank\" rel=\"noreferrer noopener\">abandon\u00f3 la Casa Blanca<\/a><\/strong><\/em>.<\/p>\n","protected":false},"excerpt":{"rendered":"<p>ARCHIVO &#8211; El candidato presidencial republicano y expresidente de Estados Unidos, Donald Trump, habla durante su fiesta de vigilancia nocturna del caucus de Iowa en Des Moines, Iowa, Estados Unidos, el 15 de enero de 2024. febrero 12, 2024 Compartir &nbsp;Vea comentarios &nbsp;Print Trump insiste a la Corte Suprema de EEUU en su demanda sobre [&hellip;]<\/p>\n","protected":false},"author":28,"featured_media":508008,"comment_status":"closed","ping_status":"","sticky":true,"template":"","format":"standard","meta":{"footnotes":""},"categories":[23,22],"tags":[],"class_list":["post-508007","post","type-post","status-publish","format-standard","has-post-thumbnail","hentry","category-internacional","category-politica"],"_links":{"self":[{"href":"https:\/\/diariodominicano.com\/index.php?rest_route=\/wp\/v2\/posts\/508007","targetHints":{"allow":["GET"]}}],"collection":[{"href":"https:\/\/diariodominicano.com\/index.php?rest_route=\/wp\/v2\/posts"}],"about":[{"href":"https:\/\/diariodominicano.com\/index.php?rest_route=\/wp\/v2\/types\/post"}],"author":[{"embeddable":true,"href":"https:\/\/diariodominicano.com\/index.php?rest_route=\/wp\/v2\/users\/28"}],"replies":[{"embeddable":true,"href":"https:\/\/diariodominicano.com\/index.php?rest_route=%2Fwp%2Fv2%2Fcomments&post=508007"}],"version-history":[{"count":1,"href":"https:\/\/diariodominicano.com\/index.php?rest_route=\/wp\/v2\/posts\/508007\/revisions"}],"predecessor-version":[{"id":508009,"href":"https:\/\/diariodominicano.com\/index.php?rest_route=\/wp\/v2\/posts\/508007\/revisions\/508009"}],"wp:featuredmedia":[{"embeddable":true,"href":"https:\/\/diariodominicano.com\/index.php?rest_route=\/wp\/v2\/media\/508008"}],"wp:attachment":[{"href":"https:\/\/diariodominicano.com\/index.php?rest_route=%2Fwp%2Fv2%2Fmedia&parent=508007"}],"wp:term":[{"taxonomy":"category","embeddable":true,"href":"https:\/\/diariodominicano.com\/index.php?rest_route=%2Fwp%2Fv2%2Fcategories&post=508007"},{"taxonomy":"post_tag","embeddable":true,"href":"https:\/\/diariodominicano.com\/index.php?rest_route=%2Fwp%2Fv2%2Ftags&post=508007"}],"curies":[{"name":"wp","href":"https:\/\/api.w.org\/{rel}","templated":true}]}}