{"id":507987,"date":"2024-02-12T23:10:42","date_gmt":"2024-02-13T03:10:42","guid":{"rendered":"https:\/\/diariodominicano.com\/?p=507987"},"modified":"2024-02-12T23:10:42","modified_gmt":"2024-02-13T03:10:42","slug":"tribunal-superior-electoral-rendira-homenaje-a-la-bandera-nacional-con-motivo-del-mes-de-la-patria","status":"publish","type":"post","link":"https:\/\/diariodominicano.com\/?p=507987","title":{"rendered":"Tribunal Superior Electoral rendir\u00e1 homenaje a la Bandera Nacional con motivo del mes de la Patria"},"content":{"rendered":"\n<p><strong>Santo Domingo, RD.<\/strong>\u00a0-El Tribunal Superior Electoral rendir\u00e1 este martes homenaje a la Bandera Nacional, con un izamiento con motivo del mes de la Patria. \u00a0<\/p>\n\n\n\n<p>Con la interpretaci\u00f3n del Himno Nacional y el Himno del TSE interpretado por el coro \u201cVoces del Tribunal\u201d se dar\u00e1 inicio al acto de conmemoraci\u00f3n al Mes de la Patria, al celebrarse este pr\u00f3ximo 27 de febrero el D\u00eda de la Independencia Nacional.<\/p>\n\n\n\n<p>El acto conmemorativo se desarrollar\u00e1 en la explanada frontal del edificio que acoge al Instituto Nacional de Recursos Hidr\u00e1ulicos y al Tribunal Superior Electoral, con el izamiento de la Bandera Nacional, encabezado por el Pleno del TSE, con su magistrado presidente, Ygnacio Pascual Camacho Hidalgo y los jueces titulares, Hermenegilda del Rosario Fondeur Ramirez, Rosa P\u00e9rez de Garc\u00eda, Pedro P. Yermenos Forastieri y Fernando Fern\u00e1ndez Cruz.<\/p>\n\n\n\n<p>Este pr\u00f3ximo martes 27 de febrero se conmemora el 180 aniversario de la proclamaci\u00f3n de la Independencia Nacional, gracias a los padres fundadores de la Patria, Juan Pablo Duarte, Mat\u00edas Ram\u00f3n Mella y Francisco del Rosario S\u00e1nchez.<\/p>\n\n\n\n<p>Las actividades conmemorativas por la Independencia en homenaje a los Padres de la Patria y a los s\u00edmbolos patrios que identifican la dominicanidad, se realizan desde el 26 de enero al 9 de marzo, d\u00edas de los nacimientos de Juan Pablo Duarte y Francisco del Rosario S\u00e1nchez, respectivamente.<\/p>\n\n\n\n<p><strong>Sobre la Bandera Nacional<\/strong><\/p>\n\n\n\n<p>La&nbsp;Bandera de la&nbsp;Rep\u00fablica Dominicana&nbsp;es la&nbsp;bandera&nbsp;que representa al pa\u00eds y que, junto con el&nbsp;Escudo&nbsp;y el&nbsp;Himno, tiene la categor\u00eda de s\u00edmbolo patrio.<\/p>\n\n\n\n<p>La bandera dominicana se origin\u00f3 de los ideales cristianos de Duarte, con dos franjas blancas que se juntan formando una cruz.&nbsp;La primera Bandera Nacional fue confeccionada por varias damas, entre las que se pueden citar a&nbsp;<strong>Mar\u00eda Trinidad S\u00e1nchez, Mar\u00eda de Jes\u00fas Pina, Isabel Sosa y Concepci\u00f3n Bona<\/strong>. Esta onde\u00f3 airosa por vez primera el 27 de febrero de 1844, d\u00eda de la Independencia Nacional.<\/p>\n\n\n\n<p>Luego, el 6 de noviembre de 1844, el Congreso Constituyente, instalado en San Crist\u00f3bal, promulga la&nbsp;<strong>Primera Constituci\u00f3n de la Rep\u00fablica<\/strong>, en la que qued\u00f3 adoptada la Bandera Nacional como s\u00edmbolo de la Patria, alternando un cuartel azul por rojo, para hacerla m\u00e1s armoniosa y una de las m\u00e1s bellas banderas del mundo.<\/p>\n\n\n\n<p>La bandera nacional dominicana se caracteriza por una cruz blanca cuyos brazos se extienden hasta las orillas, dividiendo la bandera en cuatro cuarteles, dos azules y dos rojos, alternados, dispuestos de manera que el primer cuartel, aquel situado junto al asta y que est\u00e1 unido al tope, sea azul.<\/p>\n\n\n\n<p>La cual tendr\u00e1 su pabell\u00f3n tricolor en cuadros encarnados y azules atravesado con una cruz blanca. Mientras tanto, seremos reconocidos los trinitarios con las palabras sacramentales de\u00a0<strong>Dios, Patria y Libertad<\/strong>.<\/p>\n\n\n\n<p>Tribunal Superior Electoral<\/p>\n\n\n\n<p><a target=\"_blank\" href=\"mailto:tserdprensa@gmail.com\" rel=\"noreferrer noopener\">tserdprensa@gmail.com<\/a><\/p>\n","protected":false},"excerpt":{"rendered":"<p>Santo Domingo, RD.\u00a0-El Tribunal Superior Electoral rendir\u00e1 este martes homenaje a la Bandera Nacional, con un izamiento con motivo del mes de la Patria. \u00a0 Con la interpretaci\u00f3n del Himno Nacional y el Himno del TSE interpretado por el coro \u201cVoces del Tribunal\u201d se dar\u00e1 inicio al acto de conmemoraci\u00f3n al Mes de la Patria, [&hellip;]<\/p>\n","protected":false},"author":28,"featured_media":507988,"comment_status":"closed","ping_status":"","sticky":false,"template":"","format":"standard","meta":{"footnotes":""},"categories":[20,26],"tags":[],"class_list":["post-507987","post","type-post","status-publish","format-standard","has-post-thumbnail","hentry","category-dominicana-hoy","category-efemerides"],"_links":{"self":[{"href":"https:\/\/diariodominicano.com\/index.php?rest_route=\/wp\/v2\/posts\/507987","targetHints":{"allow":["GET"]}}],"collection":[{"href":"https:\/\/diariodominicano.com\/index.php?rest_route=\/wp\/v2\/posts"}],"about":[{"href":"https:\/\/diariodominicano.com\/index.php?rest_route=\/wp\/v2\/types\/post"}],"author":[{"embeddable":true,"href":"https:\/\/diariodominicano.com\/index.php?rest_route=\/wp\/v2\/users\/28"}],"replies":[{"embeddable":true,"href":"https:\/\/diariodominicano.com\/index.php?rest_route=%2Fwp%2Fv2%2Fcomments&post=507987"}],"version-history":[{"count":1,"href":"https:\/\/diariodominicano.com\/index.php?rest_route=\/wp\/v2\/posts\/507987\/revisions"}],"predecessor-version":[{"id":507989,"href":"https:\/\/diariodominicano.com\/index.php?rest_route=\/wp\/v2\/posts\/507987\/revisions\/507989"}],"wp:featuredmedia":[{"embeddable":true,"href":"https:\/\/diariodominicano.com\/index.php?rest_route=\/wp\/v2\/media\/507988"}],"wp:attachment":[{"href":"https:\/\/diariodominicano.com\/index.php?rest_route=%2Fwp%2Fv2%2Fmedia&parent=507987"}],"wp:term":[{"taxonomy":"category","embeddable":true,"href":"https:\/\/diariodominicano.com\/index.php?rest_route=%2Fwp%2Fv2%2Fcategories&post=507987"},{"taxonomy":"post_tag","embeddable":true,"href":"https:\/\/diariodominicano.com\/index.php?rest_route=%2Fwp%2Fv2%2Ftags&post=507987"}],"curies":[{"name":"wp","href":"https:\/\/api.w.org\/{rel}","templated":true}]}}