{"id":507967,"date":"2024-02-12T22:40:32","date_gmt":"2024-02-13T02:40:32","guid":{"rendered":"https:\/\/diariodominicano.com\/?p=507967"},"modified":"2024-02-12T22:41:04","modified_gmt":"2024-02-13T02:41:04","slug":"afirma-leonel-ganaria-en-primera-vuelta-si-se-produce-alianza-entre-fp-pld-y-prd","status":"publish","type":"post","link":"https:\/\/diariodominicano.com\/?p=507967","title":{"rendered":"Afirma Leonel ganar\u00eda en primera vuelta si se produce alianza entre FP, PLD y PRD"},"content":{"rendered":"\n<p><strong>Por Ram\u00f3n Mercedes<\/strong><\/p>\n\n\n\n<p><strong>NUEVA YORK.-<\/strong>\u00a0Si hay una alianza para las pr\u00f3ximas elecciones presidenciales entre los Partidos Fuerza del Pueblo (FP), de la Liberaci\u00f3n Dominicana (PLD) y Revolucionario Dominicano (PRD), el doctor Leonel Fern\u00e1ndez ganar\u00eda la presidencia en primera vuelta, afirma el reconocido dirigente pol\u00edtico Emigdio Mercedes.<\/p>\n\n\n\n<p><\/p>\n\n\n\n<p>Tambi\u00e9n, si se produce una segunda vuelta por la oposici\u00f3n ir separada, ganar\u00eda Fern\u00e1ndez, porque los pelede\u00edstas y perrede\u00edstas votar\u00edan en masa por el expresidente, con o sin acuerdo.<\/p>\n\n\n\n<p>Precis\u00f3 que desde hace varios meses viene realizando encuestas, determin\u00e1ndose en las mismas que Leonel ha estado subiendo y el presidente Luis Abinader bajando.<\/p>\n\n\n\n<p>En la m\u00e1s reciente, efectuada los d\u00edas 1 y 2 del presente mes, con 1,200 muestras, Abinader tiene 38.5%, Fern\u00e1ndez 37%, Abel Mart\u00ednez 16.5 y Miguel Vargas 8%, sostiene Mercedes.<\/p>\n\n\n\n<p>En la pen\u00faltima encuesta efectuada los d\u00edas 23 y 24 de enero pasado, con la misma cantidad de muestras, Abinader ten\u00eda 38 %, Fern\u00e1ndez 36%, Mart\u00ednez 17, Vargas 7%, y otros un 2%.<\/p>\n\n\n\n<p>\u00abEst\u00e1s encuestas se han realizado en cada municipio y el Distrito Nacional, usando los WhatsApp de un banco de datos que tenemos depurado y limpio, con 84 mil personas; les hacemos la pregunta y ellos responden por escrito\u00bb, dijo.<\/p>\n\n\n\n<p>Mercedes asegur\u00f3 que estas encuestas son confiables y que est\u00e1 en la mejor disposici\u00f3n de discutir la metodolog\u00eda utilizada y sus resultados con cualquier representante de los candidatos.&nbsp; &nbsp; &nbsp; &nbsp; &nbsp; &nbsp; &nbsp; &nbsp; &nbsp; &nbsp; &nbsp; &nbsp; &nbsp; &nbsp; &nbsp; &nbsp; &nbsp; &nbsp; &nbsp; &nbsp; &nbsp; &nbsp; &nbsp; &nbsp; &nbsp; &nbsp; &nbsp; &nbsp; &nbsp;&nbsp;<\/p>\n\n\n\n<p>Especific\u00f3 que est\u00e1 dispuesto a realizar una encuesta con la presencia de personas designadas por el PRM, FP, PLD o PRD, sin ning\u00fan costo econ\u00f3mico; as\u00ed constatar\u00edan que son realizadas con imparcialidad y sin manipulaci\u00f3n.<\/p>\n","protected":false},"excerpt":{"rendered":"<p>Por Ram\u00f3n Mercedes NUEVA YORK.-\u00a0Si hay una alianza para las pr\u00f3ximas elecciones presidenciales entre los Partidos Fuerza del Pueblo (FP), de la Liberaci\u00f3n Dominicana (PLD) y Revolucionario Dominicano (PRD), el doctor Leonel Fern\u00e1ndez ganar\u00eda la presidencia en primera vuelta, afirma el reconocido dirigente pol\u00edtico Emigdio Mercedes. Tambi\u00e9n, si se produce una segunda vuelta por la [&hellip;]<\/p>\n","protected":false},"author":28,"featured_media":507968,"comment_status":"closed","ping_status":"","sticky":true,"template":"","format":"standard","meta":{"footnotes":""},"categories":[22,27],"tags":[],"class_list":["post-507967","post","type-post","status-publish","format-standard","has-post-thumbnail","hentry","category-politica","category-portada"],"_links":{"self":[{"href":"https:\/\/diariodominicano.com\/index.php?rest_route=\/wp\/v2\/posts\/507967","targetHints":{"allow":["GET"]}}],"collection":[{"href":"https:\/\/diariodominicano.com\/index.php?rest_route=\/wp\/v2\/posts"}],"about":[{"href":"https:\/\/diariodominicano.com\/index.php?rest_route=\/wp\/v2\/types\/post"}],"author":[{"embeddable":true,"href":"https:\/\/diariodominicano.com\/index.php?rest_route=\/wp\/v2\/users\/28"}],"replies":[{"embeddable":true,"href":"https:\/\/diariodominicano.com\/index.php?rest_route=%2Fwp%2Fv2%2Fcomments&post=507967"}],"version-history":[{"count":2,"href":"https:\/\/diariodominicano.com\/index.php?rest_route=\/wp\/v2\/posts\/507967\/revisions"}],"predecessor-version":[{"id":507970,"href":"https:\/\/diariodominicano.com\/index.php?rest_route=\/wp\/v2\/posts\/507967\/revisions\/507970"}],"wp:featuredmedia":[{"embeddable":true,"href":"https:\/\/diariodominicano.com\/index.php?rest_route=\/wp\/v2\/media\/507968"}],"wp:attachment":[{"href":"https:\/\/diariodominicano.com\/index.php?rest_route=%2Fwp%2Fv2%2Fmedia&parent=507967"}],"wp:term":[{"taxonomy":"category","embeddable":true,"href":"https:\/\/diariodominicano.com\/index.php?rest_route=%2Fwp%2Fv2%2Fcategories&post=507967"},{"taxonomy":"post_tag","embeddable":true,"href":"https:\/\/diariodominicano.com\/index.php?rest_route=%2Fwp%2Fv2%2Ftags&post=507967"}],"curies":[{"name":"wp","href":"https:\/\/api.w.org\/{rel}","templated":true}]}}