{"id":50795,"date":"2020-11-20T11:02:09","date_gmt":"2020-11-20T11:02:09","guid":{"rendered":"http:\/\/diariodominicano.ddns.net\/?p=50795"},"modified":"2020-11-20T11:02:09","modified_gmt":"2020-11-20T11:02:09","slug":"ministro-de-educacion-anuncia-contratacion-de-internet-para-escuelas-con-ahorros-de-fondos-descentralizacion","status":"publish","type":"post","link":"https:\/\/diariodominicano.com\/?p=50795","title":{"rendered":"Ministro de Educaci\u00f3n anuncia contrataci\u00f3n de internet para escuelas con ahorros de Fondos Descentralizaci\u00f3n"},"content":{"rendered":"<p><body><\/p>\n<p><img decoding=\"async\" src=\"img3\/Fulcar20-11-20.jpg\" \/>  <\/p>\n<p><span class=\"text1noticias\">diariodominicano.com<\/span><\/p>\n<p><span class=\"text1noticias\"> <\/span><\/p>\n<p><span class=\"text1noticias\">Nagua, Mar\u00eda Trinidad S\u00e1nchez, R. D., 20 de noviembre, 2020.- El ministro de Educaci\u00f3n Roberto Fulcar anunci\u00f3 que dedicar\u00e1n ahorros hechos de los fondos de descentralizaci\u00f3n para dotar de internet a los centros educativos que no lo tienen.<\/span><\/p>\n<p><span class=\"text1noticias\"> <\/span><\/p>\n<p><span class=\"text1noticias\">\u00abHace dos semanas concluy\u00f3 el levantamiento nacional para identificar los planteles escolares sin electricidad o sin conectividad a internet. De inmediato fue puesto en marcha un proyecto para que todas las escuelas adquieran internet\u00bb.<\/span><\/p>\n<p><span class=\"text1noticias\"> <\/span><\/p>\n<p><span class=\"text1noticias\">Los fondos para tales fines provienen de ahorros hechos en los Fondos de Descentralizaci\u00f3n administrados por las Direcciones Regionales, Distritales y de centros educativos.<\/span><\/p>\n<p><span class=\"text1noticias\"> <\/span><\/p>\n<p><span class=\"text1noticias\">\u00abLas autoridades educativas de esos niveles est\u00e1n procediendo a adquirir, provisionalmente, internet comprado a las suplidoras, para garantizar que los profesores dispongan de conectividad en los centros educativos\u00bb.<\/span><\/p>\n<p><span class=\"text1noticias\"> <\/span><\/p>\n<p><span class=\"text1noticias\">Habl\u00f3 del tema en un recorrido que realiz\u00f3 por la regi\u00f3n nordeste supervisando la implementaci\u00f3n de la estrategia Aprendemos en Casa, del plan Educaci\u00f3n para Todos Preservando la Salud.<\/span><\/p>\n<p><span class=\"text1noticias\"> <\/span><\/p>\n<p><span class=\"text1noticias\">El ministro Roberto Fulcar recibi\u00f3 Informes de las direcciones regionales y distritales, orient\u00f3 estrategias y tareas, mientras comparti\u00f3 con las comunidades educativas sobre los pilares del nuevo modelo educativo.<\/span><\/p>\n<p><span class=\"text1noticias\"> <\/span><\/p>\n<p><span class=\"text1noticias\">En Nagua se reuni\u00f3 con las autoridades educativas de las provincias Mar\u00eda Trinidad S\u00e1nchez y Saman\u00e1, en San Francisco lo hizo con las de las provincias Duarte y Hermanas Mirabal; en la Vega con las de esa provincia y Espaillat, para concluir en Cotu\u00ed con las autoridades de S\u00e1nchez Ram\u00edrez y las de Monse\u00f1or Nouel.<\/span><\/p>\n<p><span class=\"text1noticias\"> <\/span><\/p>\n<p><span class=\"text1noticias\">\u00abEstos recorridos forman parte de un programa de supervisi\u00f3n que estamos haciendo por todo el territorio nacional, visitando las diferentes direcciones Regionales, de Distritos y centros educativos, para supervisar y dar seguimiento directamente a la marcha de la estrategia Aprendemos en Casa, del plan Educaci\u00f3n para Todos Preservando la Salud\u00bb. Explic\u00f3 el ministro Fulcar.<\/span><\/p>\n<p><span class=\"text1noticias\"> <\/span><\/p>\n<p><span class=\"text1noticias\">Este viernes les corresponde a las Regionales 13 de Monte Cristi, 09 de Mao, Valverde. Tambi\u00e9n la Regional 11 de Puerto Plata y 08 correspondiente a Santiago.<\/span><\/p>\n<p><span class=\"text1noticias\"> <\/span><\/p>\n<p><span class=\"text1noticias\"> Fuente: Ministerio de Educaci\u00f3n <\/span><\/p>\n<p><span class=\"text1noticias\">Direcci\u00f3n de Comunicaci\u00f3n<\/span> <\/p>\n<p>Ministerio Educaci\u00f3n Rep\u00fablica Dominicana<\/p>\n<h6> 2020-11-20 11:02:09 <\/h6>\n<p><!--\n<link rel=\"stylesheet\" href=\"css\/bootstrap.min.css\">\n\n\n<ul class=\"pagination\">\n\t    \n\t\n\n<li >\n\t<a href='?page_no=32'>Previous<\/a>\n\t<\/li>\n\n\n       \n    \n\n<li><a href='?page_no=1'>1<\/a><\/li>\n\n\n\n<li><a href='?page_no=2'>2<\/a><\/li>\n\n\n\n<li><a>...<\/a><\/li>\n\n\n\n<li><a href='?page_no=31'>31<\/a><\/li>\n\n\n\n<li><a href='?page_no=32'>32<\/a><\/li>\n\n\n\n<li class='active'><a>33<\/a><\/li>\n\n\n\n<li><a href='?page_no=34'>34<\/a><\/li>\n\n\n\n<li><a href='?page_no=35'>35<\/a><\/li>\n\n\n\n<li><a>...<\/a><\/li>\n\n\n\n<li><a href='?page_no=22911'>22911<\/a><\/li>\n\n\n\n<li><a href='?page_no=22912'>22912<\/a><\/li>\n\n    \n\t\n\n<li >\n\t<a href='?page_no=34'>Next<\/a>\n\t<\/li>\n\n\n    \n\n<li><a href='?page_no=22912'>Last &rsaquo;&rsaquo;<\/a><\/li>\n\n<\/ul>\n\n\n--><br \/>\n<\/body><\/p>\n","protected":false},"excerpt":{"rendered":"<p>diariodominicano.com Nagua, Mar\u00eda Trinidad S\u00e1nchez, R. D., 20 de noviembre, 2020.- El ministro de Educaci\u00f3n Roberto Fulcar anunci\u00f3 que dedicar\u00e1n ahorros hechos de los fondos de descentralizaci\u00f3n para dotar de internet a los centros educativos que no lo tienen. \u00abHace dos semanas concluy\u00f3 el levantamiento nacional para identificar los planteles escolares sin electricidad o sin [&hellip;]<\/p>\n","protected":false},"author":3,"featured_media":0,"comment_status":"open","ping_status":"open","sticky":false,"template":"","format":"standard","meta":{"footnotes":""},"categories":[21],"tags":[],"class_list":["post-50795","post","type-post","status-publish","format-standard","hentry","category-cultura"],"_links":{"self":[{"href":"https:\/\/diariodominicano.com\/index.php?rest_route=\/wp\/v2\/posts\/50795","targetHints":{"allow":["GET"]}}],"collection":[{"href":"https:\/\/diariodominicano.com\/index.php?rest_route=\/wp\/v2\/posts"}],"about":[{"href":"https:\/\/diariodominicano.com\/index.php?rest_route=\/wp\/v2\/types\/post"}],"author":[{"embeddable":true,"href":"https:\/\/diariodominicano.com\/index.php?rest_route=\/wp\/v2\/users\/3"}],"replies":[{"embeddable":true,"href":"https:\/\/diariodominicano.com\/index.php?rest_route=%2Fwp%2Fv2%2Fcomments&post=50795"}],"version-history":[{"count":0,"href":"https:\/\/diariodominicano.com\/index.php?rest_route=\/wp\/v2\/posts\/50795\/revisions"}],"wp:attachment":[{"href":"https:\/\/diariodominicano.com\/index.php?rest_route=%2Fwp%2Fv2%2Fmedia&parent=50795"}],"wp:term":[{"taxonomy":"category","embeddable":true,"href":"https:\/\/diariodominicano.com\/index.php?rest_route=%2Fwp%2Fv2%2Fcategories&post=50795"},{"taxonomy":"post_tag","embeddable":true,"href":"https:\/\/diariodominicano.com\/index.php?rest_route=%2Fwp%2Fv2%2Ftags&post=50795"}],"curies":[{"name":"wp","href":"https:\/\/api.w.org\/{rel}","templated":true}]}}