{"id":507929,"date":"2024-02-12T21:16:44","date_gmt":"2024-02-13T01:16:44","guid":{"rendered":"https:\/\/diariodominicano.com\/?p=507929"},"modified":"2024-02-12T21:16:44","modified_gmt":"2024-02-13T01:16:44","slug":"exgobernadora-y-exdiputada-del-prm-en-samana-elsa-de-leon-anuncia-su-apoyo-a-candidato-de-la-fuerza-del-pueblo-en-las-terrenas","status":"publish","type":"post","link":"https:\/\/diariodominicano.com\/?p=507929","title":{"rendered":"Exgobernadora y exdiputada del PRM en Saman\u00e1, Elsa de Le\u00f3n, anuncia su apoyo a candidato de la Fuerza del Pueblo en Las Terrenas"},"content":{"rendered":"\n<p>Dra. Elsa de Le\u00f3n<\/p>\n\n\n\n<p><strong>Las Terrenas, Saman\u00e1<\/strong> \u2013 La exgobernadora y exdiputada por el Partido Revolucionario Moderno (PRM) en Saman\u00e1, Dra. Elsa de Le\u00f3n, ha hecho p\u00fablico su apoyo a Mario Yunior Anderson, candidato a la alcald\u00eda del municipio de Las Terrenas por el Partido de la Fuerza del Pueblo (FP).<\/p>\n\n\n\n<p>De Le\u00f3n realiz\u00f3 el anuncio a trav\u00e9s de un mensaje publicado en su cuenta de Facebook, en el que critica la situaci\u00f3n pol\u00edtica actual en Las Terrenas y llama a los ciudadanos a no dejarse confundir por \u00abpol\u00edticos oportunistas\u00bb.<\/p>\n\n\n\n<p><strong>En sus palabras:<\/strong><\/p>\n\n\n\n<p>\u00abQuienes vemos desde lejos la realidad pol\u00edtica de nuestro pueblo, estamos como en la primera fila de un circo barato, donde los payasos se pelean, se reconcilian, se abrazan, se cambian de gorras y camisetas y se acomodan. Terreneros no se dejen confundir por los pol\u00edticos oportunistas. Las Terrenas merece representantes que rindan cuentas, act\u00faen con valores y transparencia, no con sinverg\u00fcenzas que cambien de opini\u00f3n seg\u00fan la ventaja pol\u00edtica.\u00bb<\/p>\n\n\n\n<p><strong>Cr\u00edticas al PRM y apoyo a Mario Yunior Anderson:<\/strong><\/p>\n\n\n\n<p>La exdiputada tambi\u00e9n mencion\u00f3 su reciente decisi\u00f3n de no apoyar al candidato a senador del PRM, Pedro Catrain. En su mensaje, De Le\u00f3n afirma que Las Terrenas no puede seguir con \u00ab4 a\u00f1os m\u00e1s de caos, desorden, falta de autoridad, arrabalizaci\u00f3n, oportunismo, depravaci\u00f3n, falta de \u00e9tica y cinismo\u00bb.<\/p>\n\n\n\n<p>\u00abUn cambio es saludable. Mario Junior es la esencia\u00bb, concluy\u00f3 De Le\u00f3n en su mensaje.<\/p>\n\n\n\n<p>jose antonio vargas gerrero<\/p>\n\n\n\n<p><a target=\"_blank\" href=\"mailto:jvargas6481@gmail.com\" rel=\"noreferrer noopener\">jvargas6481@gmail.com<\/a><\/p>\n","protected":false},"excerpt":{"rendered":"<p>Dra. Elsa de Le\u00f3n Las Terrenas, Saman\u00e1 \u2013 La exgobernadora y exdiputada por el Partido Revolucionario Moderno (PRM) en Saman\u00e1, Dra. Elsa de Le\u00f3n, ha hecho p\u00fablico su apoyo a Mario Yunior Anderson, candidato a la alcald\u00eda del municipio de Las Terrenas por el Partido de la Fuerza del Pueblo (FP). De Le\u00f3n realiz\u00f3 el [&hellip;]<\/p>\n","protected":false},"author":28,"featured_media":507943,"comment_status":"closed","ping_status":"","sticky":true,"template":"","format":"standard","meta":{"footnotes":""},"categories":[22,27],"tags":[],"class_list":["post-507929","post","type-post","status-publish","format-standard","has-post-thumbnail","hentry","category-politica","category-portada"],"_links":{"self":[{"href":"https:\/\/diariodominicano.com\/index.php?rest_route=\/wp\/v2\/posts\/507929","targetHints":{"allow":["GET"]}}],"collection":[{"href":"https:\/\/diariodominicano.com\/index.php?rest_route=\/wp\/v2\/posts"}],"about":[{"href":"https:\/\/diariodominicano.com\/index.php?rest_route=\/wp\/v2\/types\/post"}],"author":[{"embeddable":true,"href":"https:\/\/diariodominicano.com\/index.php?rest_route=\/wp\/v2\/users\/28"}],"replies":[{"embeddable":true,"href":"https:\/\/diariodominicano.com\/index.php?rest_route=%2Fwp%2Fv2%2Fcomments&post=507929"}],"version-history":[{"count":1,"href":"https:\/\/diariodominicano.com\/index.php?rest_route=\/wp\/v2\/posts\/507929\/revisions"}],"predecessor-version":[{"id":507944,"href":"https:\/\/diariodominicano.com\/index.php?rest_route=\/wp\/v2\/posts\/507929\/revisions\/507944"}],"wp:featuredmedia":[{"embeddable":true,"href":"https:\/\/diariodominicano.com\/index.php?rest_route=\/wp\/v2\/media\/507943"}],"wp:attachment":[{"href":"https:\/\/diariodominicano.com\/index.php?rest_route=%2Fwp%2Fv2%2Fmedia&parent=507929"}],"wp:term":[{"taxonomy":"category","embeddable":true,"href":"https:\/\/diariodominicano.com\/index.php?rest_route=%2Fwp%2Fv2%2Fcategories&post=507929"},{"taxonomy":"post_tag","embeddable":true,"href":"https:\/\/diariodominicano.com\/index.php?rest_route=%2Fwp%2Fv2%2Ftags&post=507929"}],"curies":[{"name":"wp","href":"https:\/\/api.w.org\/{rel}","templated":true}]}}