{"id":507885,"date":"2024-02-12T20:01:05","date_gmt":"2024-02-13T00:01:05","guid":{"rendered":"https:\/\/diariodominicano.com\/?p=507885"},"modified":"2024-02-12T20:01:05","modified_gmt":"2024-02-13T00:01:05","slug":"domingo-contreras-unifica-el-liderazgo-de-danilo-leonel-y-abel-en-torno-a-la-alcaldia-de-santo-domingo","status":"publish","type":"post","link":"https:\/\/diariodominicano.com\/?p=507885","title":{"rendered":"\u00abDomingo Contreras unifica el liderazgo de Danilo, Leonel y Abel en torno a la Alcald\u00eda de Santo Domingo\u00bb\u00a0"},"content":{"rendered":"\n<p>Contreras recorrido este fin de semana las tres circunscripciones de Distrito Nacional junto a Danilo Medina, Abel Mart\u00ednez y Leonel Fern\u00e1ndez.&nbsp;<\/p>\n\n\n\n<figure class=\"wp-block-image size-large\"><img loading=\"lazy\" decoding=\"async\" width=\"1024\" height=\"683\" src=\"https:\/\/diariodominicano.com\/wp-content\/uploads\/2024\/02\/IMG_9598-1024x683.jpeg\" alt=\"\" class=\"wp-image-507887\" srcset=\"https:\/\/diariodominicano.com\/wp-content\/uploads\/2024\/02\/IMG_9598-1024x683.jpeg 1024w, https:\/\/diariodominicano.com\/wp-content\/uploads\/2024\/02\/IMG_9598-300x200.jpeg 300w, https:\/\/diariodominicano.com\/wp-content\/uploads\/2024\/02\/IMG_9598-768x512.jpeg 768w, https:\/\/diariodominicano.com\/wp-content\/uploads\/2024\/02\/IMG_9598-1536x1025.jpeg 1536w, https:\/\/diariodominicano.com\/wp-content\/uploads\/2024\/02\/IMG_9598-816x544.jpeg 816w, https:\/\/diariodominicano.com\/wp-content\/uploads\/2024\/02\/IMG_9598.jpeg 2048w\" sizes=\"auto, (max-width: 1024px) 100vw, 1024px\" \/><\/figure>\n\n\n\n<p>SANTO DOMINGO, RD. \u2013 En la recta final de la campa\u00f1a electoral de cara a las elecciones municipales, el candidato a alcalde del Distro Nacional por el Partido de la Liberaci\u00f3n Dominica a y las organizaciones que conforman la Alianza Rescate RD, Domingo Contreras, manifest\u00f3 su plena confianza en que ser\u00e1 el candidato ganador de los comicios pautados para este domingo 18 de febrero.\u00a0<\/p>\n\n\n\n<p>&nbsp;Contreras reafirma su postura sobre la base del trabajo realizado por los equipos de los partidos que le respaldan y el extraordinario y contundente respaldo que he recibido en barrios de la capital.<\/p>\n\n\n\n<p>\u201cNosotros hemos ofertado a los mun\u00edcipes de la capital dominicana, la mejor propuesta de gobierno, para desde la alcald\u00eda desarrollar esos planes y proyectos y as\u00ed solucionar los principales males que hoy enfrenta nuestra ciudad, como o es el tema del drenaje, el cual no figura en al agenda de nuestros adversarios, pese a ser la principal preocupaci\u00f3n de nuestros ciudadanos\u201d, expres\u00f3 Domingo Contreras, en el despacho de una nota de prensa de su equipo de campa\u00f1a en la que tambi\u00e9n se informa sobre las actividades realizadas este fin semana.&nbsp;<\/p>\n\n\n\n<figure class=\"wp-block-image size-full\"><img loading=\"lazy\" decoding=\"async\" width=\"827\" height=\"781\" src=\"https:\/\/diariodominicano.com\/wp-content\/uploads\/2024\/02\/IMG_9592.jpeg\" alt=\"\" class=\"wp-image-507888\" srcset=\"https:\/\/diariodominicano.com\/wp-content\/uploads\/2024\/02\/IMG_9592.jpeg 827w, https:\/\/diariodominicano.com\/wp-content\/uploads\/2024\/02\/IMG_9592-300x283.jpeg 300w, https:\/\/diariodominicano.com\/wp-content\/uploads\/2024\/02\/IMG_9592-768x725.jpeg 768w, https:\/\/diariodominicano.com\/wp-content\/uploads\/2024\/02\/IMG_9592-816x771.jpeg 816w\" sizes=\"auto, (max-width: 827px) 100vw, 827px\" \/><\/figure>\n\n\n\n<p>En ese sentido, el s\u00e1bado 10, el liderazgo del PLD, a la cabeza de Danilo Medina y Abel Mart\u00ednez, corrieron junto Contreras, los candidatos a diputados y regidores recorrieron los barrios y sectores de la circunscripci\u00f3n n\u00famero tres, donde la gente se volc\u00f3 en masas para apoyar a sus candidatos.&nbsp;<\/p>\n\n\n\n<p>En todo momento, Domingo Conteras estuvo acompa\u00f1a de Janet Camilo, candidata a vice alcaldesa en representaci\u00f3n del Partido Revolucionario Dominicano.&nbsp;<\/p>\n\n\n\n<p>El domingo correspondi\u00f3 al liderazgo de la Fuerza del Pueblo, que, junto a su presidente, Leonel Fern\u00e1ndez, el candidato a senador Omar Fern\u00e1ndez, los candidatos a diputados y regidores, realizaron una concurrida y masiva la marcha-caravana que se inici\u00f3 en Cristo Rey y recorri\u00f3 diferentes zonas de Villas Agr\u00edcolas, Villa Juana y otros sectores capitalinos.&nbsp;<\/p>\n\n\n\n<p>Adem\u00e1s de los cientos de dirigentes y miembros de del PLD y la FP, las marchas-caravanas de este fin de semana contaron con la participaci\u00f3n de simpatizantes del PRD, el BIS, PQDC y otros partidos que forman parte de la alianza oportunidades.&nbsp;<\/p>\n\n\n\n<p>MI FIRMA POR EL DRENAJO La campa\u00f1a ciudadana \u201cMi Firma por el Drenaje\u201d que impulsa el experimentado municipalista y candidato a alcalde, ha compacta al liderazgo de oposici\u00f3n, los cuales han plasmado sus firmas el documento, que ya supera la meta propuesta de correlaci\u00f3n de firmas.&nbsp;<\/p>\n\n\n\n<p>Miguel Vargas, Abel Mart\u00ednez, Leonel Fern\u00e1ndez y Danilo Medina, han firmado la propuesta de Domingo Contreras y han enviado mensajes de a sus seguidores para que abracen ese reclamo ciudadano de buscar soluciones concretas al grave problema del drenaje pluvial de la ciudad de Santo Domingo.<\/p>\n\n\n\n<p>Comunicaciones Domingo Contreras<\/p>\n\n\n\n<p><a target=\"_blank\" href=\"mailto:comunicacionesdomingoalcalde@gmail.com\" rel=\"noreferrer noopener\">comunicacionesdomingoalcald<\/a><\/p>\n","protected":false},"excerpt":{"rendered":"<p>Contreras recorrido este fin de semana las tres circunscripciones de Distrito Nacional junto a Danilo Medina, Abel Mart\u00ednez y Leonel Fern\u00e1ndez.&nbsp; SANTO DOMINGO, RD. \u2013 En la recta final de la campa\u00f1a electoral de cara a las elecciones municipales, el candidato a alcalde del Distro Nacional por el Partido de la Liberaci\u00f3n Dominica a y [&hellip;]<\/p>\n","protected":false},"author":28,"featured_media":507886,"comment_status":"closed","ping_status":"","sticky":false,"template":"","format":"standard","meta":{"footnotes":""},"categories":[22],"tags":[],"class_list":["post-507885","post","type-post","status-publish","format-standard","has-post-thumbnail","hentry","category-politica"],"_links":{"self":[{"href":"https:\/\/diariodominicano.com\/index.php?rest_route=\/wp\/v2\/posts\/507885","targetHints":{"allow":["GET"]}}],"collection":[{"href":"https:\/\/diariodominicano.com\/index.php?rest_route=\/wp\/v2\/posts"}],"about":[{"href":"https:\/\/diariodominicano.com\/index.php?rest_route=\/wp\/v2\/types\/post"}],"author":[{"embeddable":true,"href":"https:\/\/diariodominicano.com\/index.php?rest_route=\/wp\/v2\/users\/28"}],"replies":[{"embeddable":true,"href":"https:\/\/diariodominicano.com\/index.php?rest_route=%2Fwp%2Fv2%2Fcomments&post=507885"}],"version-history":[{"count":1,"href":"https:\/\/diariodominicano.com\/index.php?rest_route=\/wp\/v2\/posts\/507885\/revisions"}],"predecessor-version":[{"id":507889,"href":"https:\/\/diariodominicano.com\/index.php?rest_route=\/wp\/v2\/posts\/507885\/revisions\/507889"}],"wp:featuredmedia":[{"embeddable":true,"href":"https:\/\/diariodominicano.com\/index.php?rest_route=\/wp\/v2\/media\/507886"}],"wp:attachment":[{"href":"https:\/\/diariodominicano.com\/index.php?rest_route=%2Fwp%2Fv2%2Fmedia&parent=507885"}],"wp:term":[{"taxonomy":"category","embeddable":true,"href":"https:\/\/diariodominicano.com\/index.php?rest_route=%2Fwp%2Fv2%2Fcategories&post=507885"},{"taxonomy":"post_tag","embeddable":true,"href":"https:\/\/diariodominicano.com\/index.php?rest_route=%2Fwp%2Fv2%2Ftags&post=507885"}],"curies":[{"name":"wp","href":"https:\/\/api.w.org\/{rel}","templated":true}]}}