{"id":507850,"date":"2024-02-12T15:40:24","date_gmt":"2024-02-12T19:40:24","guid":{"rendered":"https:\/\/diariodominicano.com\/?p=507850"},"modified":"2024-02-12T15:49:16","modified_gmt":"2024-02-12T19:49:16","slug":"enterate-ny-77","status":"publish","type":"post","link":"https:\/\/diariodominicano.com\/?p=507850","title":{"rendered":"Ent\u00e9rate NY"},"content":{"rendered":"\n<p><strong>PERIODISMO INFORMATIVO Y CR\u00cdTICO AL SERVICIO DE LA COMUNIDAD<\/strong><\/p>\n\n\n\n<p><strong>Por Ram\u00f3n Mercedes<\/strong><\/p>\n\n\n\n<p><strong>\u25baAbinader en NY este martes:<\/strong>\u00a0<\/p>\n\n\n\n<figure class=\"wp-block-image size-full\"><img loading=\"lazy\" decoding=\"async\" width=\"674\" height=\"485\" src=\"https:\/\/diariodominicano.com\/wp-content\/uploads\/2024\/02\/000-Parrafo-1.-Abinader-en-NY-este-martes-1.jpg\" alt=\"\" class=\"wp-image-507862\" srcset=\"https:\/\/diariodominicano.com\/wp-content\/uploads\/2024\/02\/000-Parrafo-1.-Abinader-en-NY-este-martes-1.jpg 674w, https:\/\/diariodominicano.com\/wp-content\/uploads\/2024\/02\/000-Parrafo-1.-Abinader-en-NY-este-martes-1-300x216.jpg 300w\" sizes=\"auto, (max-width: 674px) 100vw, 674px\" \/><\/figure>\n\n\n\n<p>Ante la explosiva situaci\u00f3n que impera actualmente en el vecino pa\u00eds de Hait\u00ed, el presidente dominicano Luis Abinader visitar\u00e1 por menos de 24 horas esta ciudad de NY para participar en la reuni\u00f3n del Consejo de Seguridad de las Naciones Unidas (ONU), inform\u00f3 una fuente de entero cr\u00e9dito. El Consejo de Seguridad de la ONU es el organismo encargado de mantener la Paz y Seguridad en el mundo; Proteger los derechos humanos; Entregar ayuda humanitaria; Promover el desarrollo sostenible; y Defender el derecho internacional. RD no forma parte de dicho Consejo, pero como Estado podr\u00e1 participar sin derecho a voto en sus deliberaciones, cuando el Consejo considera que los intereses de ese pa\u00eds se ven afectados. Tanto los miembros y los no miembros de las Naciones Unidas, si son partes en una controversia que el Consejo considera, podr\u00e1n invitarse a participar en las deliberaciones sin derecho a voto, y el organismo internacional establece las condiciones para la participaci\u00f3n de un Estado no miembro. Cuando se presenta una controversia, la primera medida del Consejo es recomendar a las partes que lleguen a un acuerdo por medios pac\u00edficos. Puede imponer embargos o sanciones econ\u00f3micas, o autorizar el uso de la fuerza para hacer cumplir los mandatos. El Consejo tiene 15 miembros y cada miembro tiene un voto. Los 5 permanentes son China, Francia, Rusia, Gran Breta\u00f1a y los EE. UU. Otros 10 Estados lo van rotando anualmente. RD fue 20219-2020 y lo presidi\u00f3 el entonces canciller dominicano, Miguel Vargas Maldonado.\u00a0<strong>Ver =<\/strong>\u00a0<a href=\"https:\/\/news.un.org\/es\/story\/2019\/01\/1448832\" target=\"_blank\" rel=\"noreferrer noopener\">https:\/\/news.un.org\/es\/story\/2019\/01\/1448832<\/a><\/p>\n\n\n\n<figure class=\"wp-block-image size-full\"><img decoding=\"async\" src=\"https:\/\/diariodominicano.com\/wp-content\/uploads\/2024\/02\/000-Parrafo-2.-Polanco-favorito-entre-diputados-PRD-en-NY-1.jpg\" alt=\"\" class=\"wp-image-507854\"\/><\/figure>\n\n\n\n<p><strong>\u25baPolanco favorito entre diputados PRD en NY:<\/strong><\/p>\n\n\n\n<p>\u00a0Un sondeo efectuado entre votantes dominicanos en El Bronx y Manhattan por miembros del \u201cEquipo Los 6\u201d, que dirige el autor de esta cr\u00f3nica, determin\u00f3 la preferencia entre los tres candidatos a diputado del PRD por la Circunscripci\u00f3n 1-USA. El porcentaje total qued\u00f3 definido: Polanco con 287 (51%); Jim\u00e9nez con 130 (23%); Cruz con 74 (13%); y se abstuvieron 73 (13%). \u00bfPor qu\u00e9 se escogieron solo estos dos condados de 57 donde la JCE empadron\u00f3 275,939 en el estado de NY? Porque concentran los mayores n\u00fameros de empadronados. El Bronx con 119,264, y Manhattan con 59,757, para un total de 179,021; un 65% aptos para votar en todo NY. El Bronx y Manhattan (179,021) tienen a su favor 117,116 votantes m\u00e1s que los restantes condados en NYC; Brooklyn 32,050; Queens 28,481, y Staten Island con 1,374, acumulando en conjunto un total de 61,905 votantes. El resto de los 52 condados empadronados solo registran 35,013, para una diferencia de 144,008 votantes a favor de El Bronx y Manhattan. En toda la Circunscripci\u00f3n 1-USA se empadronaron 544,446 dominicanos. El sondeo fue ejecutado por tres miembros del \u201cEquipo Los 6\u201d, a raz\u00f3n de 141 sondeados por d\u00eda, tocando cada uno a 47 personas diaria.\u00a0<\/p>\n\n\n\n<p><strong>Otros detalles:<\/strong><\/p>\n\n\n\n<p><strong>\u00a0<\/strong><a href=\"https:\/\/actualidadneoyorkina.com\/?p=2491\" target=\"_blank\" rel=\"noreferrer noopener\">https:\/\/actualidadneoyorkina.com\/?p=2491<\/a><\/p>\n\n\n\n<p><strong>\u25baIncre\u00edble pero cierto:<\/strong><strong>\u00a0<\/strong><\/p>\n\n\n\n<p>Cita:En pol\u00edtica se da el caso de que quien hoy es tu enemigo ma\u00f1ana puede ser tu mejor amigo y viceversa, sostienen analistas dominicanos en el Alto Manhattan. El aguerrido, valorado y reconocido dirigente pol\u00edtico en NYC, Luis Mayobanex Rodr\u00edguez (Radham\u00e9s P\u00e9rez), coordinador de AlPa\u00eds en ultramar, se ha caracterizado por coherente, seriedad, dirigiendo marchas, reuniones, piquetes en la calle 181 con la avenida Saint Nicholas, y frente al\u00a0\u00a0consulado RD-NY, exigiendo al presidente Abinader rebajas en los altos costos de los documentos consulares, eliminar los 10 d\u00f3lares, reducir el costo de la ciudadan\u00eda para los hijos de la di\u00e1spora; liberar el pago extra cuando un ni\u00f1o excede los 30 d\u00edas de estad\u00eda en RD, prohibir el cobro por primera maleta al dominicano entrar al pa\u00eds, liberar el pago del Impuesto a la Propiedad Inmobiliaria a jubilados de m\u00e1s de 65 a\u00f1os, y\u00a0\u00a0reducir el costo por la compra de un boleto a\u00e9reo para viajar a y desde RD.\u00a0<strong>Ver:\u00a0<\/strong><a href=\"https:\/\/hoy.com.do\/alpais-ny-combinara-protestas-y-accion-judicial-por-cobro-ilegal-10-dolares-a-dominicanos\/\" target=\"_blank\" rel=\"noreferrer noopener\">https:\/\/hoy.com.do\/alpais-ny-combinara-protestas-y-accion-judicial-por-cobro-ilegal-10-dolares-a-dominicanos\/<\/a>\u00a0Hace pocos d\u00edas, Radham\u00e9s \u201cescribi\u00f3\u201d que los candidatos a diputados en ultramar de AlPa\u00eds seguir\u00e1n luchando por esas conquistas. Los opin\u00f3logos se preguntan: \u00bfLas marchas, piquetes y protestas, \u00e9l seguir\u00e1 dirigi\u00e9ndola en NY? Esos males siguen en la comunidad. \u00a1Acci\u00f3n! Porque \u201cdel dicho al hecho hay gran trecho\u201d, diiicen.\u00a0\u00a0Radham\u00e9s asisti\u00f3 la semana pasada a la juramentaci\u00f3n del equipo de campa\u00f1a del PRM en El Bronx y se jurament\u00f3 y declar\u00f3: \u201cAlPa\u00eds apoya al presidente y espera que el pueblo, que entendi\u00f3 que el cambio era posible, apueste hoy en d\u00eda para profundizarlo\u201d. Algunos sentados alrededor suyo pusieron el merengue con volumen bajito de Johnny Ventura, y sin inmutarse, se qued\u00f3 quieto, se puso colorado y respiraba hondo, disimuladamente. Alguien dijo \u201cpor disciplina partidaria \u00e9l est\u00e1 ah\u00ed\u201d. Otro contest\u00f3: \u201cCosas veredes, Sancho\u201d.\u00a0<strong>Ver y escuchar:\u00a0<\/strong><a href=\"https:\/\/www.youtube.com\/watch?v=WRzfViC3EfU\" target=\"_blank\" rel=\"noreferrer noopener\">https:\/\/www.youtube.com\/watch?v=WRzfViC3EfU<\/a><\/p>\n\n\n\n<figure class=\"wp-block-image size-full\"><img loading=\"lazy\" decoding=\"async\" width=\"617\" height=\"262\" src=\"https:\/\/diariodominicano.com\/wp-content\/uploads\/2024\/02\/000-Parrafo-4.-Vision-de-analista-politico-dominicano.jpg\" alt=\"\" class=\"wp-image-507857\" srcset=\"https:\/\/diariodominicano.com\/wp-content\/uploads\/2024\/02\/000-Parrafo-4.-Vision-de-analista-politico-dominicano.jpg 617w, https:\/\/diariodominicano.com\/wp-content\/uploads\/2024\/02\/000-Parrafo-4.-Vision-de-analista-politico-dominicano-300x127.jpg 300w\" sizes=\"auto, (max-width: 617px) 100vw, 617px\" \/><\/figure>\n\n\n\n<p><strong>\u25baVisi\u00f3n de analista pol\u00edtico dominicano:<\/strong><strong>\u00a0<\/strong><\/p>\n\n\n\n<p>Abinader tiene prioridades extraviadas: El versado y reconocido analista pol\u00edtico dominicano (del List\u00edn Diario, Univisi\u00f3n Canal-41, Telemundo 47 y Los \u00c1ngeles Times en Espa\u00f1ol), J.C. Malone, plantea entre otras cosas, que si el presidente dejara la politiquer\u00eda, no pensara tanto en \u00e9l mismo, saliera de adentro de su cabeza y empezara a gobernar, encontrar\u00e1 que tenemos urgentes tareas pendientes.\u00a0<strong>Ver:<\/strong>\u00a0<a href=\"https:\/\/listindiario.com\/la-republica\/20240207\/abinader-prioridades-extraviadas_794364.html\" target=\"_blank\" rel=\"noreferrer noopener\">https:\/\/listindiario.com\/la-republica\/20240207\/abinader-prioridades-extraviadas_794364.html<\/a>\u00a0<strong>Despu\u00e9s<\/strong>, el secretario general de la ONU, Ant\u00f3nio Guterres, al presentar ante la Asamblea General sus prioridades de trabajo para el 2024, alerta que el mundo \u201cha entrado en la era del caos\u201d, como en \u201cuna peligrosa e impredecible ley de la selva (donde reina) la total impunidad\u201d, con amenazas como una crisis clim\u00e1tica desbocada, una inteligencia artificial sin regulaci\u00f3n, unas instituciones internacionales no representativas y unas desigualdades cada vez m\u00e1s agudas.\u00a0<strong>Ver:\u00a0<\/strong><a href=\"https:\/\/eldiariony.com\/2024\/02\/07\/onu-advierte-que-el-mundo-entro-en-la-era-del-caos\/\" target=\"_blank\" rel=\"noreferrer noopener\">https:\/\/eldiariony.com\/2024\/02\/07\/onu-advierte-que-el-mundo-entro-en-la-era-del-caos\/<\/a>\u00a0Un ciudadano en el Alto Manhattan vocifer\u00f3: \u201cCualquier parecido con la realidad es pura coincidencia\u201d. Otro contest\u00f3: \u201cPongan atenci\u00f3n, la medicina preventiva es mejor que la curativa, y guerra avisada no mata soldado, y si lo mata es por descuidado. Una se\u00f1ora que pasaba entre ambos atin\u00f3 decir: \u201cEl que se lleva de consejo muere de viejo\u201d \u00a1Huumm!<\/p>\n\n\n\n<figure class=\"wp-block-image size-full\"><img loading=\"lazy\" decoding=\"async\" width=\"544\" height=\"273\" src=\"https:\/\/diariodominicano.com\/wp-content\/uploads\/2024\/02\/000-Parrafo-5.-Sera-verdad.jpg\" alt=\"\" class=\"wp-image-507858\" srcset=\"https:\/\/diariodominicano.com\/wp-content\/uploads\/2024\/02\/000-Parrafo-5.-Sera-verdad.jpg 544w, https:\/\/diariodominicano.com\/wp-content\/uploads\/2024\/02\/000-Parrafo-5.-Sera-verdad-300x151.jpg 300w, https:\/\/diariodominicano.com\/wp-content\/uploads\/2024\/02\/000-Parrafo-5.-Sera-verdad-400x200.jpg 400w\" sizes=\"auto, (max-width: 544px) 100vw, 544px\" \/><\/figure>\n\n\n\n<p><strong>\u25ba\u00bfSer\u00e1 verdad?:<\/strong>\u00a0<\/p>\n\n\n\n<p>Dominicanos en el Alto Manhattan y la ciudad de Paterson-NJ se est\u00e1n preguntando el por qu\u00e9 los c\u00f3nsules Eligio J\u00e1quez, coordinador general de la reelecci\u00f3n del presidente Luis Abinader en la Circunscripci\u00f3n 1-USA, y \u00c1ngel Pichardo, vocero en NJ, desatienden sus funciones con frecuencia para llenar sus despachos de \u201ccompa\u00f1eritos\u201d del PRM para discutir y planificar sobre la estrategia y log\u00edstica.\u00a0\u00a0El art\u00edculo 80 de la Ley n\u00fam. 41-08 de Funci\u00f3n P\u00fablica proh\u00edbe:\u00a0<strong>1-<\/strong>\u00a0Participar en actividades en las que se traten temas sobre los cuales el servidor p\u00fablico tenga intereses particulares econ\u00f3micos, patrimoniales o de \u00edndole pol\u00edtica.\u00a0<strong>2-<\/strong>\u00a0Servir intereses de partidos en el ejercicio de sus funciones, organizar o dirigir demostraciones, pronunciar discursos partidistas, distribuir propaganda de car\u00e1cter pol\u00edtico.\u00a0<strong>3-<\/strong><strong>\u00a0<\/strong>Se advierte a aquellos funcionarios y servidores p\u00fablicos que, sin importar su jerarqu\u00eda, transgredan las prohibiciones establecidas en la ley, ser\u00e1n sometidos a los procesos disciplinarios, civiles y penales, seg\u00fan corresponda. Tanto J\u05b4\u00e1quez como Pichardo deber\u00edan aclarar eso, diiicen. \u00bfQu\u00e9 dice\u00a0Milagros Ortiz Bosch, asesora del Poder Ejecutivo en materia de \u00c9tica, Transparencia y Anticorrupci\u00f3n, y directora de la Direcci\u00f3n General de \u00c9tica e Integridad?<\/p>\n\n\n\n<figure class=\"wp-block-image size-full\"><img loading=\"lazy\" decoding=\"async\" width=\"344\" height=\"401\" src=\"https:\/\/diariodominicano.com\/wp-content\/uploads\/2024\/02\/000-Parrafo-6.-Atajando-para-que-otro-enlace.jpg\" alt=\"\" class=\"wp-image-507859\" srcset=\"https:\/\/diariodominicano.com\/wp-content\/uploads\/2024\/02\/000-Parrafo-6.-Atajando-para-que-otro-enlace.jpg 344w, https:\/\/diariodominicano.com\/wp-content\/uploads\/2024\/02\/000-Parrafo-6.-Atajando-para-que-otro-enlace-257x300.jpg 257w\" sizes=\"auto, (max-width: 344px) 100vw, 344px\" \/><\/figure>\n\n\n\n<p><strong>\u25baAtajando para que otro enlace:<\/strong><\/p>\n\n\n\n<p>\u00a0Varios altos dirigentes del PRM en NY y NJ, que por sus trabajos pol\u00edticos a favor del partido y del presidente Luis Abinader consideran que las posiciones de c\u00f3nsules en Toronto y Montreal, en Canad\u00e1, ambas pertenecientes a la Circunscripci\u00f3n 1-USA, deben ser ocupadas por algunos de ellos con la capacidad profesional suficiente, y no por personas enviadas desde la RD por conveniencia y complacer a altos dirigentes del PRM en el pa\u00eds caribe\u00f1o. \u201cNos mantenemos y aguantamos con estoicismo (dominio de las pasiones 100\u00d7100%) pero no nos sentimos a gusto\u201d, dicen, pidiendo total reservas de sus identidades, porque desempe\u00f1an funciones de novena y d\u00e9cima categor\u00eda en el gobierno. Lo grande del caso es que los Decretos en cuesti\u00f3n no son dados a conocer en la p\u00e1gina de la Presidencia de la Rep\u00fablica. El Decreto No. 489-20\u00a0<strong>=<\/strong>\u00a0<a href=\"https:\/\/presidencia.gob.do\/search\/node?keys=decreto+489-20\" target=\"_blank\" rel=\"noreferrer noopener\">https:\/\/presidencia.gob.do\/search\/node?keys=decreto+489-20<\/a>, de fecha 21 de septiembre 2020, designa a Edme E. Arnaud Bencosme como c\u00f3nsul general en Toronto, Canad\u00e1, en sustituci\u00f3n de Fiquito V\u00e1squez. Ella es hermana de Wellington Arnaud, director ejecutivo del INAPA .\u00a0<strong>Ver =<\/strong>\u00a0<a href=\"https:\/\/www.instagram.com\/p\/CF0GMCNjPo_\/\" target=\"_blank\" rel=\"noreferrer noopener\">https:\/\/www.instagram.com\/p\/CF0GMCNjPo_\/<\/a>\u00a0Asimismo, destituyeron a la dirigente de la seccional del partido en NY, Eusebia Mar\u00eda N\u00fa\u00f1ez Garc\u00eda (Margarita Pichardo), miembro del comit\u00e9 seccional y ex secretaria general. ElDecreto 656-23 en su art\u00edculo 3 especifica: \u201cSe deroga el art\u00edculo 1-Decreto 368-20, del 11 de noviembre de 2020, que design\u00f3 a N\u00fa\u00f1ez Garc\u00eda, c\u00f3nsul general de la RD en Montreal-Canad\u00e1, dado el 21 de diciembre 2023\u2033.En vez de nombrar otro de la Circunscripci\u00f3n, env\u00edan a Guina Marys Serra Encarnaci\u00f3n, esposa del presidente del partido en Santo Domingo Este y ex director del Instituto Postal Dominicano (INPOSDOM), Ad\u00e1n Peguero. Dicho Decreto tampoco se hizo p\u00fablico como se aprecia en la p\u00e1gina de la Presidencia (su b\u00fasqueda no produjo resultados<strong>=<\/strong>\u00a0<a href=\"https:\/\/presidencia.gob.do\/search\/node?keys=decreto+656-23\" target=\"_blank\" rel=\"noreferrer noopener\">https:\/\/presidencia.gob.do\/search\/node?keys=decreto+656-23<\/a>\u00a0Un ciudadano en el Alto Manhattan vocifer\u00f3: \u201cUno nunca sabe para quien trabaja, ni la \u2026.. para quien lo tiene\u201d, como dice el refr\u00e1n. \u00a1Uff!<\/p>\n\n\n\n<p><strong>\u25ba\u00bfDetalles, detalles?:<\/strong><\/p>\n\n\n\n<p>\u00a0El empresario dominicano y ex diputado por el exterior, Rub\u00e9n Luna, llev\u00f3 recientemente al Congreso dominicano al presidente de la Fundaci\u00f3n Diplomacia por la Paz Mundial (Diplomacy for World Peace \/ DWP), presidida por el activista banglades\u00ed Abul Hossain, para abrir una empresa en el pa\u00eds caribe\u00f1o que generar\u00e1 muuuuuuchos empleos, seg\u00fan diiiijo.\u00a0\u00a1Huumm! Estamos en campa\u00f1a, diiicen.\u00a0Observadores pol\u00edticos quisqueyanos en NYC esperan que Luna informe: \u00bfEl tipo de empresa? \u00bfC\u00f3mo se llamar\u00e1? \u00bfA qu\u00e9 se dedicar\u00e1? \u00bfCu\u00e1ndo ser\u00e1 instalada?\u00a0\u00bfEn qu\u00e9 lugar? Ojal\u00e1 que no sea un ABM = Allante, Bulto y Movimiento.\u00a0<strong>Ver:<\/strong>\u00a0<a href=\"https:\/\/elnuevodiario.com.do\/empresario-ruben-luna-recibidos-por-senadores-en-visita-de-cortesia-al-congreso-rd\/\" target=\"_blank\" rel=\"noreferrer noopener\">https:\/\/elnuevodiario.com.do\/empresario-ruben-luna-recibidos-por-senadores-en-visita-de-cortesia-al-congreso-rd\/<\/a><\/p>\n\n\n\n<figure class=\"wp-block-image size-full\"><img loading=\"lazy\" decoding=\"async\" width=\"862\" height=\"611\" src=\"https:\/\/diariodominicano.com\/wp-content\/uploads\/2024\/02\/Francis-Javielys-Mateo-Amparo.jpg\" alt=\"\" class=\"wp-image-507865\" srcset=\"https:\/\/diariodominicano.com\/wp-content\/uploads\/2024\/02\/Francis-Javielys-Mateo-Amparo.jpg 862w, https:\/\/diariodominicano.com\/wp-content\/uploads\/2024\/02\/Francis-Javielys-Mateo-Amparo-300x213.jpg 300w, https:\/\/diariodominicano.com\/wp-content\/uploads\/2024\/02\/Francis-Javielys-Mateo-Amparo-768x544.jpg 768w, https:\/\/diariodominicano.com\/wp-content\/uploads\/2024\/02\/Francis-Javielys-Mateo-Amparo-816x578.jpg 816w\" sizes=\"auto, (max-width: 862px) 100vw, 862px\" \/><\/figure>\n\n\n\n<p>Francis Javielys Mateo Amparo<\/p>\n\n\n\n<p><strong>\u25baUn valor dominicano en NY:<\/strong>\u00a0<\/p>\n\n\n\n<p>Francis Javielys Mateo Amparo, oriunda del Cibao, espec\u00edficamente del pueblo de Villa Riva, provincia Duarte, es una prestigiosa joven que viene poniendo en alto la bandera tricolor en EUA. Finalista del prestigioso Premio Nacional de la Juventud en la categor\u00eda de \u00abAportes a la Comunidad Dominicana en el Exterior\u00bb. Labora para Truenorth Corporation en Puerto Rico, donde despliega su experiencia como Ingeniera de Software y ostenta un Magister en Gerencia de Proyectos. Actualmente reside en el Alto Manhattan y labora en la oficina del asamble\u00edsta dem\u00f3crata Manny de los Santos. Colabora activamente en el Consulado RD-NY, liderando proyectos tecnol\u00f3gicos, adem\u00e1s, ejerce como profesora de computaci\u00f3n en Community Impact en la Universidad de Columbia, as\u00ed como en \u00abWe Act\u00bb, un voluntariado comprometido con la lucha contra el cambio clim\u00e1tico.<\/p>\n\n\n\n<p><strong>\u25baCultura general:<\/strong><strong>\u00a0<\/strong><\/p>\n\n\n\n<p>Lacostumbre de regalar flores en San Valent\u00edn tiene su origen en la antigua Grecia, con Afrodita, la diosa del amor, apasionada por las rosas rojas y desenfrenada en el amor. Para poder conquistarla, los hombres ten\u00edan que escoger entre las mejores rosas, para llegar a tener la oportunidad de alegrar el coraz\u00f3n de la diosa. Historia real: Un monje en la antigua Roma, casaba a los j\u00f3venes a escondidas del emperador, porque hab\u00eda prohibido el matrimonio entre los j\u00f3venes, ya que estos eran reclutados para ir a las guerras y si estaban casados o ya hab\u00edan formalizado familia, su rendimiento era menor que los que no estaban. Los j\u00f3venes solteros eran m\u00e1s diestros, aguerridos y luchaban con pasi\u00f3n porque su amor estaba destinado a su patria. \u00bfC\u00f3mo lo descubrieron? Los guardias notaron que las j\u00f3venes casaderas caminaban con un peque\u00f1o ramo de flores blancas y comenzaron a darle seguimiento y descubrieron al monje, y el emperador lo conden\u00f3 a ser ejecutado el 14 de febrero.<\/p>\n\n\n\n<p><strong>\u25baServicio comunitario:<\/strong><strong>\u00a0<\/strong><\/p>\n\n\n\n<p>Loter\u00edas de vivienda abiertas NYC para mil apartamentos con rentas bajas.\u00a0<strong>Ver:<\/strong>\u00a0<a href=\"https:\/\/actualidadneoyorkina.com\/?p=2478\" target=\"_blank\" rel=\"noreferrer noopener\">https:\/\/actualidadneoyorkina.com\/?p=2478<\/a><\/p>\n\n\n\n<p><strong>\u25ba<\/strong><strong>Salud:<\/strong><strong>&nbsp;&nbsp;<\/strong>La Remolacha: Esta ra\u00edz tuberosa puede mejorar tu resistencia e incluso ayudarte a correr m\u00e1s r\u00e1pido, a reducir la presi\u00f3n arterial hasta mantener nuestro cerebro sano a medida que envejecemos. Nuevas pruebas empiezan a revelar los extraordinarios 5 beneficios de este vegetal. Efectos sobre el coraz\u00f3n y la presi\u00f3n arterial. Alimento para el cerebro. Equilibrio del microbioma oral. Mayor rendimiento f\u00edsico. Son solubles en agua, as\u00ed que tenga cuidado al cocinar las remolachas. Hervirla har\u00e1 que los nitratos se filtren al l\u00edquido de cocci\u00f3n y no obtendr\u00e1 tantos beneficios. Si ha de cocer probablemente perder\u00e1 la mayor\u00eda de los nitratos. Las remolachas que compramos est\u00e1n envasadas al vac\u00edo: algunas marcas las hierven previamente, otras no. Para aprovecharla al m\u00e1ximo es mejor consumirla cruda, asada o beber su jugo.<\/p>\n\n\n\n<p><strong>\u25baSobre el espa\u00f1ol:<\/strong><\/p>\n\n\n\n<p>\u00a0Estrabismo\u00a0<strong>=<\/strong>\u00a0Trastorno en el cual los dos ojos no se alinean en la misma direcci\u00f3n (Vico).<\/p>\n\n\n\n<p><strong>\u25baD\u00f3lar y euro hasta este domingo 11:<\/strong><\/p>\n\n\n\n<p>\u00a0Compra del d\u00f3lar 56.85 y venta 58.35; Compra euro 62.00 y venta 67.50<\/p>\n\n\n\n<p><strong>\u25ba<\/strong><strong>Combustibles:\u00a0Del 10 al 16 de febrero:<\/strong><\/p>\n\n\n\n<p>\u00a0Gasolina Premium\u00a0a $290.10.\u00a0\u00a0Regular a $272.50\u2026Gasoil Optimo a $239.10 y el Regular a $221.60. Gas licuado a $132.60 y el Gas Natural $43.97.<\/p>\n\n\n\n<p><strong>\u25baPara comunicarse con nosotros:<\/strong>\u00a0<\/p>\n\n\n\n<p>Escribir a\u00a0<a href=\"mailto:santodomingoaldia@yahoo.com\" target=\"_blank\" rel=\"noreferrer noopener\">santodomingoaldia@yahoo.com<\/a><\/p>\n","protected":false},"excerpt":{"rendered":"<p>PERIODISMO INFORMATIVO Y CR\u00cdTICO AL SERVICIO DE LA COMUNIDAD Por Ram\u00f3n Mercedes \u25baAbinader en NY este martes:\u00a0 Ante la explosiva situaci\u00f3n que impera actualmente en el vecino pa\u00eds de Hait\u00ed, el presidente dominicano Luis Abinader visitar\u00e1 por menos de 24 horas esta ciudad de NY para participar en la reuni\u00f3n del Consejo de Seguridad de [&hellip;]<\/p>\n","protected":false},"author":28,"featured_media":507860,"comment_status":"closed","ping_status":"","sticky":true,"template":"","format":"standard","meta":{"footnotes":""},"categories":[36,22,27],"tags":[],"class_list":["post-507850","post","type-post","status-publish","format-standard","has-post-thumbnail","hentry","category-hombresmujeresycosas","category-politica","category-portada"],"_links":{"self":[{"href":"https:\/\/diariodominicano.com\/index.php?rest_route=\/wp\/v2\/posts\/507850","targetHints":{"allow":["GET"]}}],"collection":[{"href":"https:\/\/diariodominicano.com\/index.php?rest_route=\/wp\/v2\/posts"}],"about":[{"href":"https:\/\/diariodominicano.com\/index.php?rest_route=\/wp\/v2\/types\/post"}],"author":[{"embeddable":true,"href":"https:\/\/diariodominicano.com\/index.php?rest_route=\/wp\/v2\/users\/28"}],"replies":[{"embeddable":true,"href":"https:\/\/diariodominicano.com\/index.php?rest_route=%2Fwp%2Fv2%2Fcomments&post=507850"}],"version-history":[{"count":7,"href":"https:\/\/diariodominicano.com\/index.php?rest_route=\/wp\/v2\/posts\/507850\/revisions"}],"predecessor-version":[{"id":507866,"href":"https:\/\/diariodominicano.com\/index.php?rest_route=\/wp\/v2\/posts\/507850\/revisions\/507866"}],"wp:featuredmedia":[{"embeddable":true,"href":"https:\/\/diariodominicano.com\/index.php?rest_route=\/wp\/v2\/media\/507860"}],"wp:attachment":[{"href":"https:\/\/diariodominicano.com\/index.php?rest_route=%2Fwp%2Fv2%2Fmedia&parent=507850"}],"wp:term":[{"taxonomy":"category","embeddable":true,"href":"https:\/\/diariodominicano.com\/index.php?rest_route=%2Fwp%2Fv2%2Fcategories&post=507850"},{"taxonomy":"post_tag","embeddable":true,"href":"https:\/\/diariodominicano.com\/index.php?rest_route=%2Fwp%2Fv2%2Ftags&post=507850"}],"curies":[{"name":"wp","href":"https:\/\/api.w.org\/{rel}","templated":true}]}}