{"id":50784,"date":"2020-08-11T14:17:45","date_gmt":"2020-08-11T14:17:45","guid":{"rendered":"http:\/\/diariodominicano.ddns.net\/?p=50784"},"modified":"2020-08-11T14:17:45","modified_gmt":"2020-08-11T14:17:45","slug":"presentan-a-la-comunidad-educativa-diccionario-oficial-de-lengua-de-senas-dominicana","status":"publish","type":"post","link":"https:\/\/diariodominicano.com\/?p=50784","title":{"rendered":"Presentan a la comunidad educativa Diccionario Oficial de Lengua de Se\u00f1as Dominicana"},"content":{"rendered":"<p><body><\/p>\n<p><img decoding=\"async\" src=\"http:\/\/localhost:8080\/img3\/Mar%C3%83%C2%ADa%20Angelina%20Ro11-8-20.JPG\" \/>  <\/p>\n<p><span class=\"text1noticias\">diariodominicano.com<\/span> <\/p>\n<p><span class=\"text1noticias\"> <\/span><\/p>\n<p><span class=\"text1noticias\">Santo Domingo, R. D.,  11 de agosto, 2020.- En un esfuerzo articulado entre el Ministerio de Educaci\u00f3n (MINERD), representado por la Direcci\u00f3n de Educaci\u00f3n Especial, el Consejo Nacional de Discapacidad (CONADIS) y la Asociaci\u00f3n Nacional de Sordos de la Rep\u00fablica Dominicana (ANSORDO), se realiz\u00f3 la presentaci\u00f3n del diccionario Oficial de Lengua de Se\u00f1as Dominicana, a trav\u00e9s de la plataforma virtual Zoom, representando un gran avance para la comunidad educativa y las personas sordas. <\/span><\/p>\n<p><span class=\"text1noticias\"> <\/span><\/p>\n<p><span class=\"text1noticias\">Para la elaboraci\u00f3n se cre\u00f3 un comit\u00e9 interinstitucional, liderado por el Consejo Nacional de Discapacidad, compuesto en su mayor\u00eda por personas sordas de las tres instituciones (CONADIS, MINERD y ANSORDO) con una trayectoria de calidad en el servicio que ofrecen, y credibilidad dentro de su comunidad y algunas personas oyentes como apoyo.<\/span><\/p>\n<p><span class=\"text1noticias\"> <\/span><\/p>\n<p><span class=\"text1noticias\"> <\/span><\/p>\n<p><span class=\"text1noticias\">La Directora General de Educaci\u00f3n Especial del Ministerio de Educaci\u00f3n, Mar\u00eda Angelina Rodr\u00edguez Hermida, expres\u00f3 al hacer uso de la palabra en el acto de lanzamiento que  \u00abel Diccionario Oficial de Lengua de Se\u00f1as Dominicana marca un antes y un despu\u00e9s en la educaci\u00f3n para estudiantes sordos en el pa\u00eds\u00bb.<\/span><\/p>\n<p><span class=\"text1noticias\"> <\/span><\/p>\n<p><span class=\"text1noticias\"> \u00abCon la publicaci\u00f3n de este diccionario tenemos un referente que une a dos culturas, la sorda y la oyente. El diccionario, en un primer momento, en versi\u00f3n digital, es din\u00e1mico e interactivo y permite que las personas que consulten vean la palabra en lengua de se\u00f1as y su definici\u00f3n en espa\u00f1ol\u00bb, destac\u00f3.<\/span><\/p>\n<p><span class=\"text1noticias\"> <\/span><\/p>\n<p><span class=\"text1noticias\"> <\/span><\/p>\n<p><span class=\"text1noticias\">Se\u00f1ala que el diccionario es un paso gigantesco e imprescindible para establecer la Lengua de Se\u00f1as Dominicana, porque es el fruto de una investigaci\u00f3n ling\u00fc\u00edstica a nivel nacional que ha recogido las se\u00f1as que usan las personas sordas en el pa\u00eds. A partir de ah\u00ed, sigue la difusi\u00f3n masiva de esa lengua de se\u00f1as como dominicanos, patrimonio de la comunidad sorda y patrimonio del pa\u00eds. <\/span><\/p>\n<p><span class=\"text1noticias\"> <\/span><\/p>\n<p><span class=\"text1noticias\">La funcionaria consider\u00f3 que en lo sucesivo deben capacitarse primero los monitores o codocentes sordos para que sean los principales responsables de las capacitaciones a toda la comunidad educativa.<\/span><\/p>\n<p><span class=\"text1noticias\">  <\/span><\/p>\n<p><span class=\"text1noticias\">Explic\u00f3 que es responsabilidad del Ministerio de Educaci\u00f3n que, a partir del lanzamiento de la plataforma del Diccionario Oficial de la Lengua de Se\u00f1as Dominicana, los planes y proyectos dirigidos a estudiantes sordos, sean fortalecidos en t\u00e9rminos de educaci\u00f3n biling\u00fce, que consiste en ense\u00f1ar lengua de se\u00f1as como primera lengua, y el espa\u00f1ol como segunda lengua. <\/span><\/p>\n<p><span class=\"text1noticias\"> <\/span><\/p>\n<p><span class=\"text1noticias\">Fuente: Direcci\u00f3n de Comunicaci\u00f3n y Relaciones P\u00fablicas <\/span><\/p>\n<p><span class=\"text1noticias\">11 de agosto 2020 <\/span><\/p>\n<p><span class=\"text1noticias\">Licda. Magdalena Nu\u00f1e<\/span>z <\/p>\n<p>Enc. Relaciones P\u00fablicas<\/p>\n<h6> 2020-08-11 14:17:45 <\/h6>\n<p><!--\n<link rel=\"stylesheet\" href=\"css\/bootstrap.min.css\">\n\n\n<ul class=\"pagination\">\n\t    \n\t\n\n<li >\n\t<a href='?page_no=328'>Previous<\/a>\n\t<\/li>\n\n\n       \n    \n\n<li><a href='?page_no=1'>1<\/a><\/li>\n\n\n\n<li><a href='?page_no=2'>2<\/a><\/li>\n\n\n\n<li><a>...<\/a><\/li>\n\n\n\n<li><a href='?page_no=327'>327<\/a><\/li>\n\n\n\n<li><a href='?page_no=328'>328<\/a><\/li>\n\n\n\n<li class='active'><a>329<\/a><\/li>\n\n\n\n<li><a href='?page_no=330'>330<\/a><\/li>\n\n\n\n<li><a href='?page_no=331'>331<\/a><\/li>\n\n\n\n<li><a>...<\/a><\/li>\n\n\n\n<li><a href='?page_no=22911'>22911<\/a><\/li>\n\n\n\n<li><a href='?page_no=22912'>22912<\/a><\/li>\n\n    \n\t\n\n<li >\n\t<a href='?page_no=330'>Next<\/a>\n\t<\/li>\n\n\n    \n\n<li><a href='?page_no=22912'>Last &rsaquo;&rsaquo;<\/a><\/li>\n\n<\/ul>\n\n\n--><br \/>\n<\/body><\/p>\n","protected":false},"excerpt":{"rendered":"<p>diariodominicano.com Santo Domingo, R. D., 11 de agosto, 2020.- En un esfuerzo articulado entre el Ministerio de Educaci\u00f3n (MINERD), representado por la Direcci\u00f3n de Educaci\u00f3n Especial, el Consejo Nacional de Discapacidad (CONADIS) y la Asociaci\u00f3n Nacional de Sordos de la Rep\u00fablica Dominicana (ANSORDO), se realiz\u00f3 la presentaci\u00f3n del diccionario Oficial de Lengua de Se\u00f1as Dominicana, [&hellip;]<\/p>\n","protected":false},"author":3,"featured_media":0,"comment_status":"open","ping_status":"open","sticky":false,"template":"","format":"standard","meta":{"footnotes":""},"categories":[21],"tags":[],"class_list":["post-50784","post","type-post","status-publish","format-standard","hentry","category-cultura"],"_links":{"self":[{"href":"https:\/\/diariodominicano.com\/index.php?rest_route=\/wp\/v2\/posts\/50784","targetHints":{"allow":["GET"]}}],"collection":[{"href":"https:\/\/diariodominicano.com\/index.php?rest_route=\/wp\/v2\/posts"}],"about":[{"href":"https:\/\/diariodominicano.com\/index.php?rest_route=\/wp\/v2\/types\/post"}],"author":[{"embeddable":true,"href":"https:\/\/diariodominicano.com\/index.php?rest_route=\/wp\/v2\/users\/3"}],"replies":[{"embeddable":true,"href":"https:\/\/diariodominicano.com\/index.php?rest_route=%2Fwp%2Fv2%2Fcomments&post=50784"}],"version-history":[{"count":0,"href":"https:\/\/diariodominicano.com\/index.php?rest_route=\/wp\/v2\/posts\/50784\/revisions"}],"wp:attachment":[{"href":"https:\/\/diariodominicano.com\/index.php?rest_route=%2Fwp%2Fv2%2Fmedia&parent=50784"}],"wp:term":[{"taxonomy":"category","embeddable":true,"href":"https:\/\/diariodominicano.com\/index.php?rest_route=%2Fwp%2Fv2%2Fcategories&post=50784"},{"taxonomy":"post_tag","embeddable":true,"href":"https:\/\/diariodominicano.com\/index.php?rest_route=%2Fwp%2Fv2%2Ftags&post=50784"}],"curies":[{"name":"wp","href":"https:\/\/api.w.org\/{rel}","templated":true}]}}