{"id":507814,"date":"2024-02-12T12:46:26","date_gmt":"2024-02-12T16:46:26","guid":{"rendered":"https:\/\/diariodominicano.com\/?p=507814"},"modified":"2024-02-12T13:07:03","modified_gmt":"2024-02-12T17:07:03","slug":"casa-de-cultura-de-villa-faro-concluye-su-ii-exposicion-de-dibujos-y-pinturas","status":"publish","type":"post","link":"https:\/\/diariodominicano.com\/?p=507814","title":{"rendered":"Casa De Cultura de Villa Faro Concluye Su II Exposici\u00f3n De Dibujos Y Pinturas"},"content":{"rendered":"\n<p>Ganadores de dibujo <\/p>\n\n\n\n<p><em>18 estudiantes participaron en la muestra que permaneci\u00f3 abierta al p\u00fablico durante 47 d\u00edas <\/em><\/p>\n\n\n\n<figure class=\"wp-block-image size-large\"><img loading=\"lazy\" decoding=\"async\" width=\"1024\" height=\"576\" src=\"https:\/\/diariodominicano.com\/wp-content\/uploads\/2024\/02\/ALUMNOS-Y-FAMILIARES-PRESENTES-EN-LA-ACTIVIDAD-1024x576.jpeg\" alt=\"\" class=\"wp-image-507816\" srcset=\"https:\/\/diariodominicano.com\/wp-content\/uploads\/2024\/02\/ALUMNOS-Y-FAMILIARES-PRESENTES-EN-LA-ACTIVIDAD-1024x576.jpeg 1024w, https:\/\/diariodominicano.com\/wp-content\/uploads\/2024\/02\/ALUMNOS-Y-FAMILIARES-PRESENTES-EN-LA-ACTIVIDAD-300x169.jpeg 300w, https:\/\/diariodominicano.com\/wp-content\/uploads\/2024\/02\/ALUMNOS-Y-FAMILIARES-PRESENTES-EN-LA-ACTIVIDAD-768x432.jpeg 768w, https:\/\/diariodominicano.com\/wp-content\/uploads\/2024\/02\/ALUMNOS-Y-FAMILIARES-PRESENTES-EN-LA-ACTIVIDAD-816x459.jpeg 816w, https:\/\/diariodominicano.com\/wp-content\/uploads\/2024\/02\/ALUMNOS-Y-FAMILIARES-PRESENTES-EN-LA-ACTIVIDAD.jpeg 1280w\" sizes=\"auto, (max-width: 1024px) 100vw, 1024px\" \/><\/figure>\n\n\n\n<p>Alumnos y familiares que asistieron a la actividad.<\/p>\n\n\n\n<p><em>Honran la trayectoria y aporte a las artes visuales del Maestro Esteban Moreno de la Escuela De Arte Jaime Colson.<\/em><\/p>\n\n\n\n<figure class=\"wp-block-image size-large\"><img loading=\"lazy\" decoding=\"async\" width=\"1024\" height=\"768\" src=\"https:\/\/diariodominicano.com\/wp-content\/uploads\/2024\/02\/ALUMNOS-Y-FAMILIARES-ASISTENTES-1024x768.jpeg\" alt=\"\" class=\"wp-image-507818\" srcset=\"https:\/\/diariodominicano.com\/wp-content\/uploads\/2024\/02\/ALUMNOS-Y-FAMILIARES-ASISTENTES-1024x768.jpeg 1024w, https:\/\/diariodominicano.com\/wp-content\/uploads\/2024\/02\/ALUMNOS-Y-FAMILIARES-ASISTENTES-300x225.jpeg 300w, https:\/\/diariodominicano.com\/wp-content\/uploads\/2024\/02\/ALUMNOS-Y-FAMILIARES-ASISTENTES-768x576.jpeg 768w, https:\/\/diariodominicano.com\/wp-content\/uploads\/2024\/02\/ALUMNOS-Y-FAMILIARES-ASISTENTES-1536x1152.jpeg 1536w, https:\/\/diariodominicano.com\/wp-content\/uploads\/2024\/02\/ALUMNOS-Y-FAMILIARES-ASISTENTES-816x612.jpeg 816w, https:\/\/diariodominicano.com\/wp-content\/uploads\/2024\/02\/ALUMNOS-Y-FAMILIARES-ASISTENTES.jpeg 1600w\" sizes=\"auto, (max-width: 1024px) 100vw, 1024px\" \/><\/figure>\n\n\n\n<p><em>Padres y familiares de los alumnos ven muy positivas  las actividades formativas que realiza la Casa de Cultura de Villa Faro.<\/em><\/p>\n\n\n\n<figure class=\"wp-block-image size-large\"><img loading=\"lazy\" decoding=\"async\" width=\"1024\" height=\"768\" src=\"https:\/\/diariodominicano.com\/wp-content\/uploads\/2024\/02\/FELIPE-MEDRANO-Y-MANUEL-SANTANA-RECONOCEN-AL-MAESTRO-ESTEBAN-MORENO-1024x768.jpeg\" alt=\"\" class=\"wp-image-507820\" srcset=\"https:\/\/diariodominicano.com\/wp-content\/uploads\/2024\/02\/FELIPE-MEDRANO-Y-MANUEL-SANTANA-RECONOCEN-AL-MAESTRO-ESTEBAN-MORENO-1024x768.jpeg 1024w, https:\/\/diariodominicano.com\/wp-content\/uploads\/2024\/02\/FELIPE-MEDRANO-Y-MANUEL-SANTANA-RECONOCEN-AL-MAESTRO-ESTEBAN-MORENO-300x225.jpeg 300w, https:\/\/diariodominicano.com\/wp-content\/uploads\/2024\/02\/FELIPE-MEDRANO-Y-MANUEL-SANTANA-RECONOCEN-AL-MAESTRO-ESTEBAN-MORENO-768x576.jpeg 768w, https:\/\/diariodominicano.com\/wp-content\/uploads\/2024\/02\/FELIPE-MEDRANO-Y-MANUEL-SANTANA-RECONOCEN-AL-MAESTRO-ESTEBAN-MORENO-1536x1152.jpeg 1536w, https:\/\/diariodominicano.com\/wp-content\/uploads\/2024\/02\/FELIPE-MEDRANO-Y-MANUEL-SANTANA-RECONOCEN-AL-MAESTRO-ESTEBAN-MORENO-816x612.jpeg 816w, https:\/\/diariodominicano.com\/wp-content\/uploads\/2024\/02\/FELIPE-MEDRANO-Y-MANUEL-SANTANA-RECONOCEN-AL-MAESTRO-ESTEBAN-MORENO.jpeg 1600w\" sizes=\"auto, (max-width: 1024px) 100vw, 1024px\" \/><\/figure>\n\n\n\n<p>\u00a0Felipe Medrano y Manuel Santana reconocen al maestro Esteban Moreno.<\/p>\n\n\n\n<figure class=\"wp-block-image size-large\"><img loading=\"lazy\" decoding=\"async\" width=\"1024\" height=\"576\" src=\"https:\/\/diariodominicano.com\/wp-content\/uploads\/2024\/02\/MANUEL-SANTANA-RECONOCE-A-LOS-ALUMNOS-EXPOSITORES-1024x576.jpeg\" alt=\"\" class=\"wp-image-507822\" srcset=\"https:\/\/diariodominicano.com\/wp-content\/uploads\/2024\/02\/MANUEL-SANTANA-RECONOCE-A-LOS-ALUMNOS-EXPOSITORES-1024x576.jpeg 1024w, https:\/\/diariodominicano.com\/wp-content\/uploads\/2024\/02\/MANUEL-SANTANA-RECONOCE-A-LOS-ALUMNOS-EXPOSITORES-300x169.jpeg 300w, https:\/\/diariodominicano.com\/wp-content\/uploads\/2024\/02\/MANUEL-SANTANA-RECONOCE-A-LOS-ALUMNOS-EXPOSITORES-768x432.jpeg 768w, https:\/\/diariodominicano.com\/wp-content\/uploads\/2024\/02\/MANUEL-SANTANA-RECONOCE-A-LOS-ALUMNOS-EXPOSITORES-816x459.jpeg 816w, https:\/\/diariodominicano.com\/wp-content\/uploads\/2024\/02\/MANUEL-SANTANA-RECONOCE-A-LOS-ALUMNOS-EXPOSITORES.jpeg 1280w\" sizes=\"auto, (max-width: 1024px) 100vw, 1024px\" \/><\/figure>\n\n\n\n<p>Manuel Santana reconoce <\/p>\n\n\n\n<p>Por:\u00a0<strong>Carmen Saro Martinez<\/strong><\/p>\n\n\n\n<p><strong>Santo Domingo Este, RD.-<\/strong>&nbsp;La Casa de Cultura De Villa Faro concluy\u00f3 su II Exposici\u00f3n de Dibujos y Pinturas dedicada al Maestro Esteban Moreno de la Escuela de Artes Visuales Jaime Colson. 18 alumnos presentaron muestras de autorretratos y dibujos libres, as\u00ed como varias piezas de pintura, donde mostraron el dominio de diversas t\u00e9cnicas, en una muestra que pudieron disfrutar cientos de asistentes de Villa Faro y de comunidades vecinas.<\/p>\n\n\n\n<figure class=\"wp-block-image size-large\"><img loading=\"lazy\" decoding=\"async\" width=\"1024\" height=\"768\" src=\"https:\/\/diariodominicano.com\/wp-content\/uploads\/2024\/02\/Dibujos-Artisticos-Primer-Lugar-Jodinelys-Graciano-Rosario-1024x768.jpeg\" alt=\"\" class=\"wp-image-507827\" srcset=\"https:\/\/diariodominicano.com\/wp-content\/uploads\/2024\/02\/Dibujos-Artisticos-Primer-Lugar-Jodinelys-Graciano-Rosario-1024x768.jpeg 1024w, https:\/\/diariodominicano.com\/wp-content\/uploads\/2024\/02\/Dibujos-Artisticos-Primer-Lugar-Jodinelys-Graciano-Rosario-300x225.jpeg 300w, https:\/\/diariodominicano.com\/wp-content\/uploads\/2024\/02\/Dibujos-Artisticos-Primer-Lugar-Jodinelys-Graciano-Rosario-768x576.jpeg 768w, https:\/\/diariodominicano.com\/wp-content\/uploads\/2024\/02\/Dibujos-Artisticos-Primer-Lugar-Jodinelys-Graciano-Rosario-1536x1152.jpeg 1536w, https:\/\/diariodominicano.com\/wp-content\/uploads\/2024\/02\/Dibujos-Artisticos-Primer-Lugar-Jodinelys-Graciano-Rosario-816x612.jpeg 816w, https:\/\/diariodominicano.com\/wp-content\/uploads\/2024\/02\/Dibujos-Artisticos-Primer-Lugar-Jodinelys-Graciano-Rosario.jpeg 1600w\" sizes=\"auto, (max-width: 1024px) 100vw, 1024px\" \/><\/figure>\n\n\n\n<p>Dibujos Art\u00edsticos, Primer Lugar Jodinelys Graciano Rosario<\/p>\n\n\n\n<p>El Acto de cierre estuvo presidido por los Jurados Carlos Chevalier, Carmen Saro, Yolanda Estrella, Manuel Santana y el Maestro Esteban Moreno. Las palabras centrales estuvieron a cargo del Lic. Manuel Santana en su condici\u00f3n de Director General de la Casa De Cultura De Villa Faro, \u201cagradeci\u00f3 en forma especial a los padres y familiares que acompa\u00f1aron a los alumnos presentes en el acto, as\u00ed como a la Lic. Lissette Sanchez y su Esposo el Dr. Dehued Cruz representantes del Voluntariado de la Casa de Cultura, por acompa\u00f1ar a nuestras escuelas de Artes Visuales en todo el proceso de esta 2da. Exposici\u00f3n.<\/p>\n\n\n\n<figure class=\"wp-block-image size-large\"><img loading=\"lazy\" decoding=\"async\" width=\"790\" height=\"1024\" src=\"https:\/\/diariodominicano.com\/wp-content\/uploads\/2024\/02\/EL-CONSEJO-DE-CULTURA-RECONOCE-AL-PROF.-NICOLAS-BARRANCO-SARO-790x1024.jpeg\" alt=\"\" class=\"wp-image-507824\" srcset=\"https:\/\/diariodominicano.com\/wp-content\/uploads\/2024\/02\/EL-CONSEJO-DE-CULTURA-RECONOCE-AL-PROF.-NICOLAS-BARRANCO-SARO-790x1024.jpeg 790w, https:\/\/diariodominicano.com\/wp-content\/uploads\/2024\/02\/EL-CONSEJO-DE-CULTURA-RECONOCE-AL-PROF.-NICOLAS-BARRANCO-SARO-231x300.jpeg 231w, https:\/\/diariodominicano.com\/wp-content\/uploads\/2024\/02\/EL-CONSEJO-DE-CULTURA-RECONOCE-AL-PROF.-NICOLAS-BARRANCO-SARO-768x996.jpeg 768w, https:\/\/diariodominicano.com\/wp-content\/uploads\/2024\/02\/EL-CONSEJO-DE-CULTURA-RECONOCE-AL-PROF.-NICOLAS-BARRANCO-SARO-1185x1536.jpeg 1185w, https:\/\/diariodominicano.com\/wp-content\/uploads\/2024\/02\/EL-CONSEJO-DE-CULTURA-RECONOCE-AL-PROF.-NICOLAS-BARRANCO-SARO-816x1058.jpeg 816w, https:\/\/diariodominicano.com\/wp-content\/uploads\/2024\/02\/EL-CONSEJO-DE-CULTURA-RECONOCE-AL-PROF.-NICOLAS-BARRANCO-SARO.jpeg 1234w\" sizes=\"auto, (max-width: 790px) 100vw, 790px\" \/><\/figure>\n\n\n\n<p><strong>Consejo de Cultura reconoci\u00f3 al profesor Nicol\u00e1s<\/strong> <strong>Barranco Saro<\/strong><\/p>\n\n\n\n<p>Valor\u00f3,\u00a0en formas sensibles y especiales, que tanto el p\u00fablico como sus familiares pueden conocer el avance del proceso de formaci\u00f3n que reciben sus hijos y apadrinados en las escuelas de dibujos y pinturas art\u00edsticas, que forman parte de las dem\u00e1s escuelas de artes que funcionan en la Casa de Cultura de Villa Faro.<\/p>\n\n\n\n<p>Decenas de padres, abuelos, padrinos y familiares de los j\u00f3venes expositores concurrieron sonrientes al&nbsp;evento en la Sala de Exposiciones Maestro Francisco Frias de la Casa De Cultura, donde se fotografiaron junto a sus homenajeados y al lado de sus obras, mostr\u00e1ndose muy complacidos con las muestras y avance de sus familiares.<\/p>\n\n\n\n<figure class=\"wp-block-image size-large\"><img loading=\"lazy\" decoding=\"async\" width=\"1024\" height=\"739\" src=\"https:\/\/diariodominicano.com\/wp-content\/uploads\/2024\/02\/EL-PROF.-FERNANDO-ESTRELLA-AGRADECE-AL-ALUMNADO-DE-DIBUJO-Y-PINTURA-1024x739.jpeg\" alt=\"\" class=\"wp-image-507825\" srcset=\"https:\/\/diariodominicano.com\/wp-content\/uploads\/2024\/02\/EL-PROF.-FERNANDO-ESTRELLA-AGRADECE-AL-ALUMNADO-DE-DIBUJO-Y-PINTURA-1024x739.jpeg 1024w, https:\/\/diariodominicano.com\/wp-content\/uploads\/2024\/02\/EL-PROF.-FERNANDO-ESTRELLA-AGRADECE-AL-ALUMNADO-DE-DIBUJO-Y-PINTURA-300x217.jpeg 300w, https:\/\/diariodominicano.com\/wp-content\/uploads\/2024\/02\/EL-PROF.-FERNANDO-ESTRELLA-AGRADECE-AL-ALUMNADO-DE-DIBUJO-Y-PINTURA-768x555.jpeg 768w, https:\/\/diariodominicano.com\/wp-content\/uploads\/2024\/02\/EL-PROF.-FERNANDO-ESTRELLA-AGRADECE-AL-ALUMNADO-DE-DIBUJO-Y-PINTURA-816x589.jpeg 816w, https:\/\/diariodominicano.com\/wp-content\/uploads\/2024\/02\/EL-PROF.-FERNANDO-ESTRELLA-AGRADECE-AL-ALUMNADO-DE-DIBUJO-Y-PINTURA.jpeg 1515w\" sizes=\"auto, (max-width: 1024px) 100vw, 1024px\" \/><\/figure>\n\n\n\n<p>El profesor Fernando Estrella expres\u00f3 su agradecimiento a los alumnos y alumnas.<\/p>\n\n\n\n<p>Carmen Omaira Saro Mart\u00ednez, Secretaria Del Consejo De Cultura di\u00f3 anuncio de los alumnos destacados en la II Exposici\u00f3n, llam\u00e1ndolo junto a sus padres o familiares y su Profesor de Dibujo Lic. Nicol\u00e1s Barranco Saro, entregando un certificado de reconocimiento por la exposici\u00f3n de su trabajo. Acto seguido, \u201canuncio los cinco alumnos ganadores del certamen de Dibujos Art\u00edstico: Primer Lugar Jodinelys Graciano Rosario, Segundo Lugar Estefan\u00eda Rosa Vargas, Tercer Lugar Israel Alberto N\u00fa\u00f1ez Feliz, Cuarto Lugar Daily Mariel Reynoso, y Quinto Lugar Sarah Mart\u00ednez Reynoso.<\/p>\n\n\n\n<p>Acto seguido fueron premiados y reconocidos con certificados, los cinco alumnos ganadores del certamen de Pintura Art\u00edstica, quienes fueron acompa\u00f1ados por sus padres y el Profesor de Pintura Art\u00edstica Lic. Fernando Estrella Caena: Primer Lugar Jodinelys Graciano Rosario, Segundo Lugar Estefan\u00eda Rosa Vargas, Tercer Lugar L\u00eda Camila Florentino Fr\u00edas, Cuarto Lugar Sarah Mart\u00ednez Reynoso, y Quinto Lugar L\u00eda Camila Florentino Fr\u00edas.<\/p>\n\n\n\n<p>Por segundo a\u00f1o consecutivo, la alumna Sarah Mart\u00ednez Reynoso fue reconocida y premiada como Alumna Destacada de la II Exposici\u00f3n de Dibujos y Pinturas Art\u00edstica, por: Mayor cantidad de obras presentadas, gran dominio de las t\u00e9cnicas y calidad tem\u00e1tica, dise\u00f1o del logo, disposici\u00f3n y colaboraci\u00f3n.<\/p>\n\n\n\n<p>El Consejo de Cultura de Villa Faro entreg\u00f3 reconocimiento al M\u00e9rito Cultural a los Profesores: Nicol\u00e1s Barranco Saro de la Escuela de Dibujo Art\u00edstico y a Fernando Estrella Caena de la Escuela de Pintura Art\u00edstica por su dedicaci\u00f3n, trabajo y sacrificio en la formaci\u00f3n art\u00edstica de los ni\u00f1os, adolescentes y j\u00f3venes de Villa Faro. El gestor social y cultural Felipe Medrano y Manuel Santana Director General de la Casa de Cultura de Villa Faro entregaron un Certificado de reconocimiento que honra la trayectoria del Maestro Esteban Moreno, por sus m\u00faltiples aportes al desarrollo de las Artes Visuales en Santo Domingo Este.<\/p>\n\n\n\n<p>Alumnos destacados y padres de los alumnos agradecieron a viva voz el aporte a la formaci\u00f3n art\u00edstica e integrar que realizan las Escuelas de artes de la Casa de cultura, Don Carlos Chevalier presidente del Comit\u00e9 de Veedores de la Casa de Cultura de Villa Faro, evalu\u00f3 como muy positivo este segundo evento y reclam\u00f3 mayor colaboraci\u00f3n y aportes de los organismos del estado dominicano a esta obra de contenci\u00f3n, que evita que ni\u00f1os, adolescentes y j\u00f3venes anden doblando calles y enderezando esquina.<\/p>\n\n\n\n<p>El Voluntariado de la Casa de Cultura de Villa Faro culmin\u00f3 el acto con un agasajo con brindis y picaderas a todos los presentes y exhort\u00e1ndolos a seguir asistiendo y respaldando las labores culturales que realiza la instituci\u00f3n.<\/p>\n\n\n\n<p>Sucre Juli\u00e1n Barrera<\/p>\n\n\n\n<p><a target=\"_blank\" href=\"mailto:sjb.torobravo@gmail.com\" rel=\"noreferrer noopener\">sjb.torobravo@gmail.com<\/a><\/p>\n","protected":false},"excerpt":{"rendered":"<p>Ganadores de dibujo 18 estudiantes participaron en la muestra que permaneci\u00f3 abierta al p\u00fablico durante 47 d\u00edas Alumnos y familiares que asistieron a la actividad. Honran la trayectoria y aporte a las artes visuales del Maestro Esteban Moreno de la Escuela De Arte Jaime Colson. Padres y familiares de los alumnos ven muy positivas las [&hellip;]<\/p>\n","protected":false},"author":28,"featured_media":507815,"comment_status":"closed","ping_status":"","sticky":true,"template":"","format":"standard","meta":{"footnotes":""},"categories":[21,36,25,27],"tags":[],"class_list":["post-507814","post","type-post","status-publish","format-standard","has-post-thumbnail","hentry","category-cultura","category-hombresmujeresycosas","category-gente","category-portada"],"_links":{"self":[{"href":"https:\/\/diariodominicano.com\/index.php?rest_route=\/wp\/v2\/posts\/507814","targetHints":{"allow":["GET"]}}],"collection":[{"href":"https:\/\/diariodominicano.com\/index.php?rest_route=\/wp\/v2\/posts"}],"about":[{"href":"https:\/\/diariodominicano.com\/index.php?rest_route=\/wp\/v2\/types\/post"}],"author":[{"embeddable":true,"href":"https:\/\/diariodominicano.com\/index.php?rest_route=\/wp\/v2\/users\/28"}],"replies":[{"embeddable":true,"href":"https:\/\/diariodominicano.com\/index.php?rest_route=%2Fwp%2Fv2%2Fcomments&post=507814"}],"version-history":[{"count":9,"href":"https:\/\/diariodominicano.com\/index.php?rest_route=\/wp\/v2\/posts\/507814\/revisions"}],"predecessor-version":[{"id":507831,"href":"https:\/\/diariodominicano.com\/index.php?rest_route=\/wp\/v2\/posts\/507814\/revisions\/507831"}],"wp:featuredmedia":[{"embeddable":true,"href":"https:\/\/diariodominicano.com\/index.php?rest_route=\/wp\/v2\/media\/507815"}],"wp:attachment":[{"href":"https:\/\/diariodominicano.com\/index.php?rest_route=%2Fwp%2Fv2%2Fmedia&parent=507814"}],"wp:term":[{"taxonomy":"category","embeddable":true,"href":"https:\/\/diariodominicano.com\/index.php?rest_route=%2Fwp%2Fv2%2Fcategories&post=507814"},{"taxonomy":"post_tag","embeddable":true,"href":"https:\/\/diariodominicano.com\/index.php?rest_route=%2Fwp%2Fv2%2Ftags&post=507814"}],"curies":[{"name":"wp","href":"https:\/\/api.w.org\/{rel}","templated":true}]}}