{"id":507733,"date":"2024-02-11T21:29:52","date_gmt":"2024-02-12T01:29:52","guid":{"rendered":"https:\/\/diariodominicano.com\/?p=507733"},"modified":"2024-02-11T21:32:01","modified_gmt":"2024-02-12T01:32:01","slug":"leonel-afirma-la-victoria-esta-asegurada-y-muestra-musculos-de-fp-en-sdo-en-apoyo-a-aquilino-serrata","status":"publish","type":"post","link":"https:\/\/diariodominicano.com\/?p=507733","title":{"rendered":"Leonel afirma la victoria est\u00e1 asegurada; y muestra m\u00fasculos de FP en SDO en apoyo a Aquilino Serrata"},"content":{"rendered":"\n<p>SANTO DOMINGO OESTE.- Las calles del municipio  Santo Domingo Oeste se convirtieron\u00a0 en un mar humano, con la presencia del l\u00edder del partido Fuerza del Pueblo y de la oposici\u00f3n pol\u00edtica dominicana, Leonel Fern\u00e1ndez, en apoyo a los candidatos de FP y Rescate RD.<\/p>\n\n\n\n<figure class=\"wp-block-image size-large\"><img loading=\"lazy\" decoding=\"async\" width=\"1024\" height=\"683\" src=\"https:\/\/diariodominicano.com\/wp-content\/uploads\/2024\/02\/IMG-20240211-WA0160-1024x683.jpg\" alt=\"\" class=\"wp-image-507736\" srcset=\"https:\/\/diariodominicano.com\/wp-content\/uploads\/2024\/02\/IMG-20240211-WA0160-1024x683.jpg 1024w, https:\/\/diariodominicano.com\/wp-content\/uploads\/2024\/02\/IMG-20240211-WA0160-300x200.jpg 300w, https:\/\/diariodominicano.com\/wp-content\/uploads\/2024\/02\/IMG-20240211-WA0160-768x512.jpg 768w, https:\/\/diariodominicano.com\/wp-content\/uploads\/2024\/02\/IMG-20240211-WA0160-1536x1024.jpg 1536w, https:\/\/diariodominicano.com\/wp-content\/uploads\/2024\/02\/IMG-20240211-WA0160-2048x1366.jpg 2048w, https:\/\/diariodominicano.com\/wp-content\/uploads\/2024\/02\/IMG-20240211-WA0160-816x544.jpg 816w\" sizes=\"auto, (max-width: 1024px) 100vw, 1024px\" \/><\/figure>\n\n\n\n<p>Leonel Fern\u00e1ndez dijo que la victoria est\u00e1 asegurada en Santo Domingo Oeste, con esta manifestaci\u00f3n de apoyo a los candidatos de la Fuerza del Pueblo y aliados.<\/p>\n\n\n\n<p>\u201cSe ha puesto en evidencia hoy en estas calles, que han sido m\u00e1s que elocuentes en manifestar su apoyo irrestricto a nuestro candidato a alcalde Aquilino Serrata y a la compa\u00f1era Ruth De Le\u00f3n\u201d, precis\u00f3 Fern\u00e1ndez.<\/p>\n\n\n\n<p>El l\u00edder opositor aprovech\u00f3 la ocasi\u00f3n para invitar a todos los dominicanos&nbsp; a que acudan a votar el pr\u00f3ximo 18 de febrero en la casilla n\u00famero 3, de la boleta electoral, para que la victoria sea contundente.<\/p>\n\n\n\n<figure class=\"wp-block-image size-large\"><img loading=\"lazy\" decoding=\"async\" width=\"1024\" height=\"683\" src=\"https:\/\/diariodominicano.com\/wp-content\/uploads\/2024\/02\/IMG-20240211-WA0158-1024x683.jpg\" alt=\"\" class=\"wp-image-507738\" srcset=\"https:\/\/diariodominicano.com\/wp-content\/uploads\/2024\/02\/IMG-20240211-WA0158-1024x683.jpg 1024w, https:\/\/diariodominicano.com\/wp-content\/uploads\/2024\/02\/IMG-20240211-WA0158-300x200.jpg 300w, https:\/\/diariodominicano.com\/wp-content\/uploads\/2024\/02\/IMG-20240211-WA0158-768x512.jpg 768w, https:\/\/diariodominicano.com\/wp-content\/uploads\/2024\/02\/IMG-20240211-WA0158-1536x1024.jpg 1536w, https:\/\/diariodominicano.com\/wp-content\/uploads\/2024\/02\/IMG-20240211-WA0158-2048x1366.jpg 2048w, https:\/\/diariodominicano.com\/wp-content\/uploads\/2024\/02\/IMG-20240211-WA0158-816x544.jpg 816w\" sizes=\"auto, (max-width: 1024px) 100vw, 1024px\" \/><\/figure>\n\n\n\n<p>En las calles de Santo Domingo Oeste, Leonel Fern\u00e1ndez, la FP y partidos aliados mostraron sus m\u00fasculos, dando su firme y decidido respaldo a Aquilino Serrata (SON), quien encabeza todos los sondeos de preferencias electorales para convertirse en el pr\u00f3ximo alcalde de este populoso municipio.<\/p>\n\n\n\n<p>Los habitantes de los barrios de SDO recibieron la ma\u00f1ana de este domingo al candidato a la Presidencia de la Rep\u00fablica por la FP y organizaciones aliadas,&nbsp; quien inici\u00f3 aqu\u00ed un intenso recorrido, en marcha-caravana,&nbsp; por diferentes sectores, que concluir\u00e1 en horas de la tarde en sectores y barrios del Distrito Nacional.<\/p>\n\n\n\n<figure class=\"wp-block-image size-large\"><img loading=\"lazy\" decoding=\"async\" width=\"1024\" height=\"683\" src=\"https:\/\/diariodominicano.com\/wp-content\/uploads\/2024\/02\/IMG-20240211-WA0153-1024x683.jpg\" alt=\"\" class=\"wp-image-507739\" srcset=\"https:\/\/diariodominicano.com\/wp-content\/uploads\/2024\/02\/IMG-20240211-WA0153-1024x683.jpg 1024w, https:\/\/diariodominicano.com\/wp-content\/uploads\/2024\/02\/IMG-20240211-WA0153-300x200.jpg 300w, https:\/\/diariodominicano.com\/wp-content\/uploads\/2024\/02\/IMG-20240211-WA0153-768x512.jpg 768w, https:\/\/diariodominicano.com\/wp-content\/uploads\/2024\/02\/IMG-20240211-WA0153-1536x1024.jpg 1536w, https:\/\/diariodominicano.com\/wp-content\/uploads\/2024\/02\/IMG-20240211-WA0153-2048x1366.jpg 2048w, https:\/\/diariodominicano.com\/wp-content\/uploads\/2024\/02\/IMG-20240211-WA0153-816x544.jpg 816w\" sizes=\"auto, (max-width: 1024px) 100vw, 1024px\" \/><\/figure>\n\n\n\n<p>Junto a Leonel Fern\u00e1ndez y Aquilino Serrata (SON), estuvieron en la marcha-caravana, los candidatos a regidores que presentan la FP y sus aliados.<\/p>\n\n\n\n<p>En la actividad, miles de personas hicieron de la calle Penetraci\u00f3n, un mar humano, que se extendi\u00f3 a m\u00e1s un kil\u00f3metro de distancia, mientras que otros, desde sus balcones, techos y puertas, exhibieron banderines y otros objetos de color verde en apoyo al candidato presidencial de la FP y al aspirante a la Alcald\u00eda&nbsp; de Santo Domingo Oeste.<\/p>\n\n\n\n<p>La inmensa actividad proselitista parti\u00f3 de la calle Penetraci\u00f3n esquina Isabel Aguiar, y recorri\u00f3 la calle Central, el sector El Caf\u00e9 de Herrera y el barrio La Altagracia, as\u00ed como las calles 4, Santa Ana, S\u00e1nchez, sector Engombe, entre otros populosos sectores de este gran municipio.<\/p>\n\n\n\n<p>En horas de la tarde, Fern\u00e1ndez encabezar\u00e1 otra marcha-caravana en el Distrito Nacional, junto a Domingo Contreras y Omar Fern\u00e1ndez.<\/p>\n\n\n\n<p>Esta actividad arrancar\u00e1 desde la avenida Los Reyes Cat\u00f3licos esq. calle 41, en el populoso Cristo Rey.<\/p>\n\n\n\n<p>Secretar\u00eda de Comunicaciones<\/p>\n\n\n\n<p>Fuerza del Pueblo<\/p>\n\n\n\n<figure class=\"wp-block-table\"><table><tbody><tr><td><\/td><td><\/td><\/tr><\/tbody><\/table><\/figure>\n","protected":false},"excerpt":{"rendered":"<p>SANTO DOMINGO OESTE.- Las calles del municipio Santo Domingo Oeste se convirtieron\u00a0 en un mar humano, con la presencia del l\u00edder del partido Fuerza del Pueblo y de la oposici\u00f3n pol\u00edtica dominicana, Leonel Fern\u00e1ndez, en apoyo a los candidatos de FP y Rescate RD. Leonel Fern\u00e1ndez dijo que la victoria est\u00e1 asegurada en Santo Domingo [&hellip;]<\/p>\n","protected":false},"author":28,"featured_media":507734,"comment_status":"closed","ping_status":"","sticky":true,"template":"","format":"standard","meta":{"footnotes":""},"categories":[22,27],"tags":[],"class_list":["post-507733","post","type-post","status-publish","format-standard","has-post-thumbnail","hentry","category-politica","category-portada"],"_links":{"self":[{"href":"https:\/\/diariodominicano.com\/index.php?rest_route=\/wp\/v2\/posts\/507733","targetHints":{"allow":["GET"]}}],"collection":[{"href":"https:\/\/diariodominicano.com\/index.php?rest_route=\/wp\/v2\/posts"}],"about":[{"href":"https:\/\/diariodominicano.com\/index.php?rest_route=\/wp\/v2\/types\/post"}],"author":[{"embeddable":true,"href":"https:\/\/diariodominicano.com\/index.php?rest_route=\/wp\/v2\/users\/28"}],"replies":[{"embeddable":true,"href":"https:\/\/diariodominicano.com\/index.php?rest_route=%2Fwp%2Fv2%2Fcomments&post=507733"}],"version-history":[{"count":3,"href":"https:\/\/diariodominicano.com\/index.php?rest_route=\/wp\/v2\/posts\/507733\/revisions"}],"predecessor-version":[{"id":507740,"href":"https:\/\/diariodominicano.com\/index.php?rest_route=\/wp\/v2\/posts\/507733\/revisions\/507740"}],"wp:featuredmedia":[{"embeddable":true,"href":"https:\/\/diariodominicano.com\/index.php?rest_route=\/wp\/v2\/media\/507734"}],"wp:attachment":[{"href":"https:\/\/diariodominicano.com\/index.php?rest_route=%2Fwp%2Fv2%2Fmedia&parent=507733"}],"wp:term":[{"taxonomy":"category","embeddable":true,"href":"https:\/\/diariodominicano.com\/index.php?rest_route=%2Fwp%2Fv2%2Fcategories&post=507733"},{"taxonomy":"post_tag","embeddable":true,"href":"https:\/\/diariodominicano.com\/index.php?rest_route=%2Fwp%2Fv2%2Ftags&post=507733"}],"curies":[{"name":"wp","href":"https:\/\/api.w.org\/{rel}","templated":true}]}}