{"id":507691,"date":"2024-02-11T20:43:46","date_gmt":"2024-02-12T00:43:46","guid":{"rendered":"https:\/\/diariodominicano.com\/?p=507691"},"modified":"2024-02-11T20:46:13","modified_gmt":"2024-02-12T00:46:13","slug":"miguel-vargas-asume-compromiso-de-rescatar-a-santiago-de-inseguridad-y-narcotrafico","status":"publish","type":"post","link":"https:\/\/diariodominicano.com\/?p=507691","title":{"rendered":"Miguel Vargas asume compromiso de rescatar a Santiago de inseguridad y narcotr\u00e1fico"},"content":{"rendered":"\n<p><em><u>El presidente del PRD llam\u00f3 a los santiagueros a votar blanco, en la casilla cuatro, por los candidatos propios del partido y los que apoyan en la Alianza Rescate RD.<\/u><\/em><\/p>\n\n\n\n<figure class=\"wp-block-image size-large\"><img loading=\"lazy\" decoding=\"async\" width=\"1024\" height=\"782\" src=\"https:\/\/diariodominicano.com\/wp-content\/uploads\/2024\/02\/BAITOA-FEBRERO-2024-1-1024x782.jpg\" alt=\"\" class=\"wp-image-507694\" srcset=\"https:\/\/diariodominicano.com\/wp-content\/uploads\/2024\/02\/BAITOA-FEBRERO-2024-1-1024x782.jpg 1024w, https:\/\/diariodominicano.com\/wp-content\/uploads\/2024\/02\/BAITOA-FEBRERO-2024-1-300x229.jpg 300w, https:\/\/diariodominicano.com\/wp-content\/uploads\/2024\/02\/BAITOA-FEBRERO-2024-1-768x586.jpg 768w, https:\/\/diariodominicano.com\/wp-content\/uploads\/2024\/02\/BAITOA-FEBRERO-2024-1-816x623.jpg 816w, https:\/\/diariodominicano.com\/wp-content\/uploads\/2024\/02\/BAITOA-FEBRERO-2024-1.jpg 1040w\" sizes=\"auto, (max-width: 1024px) 100vw, 1024px\" \/><\/figure>\n\n\n\n<p>Santiago, RD. &#8211;\u00a0 El candidato presidencial del Partido Revolucionario Dominicano (PRD), Miguel Vargas Maldonado, encabez\u00f3 este fin de semana una marcha caravana en el municipio Baitoa, donde se comprometi\u00f3 a implementar pol\u00edticas para afrontar la inseguridad y el narcotr\u00e1fico en esta provincia.<\/p>\n\n\n\n<p>El tambi\u00e9n presidente del partido blanco declar\u00f3 que, de ser favorecido con el voto en las elecciones presidenciales de mayo pr\u00f3ximo, asumir\u00e1 una gesti\u00f3n distinta. \u201cEncabezaremos un gobierno que procure colocar a la gente con el centro de las pol\u00edticas p\u00fablicas\u201d, precis\u00f3.<\/p>\n\n\n\n<figure class=\"wp-block-image size-large\"><img loading=\"lazy\" decoding=\"async\" width=\"1024\" height=\"682\" src=\"https:\/\/diariodominicano.com\/wp-content\/uploads\/2024\/02\/BAITOA-FEBRERO-2024-6-1-1024x682.jpg\" alt=\"\" class=\"wp-image-507696\" srcset=\"https:\/\/diariodominicano.com\/wp-content\/uploads\/2024\/02\/BAITOA-FEBRERO-2024-6-1-1024x682.jpg 1024w, https:\/\/diariodominicano.com\/wp-content\/uploads\/2024\/02\/BAITOA-FEBRERO-2024-6-1-300x200.jpg 300w, https:\/\/diariodominicano.com\/wp-content\/uploads\/2024\/02\/BAITOA-FEBRERO-2024-6-1-768x512.jpg 768w, https:\/\/diariodominicano.com\/wp-content\/uploads\/2024\/02\/BAITOA-FEBRERO-2024-6-1-816x544.jpg 816w, https:\/\/diariodominicano.com\/wp-content\/uploads\/2024\/02\/BAITOA-FEBRERO-2024-6-1.jpg 1280w\" sizes=\"auto, (max-width: 1024px) 100vw, 1024px\" \/><\/figure>\n\n\n\n<p>Adem\u00e1s, denunci\u00f3 los acuciantes problemas que afronta el pa\u00eds bajo la administraci\u00f3n perreme\u00edsta.<\/p>\n\n\n\n<p>Afirm\u00f3 que la inseguridad afecta a todo el territorio nacional, pero en Santiago esa situaci\u00f3n, junto a la violencia y el narcotr\u00e1fico, se ha desbordado. Vargas indic\u00f3 que esto afecta gravemente a la ciudadan\u00eda, por lo que plantea salvar a esta provincia de esos males.<\/p>\n\n\n\n<p>\u201cVenimos a reiterar nuestro compromiso de rescatar el pa\u00eds y, de manera especial, a Santiago de los Caballeros\u201d, prosigui\u00f3.<\/p>\n\n\n\n<figure class=\"wp-block-image size-large\"><img loading=\"lazy\" decoding=\"async\" width=\"1024\" height=\"682\" src=\"https:\/\/diariodominicano.com\/wp-content\/uploads\/2024\/02\/BAITOA-FEBRERO-2024-5-1024x682.jpg\" alt=\"\" class=\"wp-image-507700\" srcset=\"https:\/\/diariodominicano.com\/wp-content\/uploads\/2024\/02\/BAITOA-FEBRERO-2024-5-1024x682.jpg 1024w, https:\/\/diariodominicano.com\/wp-content\/uploads\/2024\/02\/BAITOA-FEBRERO-2024-5-300x200.jpg 300w, https:\/\/diariodominicano.com\/wp-content\/uploads\/2024\/02\/BAITOA-FEBRERO-2024-5-768x512.jpg 768w, https:\/\/diariodominicano.com\/wp-content\/uploads\/2024\/02\/BAITOA-FEBRERO-2024-5-816x544.jpg 816w, https:\/\/diariodominicano.com\/wp-content\/uploads\/2024\/02\/BAITOA-FEBRERO-2024-5.jpg 1280w\" sizes=\"auto, (max-width: 1024px) 100vw, 1024px\" \/><\/figure>\n\n\n\n<p>El l\u00edder perrede\u00edsta llam\u00f3 a los santiagueros \u201ca votar blanco, en la casilla cuatro, por nuestros candidatos propios y los que apoyamos en la Alianza\u201d.<\/p>\n\n\n\n<p>Miguel Vargas reafirm\u00f3 el compromiso de los partidos de la Alianza Opositora Rescate RD de sacar del gobierno a los perreme\u00edstas. Igualmente, conformar una Administraci\u00f3n p\u00fablica compartida y redirigir el pa\u00eds por un camino distinto, centrado en la gente\u201d.<\/p>\n\n\n\n<p>En ese sentido, vaticin\u00f3 que los dominicanos votar\u00e1n masivamente por los candidatos de la citada coalici\u00f3n.&nbsp; Esto, \u201cante el descontento de la poblaci\u00f3n, por culpa de la ineficiencia e incapacidad del actual gobierno para resolver los problemas prioritarios de la gente\u201d.<\/p>\n\n\n\n<figure class=\"wp-block-image size-large\"><img loading=\"lazy\" decoding=\"async\" width=\"1024\" height=\"682\" src=\"https:\/\/diariodominicano.com\/wp-content\/uploads\/2024\/02\/BAITOA-FEBRERO-2024-7-1024x682.jpg\" alt=\"\" class=\"wp-image-507698\" srcset=\"https:\/\/diariodominicano.com\/wp-content\/uploads\/2024\/02\/BAITOA-FEBRERO-2024-7-1024x682.jpg 1024w, https:\/\/diariodominicano.com\/wp-content\/uploads\/2024\/02\/BAITOA-FEBRERO-2024-7-300x200.jpg 300w, https:\/\/diariodominicano.com\/wp-content\/uploads\/2024\/02\/BAITOA-FEBRERO-2024-7-768x512.jpg 768w, https:\/\/diariodominicano.com\/wp-content\/uploads\/2024\/02\/BAITOA-FEBRERO-2024-7-816x544.jpg 816w, https:\/\/diariodominicano.com\/wp-content\/uploads\/2024\/02\/BAITOA-FEBRERO-2024-7.jpg 1280w\" sizes=\"auto, (max-width: 1024px) 100vw, 1024px\" \/><\/figure>\n\n\n\n<p>\u201cLes aseguro que, tanto en febrero 18 como en mayo 19, los votos de esta poderosa Alianza ser\u00e1n m\u00e1s, muchos m\u00e1s, que los del PRM y su gesti\u00f3n\u201d, a\u00f1adi\u00f3. El l\u00edder perrede\u00edsta indic\u00f3 que esto \u201cgarantiza que el nuevo presidente de la Rep\u00fablica saldr\u00e1 del seno de esta gran Alianza Opositora Rescate RD\u201d.<\/p>\n\n\n\n<p>Tras el evento en Santiago de los Caballeros, el presidente del PRD acompa\u00f1\u00f3 al candidato a alcalde Aridio Rosa en una multitudinaria caravana por el municipio Baitoa. All\u00ed tambi\u00e9n particip\u00f3 el candidato a senador de la Fuerza del Pueblo por la provincia Santiago, Dem\u00f3stenes Mart\u00ednez.<\/p>\n\n\n\n<p>Comunicaci\u00f3n Integral Rep Dom<\/p>\n\n\n\n<p><a target=\"_blank\" href=\"mailto:comunicacionintegralrepdom@gmail.com\" rel=\"noreferrer noopener\">comunicacionintegralrepdom@gmail.com<\/a><\/p>\n","protected":false},"excerpt":{"rendered":"<p>El presidente del PRD llam\u00f3 a los santiagueros a votar blanco, en la casilla cuatro, por los candidatos propios del partido y los que apoyan en la Alianza Rescate RD. Santiago, RD. &#8211;\u00a0 El candidato presidencial del Partido Revolucionario Dominicano (PRD), Miguel Vargas Maldonado, encabez\u00f3 este fin de semana una marcha caravana en el municipio [&hellip;]<\/p>\n","protected":false},"author":28,"featured_media":507692,"comment_status":"closed","ping_status":"","sticky":true,"template":"","format":"standard","meta":{"footnotes":""},"categories":[22,27],"tags":[],"class_list":["post-507691","post","type-post","status-publish","format-standard","has-post-thumbnail","hentry","category-politica","category-portada"],"_links":{"self":[{"href":"https:\/\/diariodominicano.com\/index.php?rest_route=\/wp\/v2\/posts\/507691","targetHints":{"allow":["GET"]}}],"collection":[{"href":"https:\/\/diariodominicano.com\/index.php?rest_route=\/wp\/v2\/posts"}],"about":[{"href":"https:\/\/diariodominicano.com\/index.php?rest_route=\/wp\/v2\/types\/post"}],"author":[{"embeddable":true,"href":"https:\/\/diariodominicano.com\/index.php?rest_route=\/wp\/v2\/users\/28"}],"replies":[{"embeddable":true,"href":"https:\/\/diariodominicano.com\/index.php?rest_route=%2Fwp%2Fv2%2Fcomments&post=507691"}],"version-history":[{"count":5,"href":"https:\/\/diariodominicano.com\/index.php?rest_route=\/wp\/v2\/posts\/507691\/revisions"}],"predecessor-version":[{"id":507702,"href":"https:\/\/diariodominicano.com\/index.php?rest_route=\/wp\/v2\/posts\/507691\/revisions\/507702"}],"wp:featuredmedia":[{"embeddable":true,"href":"https:\/\/diariodominicano.com\/index.php?rest_route=\/wp\/v2\/media\/507692"}],"wp:attachment":[{"href":"https:\/\/diariodominicano.com\/index.php?rest_route=%2Fwp%2Fv2%2Fmedia&parent=507691"}],"wp:term":[{"taxonomy":"category","embeddable":true,"href":"https:\/\/diariodominicano.com\/index.php?rest_route=%2Fwp%2Fv2%2Fcategories&post=507691"},{"taxonomy":"post_tag","embeddable":true,"href":"https:\/\/diariodominicano.com\/index.php?rest_route=%2Fwp%2Fv2%2Ftags&post=507691"}],"curies":[{"name":"wp","href":"https:\/\/api.w.org\/{rel}","templated":true}]}}