{"id":507612,"date":"2024-02-11T19:28:58","date_gmt":"2024-02-11T23:28:58","guid":{"rendered":"https:\/\/diariodominicano.com\/?p=507612"},"modified":"2024-02-11T19:28:58","modified_gmt":"2024-02-11T23:28:58","slug":"cibernetica-en-cuba-cree-en-protagonismo-femenino-en-la-ciencia-fotos","status":"publish","type":"post","link":"https:\/\/diariodominicano.com\/?p=507612","title":{"rendered":"Cibern\u00e9tica en Cuba cree en protagonismo femenino en la ciencia (+Fotos)"},"content":{"rendered":"\n<p>La Habana, 11 feb (Prensa Latina) Yuley Sosa, una joven inform\u00e1tica destaca hoy en el universo de la ciencia y las tecnolog\u00edas en Cuba a pesar de las cifras desalentadoras que revelan la escasa presencia en el \u00e1rea a nivel nacional e internacional.<\/p>\n\n\n\n<ul class=\"wp-block-list\">\n<li>febrero 11, 2024<\/li>\n\n\n\n<li>CST00:22 (GMT) -0500<\/li>\n<\/ul>\n\n\n\n<ul class=\"wp-block-list\">\n<li><a href=\"https:\/\/www.prensa-latina.cu\/author\/ebe\">Por:\u00a0Elizabeth Bello Exp\u00f3sito<\/a><\/li>\n<\/ul>\n\n\n\n<ul class=\"wp-block-list\">\n<li>Fotos: Reno Massola<\/li>\n<\/ul>\n\n\n\n<p>Sobre sus secretos para sobresalir en este campo tan competitivo, d\u00f3nde en la actualidad en el mundo solo uno de cada cinco profesionales vinculados a la inteligencia artificial son mujeres y ellas representan apenas el 28 por ciento de los licenciados en ingenier\u00eda y el 40 en especialidades de Inform\u00e1tica y Computaci\u00f3n, Sosa explica sus razones para sobresalir.<\/p>\n\n\n\n<p><img loading=\"lazy\" decoding=\"async\" src=\"https:\/\/www.prensa-latina.cu\/wp-content\/uploads\/2024\/02\/WhatsApp-Image-2024-02-11-at-8.45.jpg\" alt=\"\" width=\"1302\" height=\"867\" srcset=\"https:\/\/www.prensa-latina.cu\/wp-content\/uploads\/2024\/02\/WhatsApp-Image-2024-02-11-at-8.45.jpg 1302w, https:\/\/www.prensa-latina.cu\/wp-content\/uploads\/2024\/02\/WhatsApp-Image-2024-02-11-at-8.45-500x333.jpg 500w, https:\/\/www.prensa-latina.cu\/wp-content\/uploads\/2024\/02\/WhatsApp-Image-2024-02-11-at-8.45-1024x682.jpg 1024w, https:\/\/www.prensa-latina.cu\/wp-content\/uploads\/2024\/02\/WhatsApp-Image-2024-02-11-at-8.45-150x100.jpg 150w, https:\/\/www.prensa-latina.cu\/wp-content\/uploads\/2024\/02\/WhatsApp-Image-2024-02-11-at-8.45-768x511.jpg 768w\">En entrevista exclusiva a Prensa Latina, la licenciada en Ciencias de la Computaci\u00f3n y directora de operaciones de la empresa cubana de software Avangenio asever\u00f3 que las ni\u00f1as si pueden crecer y creer en la ciencia, sin dudas.<\/p>\n\n\n\n<p>La joven l\u00edder en el sector de la ciencia y la tecnolog\u00eda, a prop\u00f3sito del D\u00eda Internacional de las mujeres y las ni\u00f1as en la ciencia, convocado por Naciones Unidas cada 11 de febrero, lo visibiliza como una oportunidad para acortar brechas y promover oportunidades para ellas dentro del sector.<\/p>\n\n\n\n<p>Sobre su trabajo en Avangenio explic\u00f3 que esta es una empresa privada cubana, con m\u00e1s de 15 a\u00f1os de experiencia en el \u00e1rea de desarrollo de software y consultor\u00eda en el \u00e1rea de la inform\u00e1tica y las comunicaciones, ligada al dise\u00f1o y desarrollo de soluciones inform\u00e1ticas para el mercado nacional e internacional.<\/p>\n\n\n\n<p><img loading=\"lazy\" decoding=\"async\" src=\"https:\/\/www.prensa-latina.cu\/wp-content\/uploads\/2024\/02\/WhatsApp-Image-2024-02-11-at-8.45.16-AM1.jpeg\" alt=\"\" width=\"1080\" height=\"894\" srcset=\"https:\/\/www.prensa-latina.cu\/wp-content\/uploads\/2024\/02\/WhatsApp-Image-2024-02-11-at-8.45.16-AM1.jpeg 1080w, https:\/\/www.prensa-latina.cu\/wp-content\/uploads\/2024\/02\/WhatsApp-Image-2024-02-11-at-8.45.16-AM1-500x414.jpeg 500w, https:\/\/www.prensa-latina.cu\/wp-content\/uploads\/2024\/02\/WhatsApp-Image-2024-02-11-at-8.45.16-AM1-1024x848.jpeg 1024w, https:\/\/www.prensa-latina.cu\/wp-content\/uploads\/2024\/02\/WhatsApp-Image-2024-02-11-at-8.45.16-AM1-150x124.jpeg 150w, https:\/\/www.prensa-latina.cu\/wp-content\/uploads\/2024\/02\/WhatsApp-Image-2024-02-11-at-8.45.16-AM1-768x636.jpeg 768w\">Destac\u00f3 que la entidad, fundada en diciembre de 2021, funciona como un equipo multidisciplinario integrado en tres mipymes: Avangenio (tambi\u00e9n la marca comercial), Avangtec y est\u00e1n terminando de crear Avanthrek.<\/p>\n\n\n\n<p>En el \u00faltimo a\u00f1o, este colectivo de alrededor de 200 trabajadores, ha puesto mayor intenci\u00f3n en la creaci\u00f3n de productos propios, indic\u00f3.<\/p>\n\n\n\n<p>Entre ellos resaltan: la herramienta de encuestas \u00bfQu\u00e9 tal?, la app de La Papeleta, el localizador Ataja y el sistema de trabajo colaborativo online Nos Work y el sistema empresaria de contabilidad.<\/p>\n\n\n\n<p>Sosa resalt\u00f3 la creciente tendencia a la colaboraci\u00f3n entre los diferentes actores econ\u00f3micos en la industria nacional del software y la creaci\u00f3n de iniciativas conjuntas que ayuden al pa\u00eds.<\/p>\n\n\n\n<p>Tambi\u00e9n advirti\u00f3 sobre la significativa migraci\u00f3n de talento en el sector de las tecnolog\u00edas y la informaci\u00f3n en Cuba, entre otros factores por los r\u00e1pidos avances en el sector, que demandan cada vez mayor cantidad de cerebros y fuerza laboral.<\/p>\n\n\n\n<p>Agreg\u00f3 la facilidad que ofrece el trabajo remoto para convenios de trabajo entre naciones distantes o la facilidad actual para moverse entre un pa\u00eds u otro; lo que facilita la migraci\u00f3n en el sector y permite a muchos trabajar desde aqu\u00ed para empresas extranjeras de modo freelancer.<\/p>\n\n\n\n<p>De ah\u00ed que Avangenio considere un reto y una misi\u00f3n mantener la fuerza laboral y sobre todo ofrecer a las personas que trabajen dentro de la organizaci\u00f3n un plan de vida en el pa\u00eds, puntualiz\u00f3.<\/p>\n\n\n\n<p>A Sosa, su fascinaci\u00f3n por el universo de la inform\u00e1tica le viene de adolescente, cuando su t\u00edo le arm\u00f3 y regal\u00f3 su primera computadora.<\/p>\n\n\n\n<p>En esa \u00e9poca, relat\u00f3, pasaba mucho tiempo delante de la computadora, jugando, creando cosas nuevas, comunic\u00e1ndose, aprendiendo y ten\u00eda muy claro que quer\u00eda dedicarse a una carrera ligada a las tecnolog\u00edas.<\/p>\n\n\n\n<p>Esta cibern\u00e9tica empez\u00f3 en Avangenio como desarrolladora; pero los amigos y a la vez fundadores de la organizaci\u00f3n reconocieron la entereza y empe\u00f1o que pone en todo lo que hace y decidieron que ser\u00eda m\u00e1s \u00fatil en el \u00e1rea de direcci\u00f3n, donde ya lleva m\u00e1s de cinco a\u00f1os.<\/p>\n\n\n\n<p>\u201cAvangenio ha sido una oportunidad de crecimiento profesional y para experimentar diversidad de escenarios desde el punto de vista t\u00e9cnico, de direcci\u00f3n, de recursos humanos, lo que te motiva a que tengas que crecer y te obliga a salir de tu zona de confort\u00bb, subray\u00f3.<\/p>\n\n\n\n<p>Sosa mencion\u00f3 tambi\u00e9n con orgullo su participaci\u00f3n en el proyecto M\u00e1s feliz, iniciativa independiente creada en la entidad que ofrece atenci\u00f3n y apoyo a hogares de ni\u00f1os sin amparo familiar.<\/p>\n\n\n\n<p>En cuanto a la participaci\u00f3n de las mujeres en la ciencia alert\u00f3 que todav\u00eda se cree que es la mujer la que tiene que cuidar de los ni\u00f1os, de la casa, de la familia, de los enfermos y muchas veces ellas no tienen el apoyo para decir, yo me voy a desarrollar como una profesional a la par del esposo o el hermano o el pap\u00e1.<\/p>\n\n\n\n<p>Sexismo, infravaloraci\u00f3n, invisibilidad y techos de cristal son solo algunas de las barreras con las que se encuentran las mujeres tanto en el acceso como en la permanencia en las carreras de ciencia y tecnolog\u00eda; advirti\u00f3.<\/p>\n\n\n\n<p>Crear un negocio, liderarlo y hacerlo crecer lleva tiempo, entrenamiento, capacidad, dedicaci\u00f3n, desvelos, noches de insomnio y precisamente por esos roles y responsabilidades adjudicados por el machismo a la mujer se le dificulta m\u00e1s que a los hombres, signific\u00f3<\/p>\n\n\n\n<p>De ah\u00ed que, como ingredientes para el \u00e9xito dentro del \u00e1mbito de la ciencia y empresarial se\u00f1al\u00f3 ser capaz, constante y ponerle voluntad a toda tarea y especialmente tener un buen equipo y apoyo familiar: un equipo de todos lados en el entorno profesional y familiar es esencial.<\/p>\n\n\n\n<p>A pesar de los desaf\u00edos Sosa cree con el tiempo ser\u00e1n las mujeres incorporadas y l\u00edderes en las carreras asociadas a la ciencia y la tecnolog\u00eda y remarc\u00f3 que cada vez hay m\u00e1s enfocadas en ser profesionales del campo, afirm\u00f3.<\/p>\n\n\n\n<p>En Avagenio, subraya, las \u00faltimas incorporaciones han sido mujeres principalmente desarrolladoras y analistas y aunque la fuerza laboral es mayormente masculina, el 70 por ciento de los directivos somos mujeres, es decir, nosotras dirigimos.<\/p>\n\n\n\n<p>En Cuba, seg\u00fan estad\u00edsticas del Ministerio de Ciencia, tecnolog\u00eda y Medio Ambiente el 53 por ciento de los trabajadores de la ciencia son mujeres.<\/p>\n\n\n\n<p>mh\/ale\/ebe<\/p>\n","protected":false},"excerpt":{"rendered":"<p>La Habana, 11 feb (Prensa Latina) Yuley Sosa, una joven inform\u00e1tica destaca hoy en el universo de la ciencia y las tecnolog\u00edas en Cuba a pesar de las cifras desalentadoras que revelan la escasa presencia en el \u00e1rea a nivel nacional e internacional. Sobre sus secretos para sobresalir en este campo tan competitivo, d\u00f3nde en [&hellip;]<\/p>\n","protected":false},"author":28,"featured_media":507613,"comment_status":"closed","ping_status":"","sticky":false,"template":"","format":"standard","meta":{"footnotes":""},"categories":[36,25],"tags":[],"class_list":["post-507612","post","type-post","status-publish","format-standard","has-post-thumbnail","hentry","category-hombresmujeresycosas","category-gente"],"_links":{"self":[{"href":"https:\/\/diariodominicano.com\/index.php?rest_route=\/wp\/v2\/posts\/507612","targetHints":{"allow":["GET"]}}],"collection":[{"href":"https:\/\/diariodominicano.com\/index.php?rest_route=\/wp\/v2\/posts"}],"about":[{"href":"https:\/\/diariodominicano.com\/index.php?rest_route=\/wp\/v2\/types\/post"}],"author":[{"embeddable":true,"href":"https:\/\/diariodominicano.com\/index.php?rest_route=\/wp\/v2\/users\/28"}],"replies":[{"embeddable":true,"href":"https:\/\/diariodominicano.com\/index.php?rest_route=%2Fwp%2Fv2%2Fcomments&post=507612"}],"version-history":[{"count":1,"href":"https:\/\/diariodominicano.com\/index.php?rest_route=\/wp\/v2\/posts\/507612\/revisions"}],"predecessor-version":[{"id":507614,"href":"https:\/\/diariodominicano.com\/index.php?rest_route=\/wp\/v2\/posts\/507612\/revisions\/507614"}],"wp:featuredmedia":[{"embeddable":true,"href":"https:\/\/diariodominicano.com\/index.php?rest_route=\/wp\/v2\/media\/507613"}],"wp:attachment":[{"href":"https:\/\/diariodominicano.com\/index.php?rest_route=%2Fwp%2Fv2%2Fmedia&parent=507612"}],"wp:term":[{"taxonomy":"category","embeddable":true,"href":"https:\/\/diariodominicano.com\/index.php?rest_route=%2Fwp%2Fv2%2Fcategories&post=507612"},{"taxonomy":"post_tag","embeddable":true,"href":"https:\/\/diariodominicano.com\/index.php?rest_route=%2Fwp%2Fv2%2Ftags&post=507612"}],"curies":[{"name":"wp","href":"https:\/\/api.w.org\/{rel}","templated":true}]}}