{"id":507609,"date":"2024-02-11T19:24:38","date_gmt":"2024-02-11T23:24:38","guid":{"rendered":"https:\/\/diariodominicano.com\/?p=507609"},"modified":"2024-02-11T19:24:38","modified_gmt":"2024-02-11T23:24:38","slug":"presidente-de-cuba-lamenta-muerte-del-revoluconario-felipe-guerra","status":"publish","type":"post","link":"https:\/\/diariodominicano.com\/?p=507609","title":{"rendered":"Presidente de Cuba lamenta muerte del revoluconario Felipe Guerra"},"content":{"rendered":"\n<p>La Habana, 11 feb (Prensa Latina) El presidente de Cuba, Miguel D\u00edaz-Canel, ofreci\u00f3 hoy sus condolencias a familiares y amigos del destacado revolucionario e impulsor del deporte nacional Felipe Guerra, quien falleci\u00f3 la v\u00edspera a la edad de 98 a\u00f1os.<\/p>\n\n\n\n<ul class=\"wp-block-list\">\n<li>febrero 11, 2024<\/li>\n\n\n\n<li>CST14:13 (GMT) -0500<\/li>\n<\/ul>\n\n\n\n<p>A trav\u00e9s de su cuenta en X, el mandatario resalt\u00f3 que el combatiente, conocido como \u00abGuerrita\u00bb, es memoria viva, protag\u00f3nica y apasionada de la Revoluci\u00f3n cubana, a la que consagr\u00f3 su larga vida.<\/p>\n\n\n\n<p>Solo d\u00edas despu\u00e9s de la victoria de la Revoluci\u00f3n en 1959, el l\u00edder Fidel Castro asign\u00f3 a Felipe Guerra la responsabilidad de dirigir la Direcci\u00f3n General de Deportes (DGD).<\/p>\n\n\n\n<p>A partir de ese momento, el capit\u00e1n guerrillero, quien naci\u00f3 en 1926 en Manzanillo, actual provincia oriental de Granma, fue convocado varias veces por Fidel, quien siempre reserv\u00f3 tiempo para trazar estrategias en el deporte, pese a otras muchas obligaciones.<\/p>\n\n\n\n<p>Guerrita tuvo la tarea tit\u00e1nica de poner en orden y echar a andar el entramado organizativo, participativo y competitivo del deporte nacional, y simult\u00e1neamente hacer realidad las ideas e intenciones de la Revoluci\u00f3n en esta esfera, recuerda Jit.<\/p>\n\n\n\n<p>Su obra est\u00e1 en cada medalla, en cada actuaci\u00f3n del deporte cubano, en cada joven que con orgullo disfruta el himno patrio, en un podio, o sencillamente como parte de una delegaci\u00f3n, concluye el medio deportivo.<\/p>\n\n\n\n<p>npg\/mpp<\/p>\n","protected":false},"excerpt":{"rendered":"<p>La Habana, 11 feb (Prensa Latina) El presidente de Cuba, Miguel D\u00edaz-Canel, ofreci\u00f3 hoy sus condolencias a familiares y amigos del destacado revolucionario e impulsor del deporte nacional Felipe Guerra, quien falleci\u00f3 la v\u00edspera a la edad de 98 a\u00f1os. A trav\u00e9s de su cuenta en X, el mandatario resalt\u00f3 que el combatiente, conocido como [&hellip;]<\/p>\n","protected":false},"author":28,"featured_media":507610,"comment_status":"closed","ping_status":"","sticky":false,"template":"","format":"standard","meta":{"footnotes":""},"categories":[26,23],"tags":[],"class_list":["post-507609","post","type-post","status-publish","format-standard","has-post-thumbnail","hentry","category-efemerides","category-internacional"],"_links":{"self":[{"href":"https:\/\/diariodominicano.com\/index.php?rest_route=\/wp\/v2\/posts\/507609","targetHints":{"allow":["GET"]}}],"collection":[{"href":"https:\/\/diariodominicano.com\/index.php?rest_route=\/wp\/v2\/posts"}],"about":[{"href":"https:\/\/diariodominicano.com\/index.php?rest_route=\/wp\/v2\/types\/post"}],"author":[{"embeddable":true,"href":"https:\/\/diariodominicano.com\/index.php?rest_route=\/wp\/v2\/users\/28"}],"replies":[{"embeddable":true,"href":"https:\/\/diariodominicano.com\/index.php?rest_route=%2Fwp%2Fv2%2Fcomments&post=507609"}],"version-history":[{"count":1,"href":"https:\/\/diariodominicano.com\/index.php?rest_route=\/wp\/v2\/posts\/507609\/revisions"}],"predecessor-version":[{"id":507611,"href":"https:\/\/diariodominicano.com\/index.php?rest_route=\/wp\/v2\/posts\/507609\/revisions\/507611"}],"wp:featuredmedia":[{"embeddable":true,"href":"https:\/\/diariodominicano.com\/index.php?rest_route=\/wp\/v2\/media\/507610"}],"wp:attachment":[{"href":"https:\/\/diariodominicano.com\/index.php?rest_route=%2Fwp%2Fv2%2Fmedia&parent=507609"}],"wp:term":[{"taxonomy":"category","embeddable":true,"href":"https:\/\/diariodominicano.com\/index.php?rest_route=%2Fwp%2Fv2%2Fcategories&post=507609"},{"taxonomy":"post_tag","embeddable":true,"href":"https:\/\/diariodominicano.com\/index.php?rest_route=%2Fwp%2Fv2%2Ftags&post=507609"}],"curies":[{"name":"wp","href":"https:\/\/api.w.org\/{rel}","templated":true}]}}