{"id":507606,"date":"2024-02-11T19:21:48","date_gmt":"2024-02-11T23:21:48","guid":{"rendered":"https:\/\/diariodominicano.com\/?p=507606"},"modified":"2024-02-11T19:21:48","modified_gmt":"2024-02-11T23:21:48","slug":"policia-de-haiti-incauto-armas-durante-revueltas-antigubernamentales","status":"publish","type":"post","link":"https:\/\/diariodominicano.com\/?p=507606","title":{"rendered":"Polic\u00eda de Hait\u00ed incaut\u00f3 armas durante revueltas antigubernamentales"},"content":{"rendered":"\n<p>Puerto Pr\u00edncipe, 10 feb (Prensa Latina) La Direcci\u00f3n de la Polic\u00eda Nacional de Hait\u00ed (PNH) inform\u00f3 que en los operativos realizados durante las revueltas antigubernamentales fueron ocupadas armas y municiones de diferentes calibres, report\u00f3 hoy la radio local.<\/p>\n\n\n\n<ul class=\"wp-block-list\">\n<li>febrero 10, 2024<\/li>\n\n\n\n<li>CST15:54 (GMT) -0500<\/li>\n<\/ul>\n\n\n\n<p>El comisionado de la entidad antes mencionada, Garry Desrosiers, precis\u00f3 a la prensa que fueron incautadas 10 armas y 90 mil 975 cartuchos, de ellos, 39 mil 222 eran de calibre 7,62 mil\u00edmetros.<\/p>\n\n\n\n<p>Con anterioridad, las autoridades haitianas advirtieron sobre la prohibici\u00f3n de portar armas de fuego en las protestas antigubernamentales para evitar muertos y heridos, que de hecho, cinco personas perdieron la vida y otras tres, agentes del orden, resultaron lesionados.<\/p>\n\n\n\n<p>Quien fuera sorprendido con armamento de cualquier calibre en la v\u00eda p\u00fablica durante las marchas ser\u00eda sancionado conforme a la ley.<\/p>\n\n\n\n<p>El Comisario del Gobierno de Puerto Pr\u00edncipe, Edler Guillaume, record\u00f3 que el derecho a protestar est\u00e1 garantizado, pero, recalc\u00f3, sin armas de fuego tal como lo proh\u00edbe la Constituci\u00f3n.<\/p>\n\n\n\n<p>Desde el inicio de febrero las manifestaciones callejeras contra el gobierno del primer ministro Ariel Henry fueron en incremento, pero en la semana que culmin\u00f3 ganaron en intensidad.<\/p>\n\n\n\n<p>Esta revueltas trajeron consigo muertos, heridos, saqueos, destrozos de inmuebles y el p\u00e1nico de la poblaci\u00f3n. Adem\u00e1s de la inconformidad de los que las promovieron sin alcanzar sus objetivos.<\/p>\n\n\n\n<p>lam\/joe<\/p>\n","protected":false},"excerpt":{"rendered":"<p>Puerto Pr\u00edncipe, 10 feb (Prensa Latina) La Direcci\u00f3n de la Polic\u00eda Nacional de Hait\u00ed (PNH) inform\u00f3 que en los operativos realizados durante las revueltas antigubernamentales fueron ocupadas armas y municiones de diferentes calibres, report\u00f3 hoy la radio local. El comisionado de la entidad antes mencionada, Garry Desrosiers, precis\u00f3 a la prensa que fueron incautadas 10 [&hellip;]<\/p>\n","protected":false},"author":28,"featured_media":507607,"comment_status":"closed","ping_status":"","sticky":false,"template":"","format":"standard","meta":{"footnotes":""},"categories":[112],"tags":[],"class_list":["post-507606","post","type-post","status-publish","format-standard","has-post-thumbnail","hentry","category-haiti"],"_links":{"self":[{"href":"https:\/\/diariodominicano.com\/index.php?rest_route=\/wp\/v2\/posts\/507606","targetHints":{"allow":["GET"]}}],"collection":[{"href":"https:\/\/diariodominicano.com\/index.php?rest_route=\/wp\/v2\/posts"}],"about":[{"href":"https:\/\/diariodominicano.com\/index.php?rest_route=\/wp\/v2\/types\/post"}],"author":[{"embeddable":true,"href":"https:\/\/diariodominicano.com\/index.php?rest_route=\/wp\/v2\/users\/28"}],"replies":[{"embeddable":true,"href":"https:\/\/diariodominicano.com\/index.php?rest_route=%2Fwp%2Fv2%2Fcomments&post=507606"}],"version-history":[{"count":1,"href":"https:\/\/diariodominicano.com\/index.php?rest_route=\/wp\/v2\/posts\/507606\/revisions"}],"predecessor-version":[{"id":507608,"href":"https:\/\/diariodominicano.com\/index.php?rest_route=\/wp\/v2\/posts\/507606\/revisions\/507608"}],"wp:featuredmedia":[{"embeddable":true,"href":"https:\/\/diariodominicano.com\/index.php?rest_route=\/wp\/v2\/media\/507607"}],"wp:attachment":[{"href":"https:\/\/diariodominicano.com\/index.php?rest_route=%2Fwp%2Fv2%2Fmedia&parent=507606"}],"wp:term":[{"taxonomy":"category","embeddable":true,"href":"https:\/\/diariodominicano.com\/index.php?rest_route=%2Fwp%2Fv2%2Fcategories&post=507606"},{"taxonomy":"post_tag","embeddable":true,"href":"https:\/\/diariodominicano.com\/index.php?rest_route=%2Fwp%2Fv2%2Ftags&post=507606"}],"curies":[{"name":"wp","href":"https:\/\/api.w.org\/{rel}","templated":true}]}}