{"id":507598,"date":"2024-02-11T19:13:46","date_gmt":"2024-02-11T23:13:46","guid":{"rendered":"https:\/\/diariodominicano.com\/?p=507598"},"modified":"2024-02-11T19:19:08","modified_gmt":"2024-02-11T23:19:08","slug":"bandas-criminales-en-haiti-aterrorizan-y-expanden-sus-territorios","status":"publish","type":"post","link":"https:\/\/diariodominicano.com\/?p=507598","title":{"rendered":"Bandas criminales en Hait\u00ed aterrorizan y expanden sus territorios"},"content":{"rendered":"\n<p>Puerto Pr\u00edncipe, 11 feb (Prensa Latina) Las bandas criminales en Hait\u00ed mantienen hoy aterrorizados a los pobladores de varias barriadas, las cuales tratan de conquistar para ampliar su influencia y as\u00ed poder extorsionar a comerciantes y transportistas.<\/p>\n\n\n\n<ul class=\"wp-block-list\">\n<li>febrero 11, 2024<\/li>\n\n\n\n<li>CST11:22 (GMT) -0500<\/li>\n<\/ul>\n\n\n\n<p>La pandilla Chiens M\u00e9chants atac\u00f3 anoche zonas que incluyen la Plaine du cul-de-sac en Cit\u00e9 Soleil, Blanchard, Terre noire, Sarthe y Rue Germ\u00e1n, entre otros puntos.<\/p>\n\n\n\n<p>Durante esa ofensiva mataron e hirieron a personas, quemaron casas y ahuyentaron a sus ocupantes.<\/p>\n\n\n\n<p>Esta banda \u2013que traicion\u00f3 a su aliado de Terre Noire, tiene su base en Shada, precis\u00f3 la prensa local, que lament\u00f3 la muerte de un ni\u00f1o de siete a\u00f1os de edad.<\/p>\n\n\n\n<p>Desesperados, los residentes de las zonas invadidas por las pandillas abandonaron sus hogares para tratar de encontrar refugio en otros lugares y as\u00ed salvar sus vidas.<\/p>\n\n\n\n<p>Varias localidades ubicadas en la comuna de Carrefour (Oeste), se encuentran bajo la influencia de grupos armados que irrumpieron en ellas, y quemaron casas incluyendo la de un polic\u00eda.<\/p>\n\n\n\n<p>Ahora los bandidos est\u00e1n instalados en Demichel y Jerusal\u00e9n para controlar esos territorios, cuyo objetivo es cobrarles dinero a los conductores de los veh\u00edculos y peatones que utilizan estas v\u00edas que sirven como rutas secundarias.<\/p>\n\n\n\n<p>oda\/joe<\/p>\n","protected":false},"excerpt":{"rendered":"<p>Puerto Pr\u00edncipe, 11 feb (Prensa Latina) Las bandas criminales en Hait\u00ed mantienen hoy aterrorizados a los pobladores de varias barriadas, las cuales tratan de conquistar para ampliar su influencia y as\u00ed poder extorsionar a comerciantes y transportistas. La pandilla Chiens M\u00e9chants atac\u00f3 anoche zonas que incluyen la Plaine du cul-de-sac en Cit\u00e9 Soleil, Blanchard, Terre [&hellip;]<\/p>\n","protected":false},"author":28,"featured_media":507600,"comment_status":"closed","ping_status":"","sticky":true,"template":"","format":"standard","meta":{"footnotes":""},"categories":[112,23,27],"tags":[],"class_list":["post-507598","post","type-post","status-publish","format-standard","has-post-thumbnail","hentry","category-haiti","category-internacional","category-portada"],"_links":{"self":[{"href":"https:\/\/diariodominicano.com\/index.php?rest_route=\/wp\/v2\/posts\/507598","targetHints":{"allow":["GET"]}}],"collection":[{"href":"https:\/\/diariodominicano.com\/index.php?rest_route=\/wp\/v2\/posts"}],"about":[{"href":"https:\/\/diariodominicano.com\/index.php?rest_route=\/wp\/v2\/types\/post"}],"author":[{"embeddable":true,"href":"https:\/\/diariodominicano.com\/index.php?rest_route=\/wp\/v2\/users\/28"}],"replies":[{"embeddable":true,"href":"https:\/\/diariodominicano.com\/index.php?rest_route=%2Fwp%2Fv2%2Fcomments&post=507598"}],"version-history":[{"count":1,"href":"https:\/\/diariodominicano.com\/index.php?rest_route=\/wp\/v2\/posts\/507598\/revisions"}],"predecessor-version":[{"id":507601,"href":"https:\/\/diariodominicano.com\/index.php?rest_route=\/wp\/v2\/posts\/507598\/revisions\/507601"}],"wp:featuredmedia":[{"embeddable":true,"href":"https:\/\/diariodominicano.com\/index.php?rest_route=\/wp\/v2\/media\/507600"}],"wp:attachment":[{"href":"https:\/\/diariodominicano.com\/index.php?rest_route=%2Fwp%2Fv2%2Fmedia&parent=507598"}],"wp:term":[{"taxonomy":"category","embeddable":true,"href":"https:\/\/diariodominicano.com\/index.php?rest_route=%2Fwp%2Fv2%2Fcategories&post=507598"},{"taxonomy":"post_tag","embeddable":true,"href":"https:\/\/diariodominicano.com\/index.php?rest_route=%2Fwp%2Fv2%2Ftags&post=507598"}],"curies":[{"name":"wp","href":"https:\/\/api.w.org\/{rel}","templated":true}]}}