{"id":507573,"date":"2024-02-11T18:35:41","date_gmt":"2024-02-11T22:35:41","guid":{"rendered":"https:\/\/diariodominicano.com\/?p=507573"},"modified":"2024-02-11T18:35:41","modified_gmt":"2024-02-11T22:35:41","slug":"abel-martinez-afirma-campana-con-recursos-publicos-en-favor-de-candidatos-del-prm-es-despiadada","status":"publish","type":"post","link":"https:\/\/diariodominicano.com\/?p=507573","title":{"rendered":"Abel Mart\u00ednez afirma campa\u00f1a con recursos p\u00fablicos en favor de candidatos del PRM es despiadada"},"content":{"rendered":"\n<p>Dijo que el<em> PLD est\u00e1 preparado para vencer en las elecciones el abusivo uso de los recursos p\u00fablicos del Gobierno para favorecer candidaturas del PRM.<\/em><\/p>\n\n\n\n<p>Abel Mart\u00ednez, candidato a la Presidencia de la Rep\u00fablica del Partido de la Liberaci\u00f3n Dominicana (PLD),&nbsp; refrend\u00f3 las denuncias de esa organizaci\u00f3n ante la Junta Central Electoral sobre el uso abusivo de los recursos p\u00fablicos procurando favorecer las candidaturas del partido en el Gobierno.&nbsp;&nbsp;<\/p>\n\n\n\n<p>\u201cNunca en la historia de las elecciones en nuestro pa\u00eds, se hab\u00eda visto una campa\u00f1a tan despiadada usado los recursos p\u00fablicos para favorecer candidaturas del partido en el Gobierno\u201d , respondi\u00f3 Abel Mart\u00ednez a la pregunta period\u00edstica al inicio de la marcha-caravana en la Circunscripci\u00f3n Tres del Distrito Nacional.<\/p>\n\n\n\n<p>El l\u00edder opositor adelant\u00f3 que no obstante al abuso patrocinado por el Gobierno la oposici\u00f3n pol\u00edtica y en especial el Partido de la Liberaci\u00f3n Dominicana se han preparado para derrotar al PRM y a un Gobierno indolente.<\/p>\n\n\n\n<p>\u201cEn el Partido de la Liberaci\u00f3n Dominicana estamos decididos y firmes de que junto al pueblo ganaremos las elecciones para bien de cada municipalidad en cada rinc\u00f3n del pais\u201d dijo Abel Martinez.<\/p>\n\n\n\n<p>La pasada semana el Bloque de Diputados del Partido de la Liberaci\u00f3n Dominicana apoder\u00f3 a la Procuradur\u00eda Especializada Contra Delitos Electorales de una lista de varias instituciones gubernamentales que han creado, extendido y aumentado programas de asistencias sociales y realizan inauguraciones en medio de una campa\u00f1a electoral en franca violaci\u00f3n a las leyes.<\/p>\n\n\n\n<p>El Partido de la Liberaci\u00f3n Dominicana mediante su representaci\u00f3n ante la Junta Central Electoral ha depositado denuncias sustentadas con im\u00e1genes y elementos probatorios del uso de los recursos del Estado en campa\u00f1a electoral por el Gobierno central a favor de candidatos del PRM con vista a los comicios municipales del 18 de febrero.<\/p>\n\n\n\n<p>La Junta Central Electoral (JCE) inform\u00f3 que ante esa denuncia y las tambi\u00e9n realizadas por la Alianza Rescate RD iniciar\u00eda una investigaci\u00f3n sobre el uso de recursos del Estado para favorecer a candidatos del PRM.<\/p>\n\n\n\n<p>El pasado viernes estando en el distrito municipal San Luis,&nbsp;&nbsp;Abel Mart\u00ednez, hizo un llamado a la Junta Central Electoral (JCE) para que tome&nbsp;&nbsp;las medidas&nbsp;&nbsp;ordenadas por las leyes contra el PRM.<\/p>\n\n\n\n<p><strong>SECRETARIA COMUNICACIONES<\/strong><\/p>\n\n\n\n<p><strong>11 FEBRERO 2024<\/strong><\/p>\n","protected":false},"excerpt":{"rendered":"<p>Dijo que el PLD est\u00e1 preparado para vencer en las elecciones el abusivo uso de los recursos p\u00fablicos del Gobierno para favorecer candidaturas del PRM. Abel Mart\u00ednez, candidato a la Presidencia de la Rep\u00fablica del Partido de la Liberaci\u00f3n Dominicana (PLD),&nbsp; refrend\u00f3 las denuncias de esa organizaci\u00f3n ante la Junta Central Electoral sobre el uso [&hellip;]<\/p>\n","protected":false},"author":28,"featured_media":507574,"comment_status":"closed","ping_status":"","sticky":true,"template":"","format":"standard","meta":{"footnotes":""},"categories":[22,27],"tags":[],"class_list":["post-507573","post","type-post","status-publish","format-standard","has-post-thumbnail","hentry","category-politica","category-portada"],"_links":{"self":[{"href":"https:\/\/diariodominicano.com\/index.php?rest_route=\/wp\/v2\/posts\/507573","targetHints":{"allow":["GET"]}}],"collection":[{"href":"https:\/\/diariodominicano.com\/index.php?rest_route=\/wp\/v2\/posts"}],"about":[{"href":"https:\/\/diariodominicano.com\/index.php?rest_route=\/wp\/v2\/types\/post"}],"author":[{"embeddable":true,"href":"https:\/\/diariodominicano.com\/index.php?rest_route=\/wp\/v2\/users\/28"}],"replies":[{"embeddable":true,"href":"https:\/\/diariodominicano.com\/index.php?rest_route=%2Fwp%2Fv2%2Fcomments&post=507573"}],"version-history":[{"count":1,"href":"https:\/\/diariodominicano.com\/index.php?rest_route=\/wp\/v2\/posts\/507573\/revisions"}],"predecessor-version":[{"id":507575,"href":"https:\/\/diariodominicano.com\/index.php?rest_route=\/wp\/v2\/posts\/507573\/revisions\/507575"}],"wp:featuredmedia":[{"embeddable":true,"href":"https:\/\/diariodominicano.com\/index.php?rest_route=\/wp\/v2\/media\/507574"}],"wp:attachment":[{"href":"https:\/\/diariodominicano.com\/index.php?rest_route=%2Fwp%2Fv2%2Fmedia&parent=507573"}],"wp:term":[{"taxonomy":"category","embeddable":true,"href":"https:\/\/diariodominicano.com\/index.php?rest_route=%2Fwp%2Fv2%2Fcategories&post=507573"},{"taxonomy":"post_tag","embeddable":true,"href":"https:\/\/diariodominicano.com\/index.php?rest_route=%2Fwp%2Fv2%2Ftags&post=507573"}],"curies":[{"name":"wp","href":"https:\/\/api.w.org\/{rel}","templated":true}]}}