{"id":507565,"date":"2024-02-11T18:25:32","date_gmt":"2024-02-11T22:25:32","guid":{"rendered":"https:\/\/diariodominicano.com\/?p=507565"},"modified":"2024-02-11T18:27:30","modified_gmt":"2024-02-11T22:27:30","slug":"dio-astacio-prm-con-la-integracion-del-frente-electrico-garantizamos-la-victoria-en-el-municipio-santo-domingo-este","status":"publish","type":"post","link":"https:\/\/diariodominicano.com\/?p=507565","title":{"rendered":"D\u00edo Astacio PRM: Con la integraci\u00f3n del Frente El\u00e9ctrico garantizamos la victoria en el municipio Santo Domingo Este"},"content":{"rendered":"\n<p><strong>En el programa de gobierno municipal de D\u00edo Astacio, est\u00e1 contemplado iluminar el municipio SDE, para convertirlo en la ciudad m\u00e1s iluminada de la Rep\u00fablica Dominicana.<\/strong><\/p>\n\n\n\n<figure class=\"wp-block-image size-large\"><img loading=\"lazy\" decoding=\"async\" width=\"1024\" height=\"576\" src=\"https:\/\/diariodominicano.com\/wp-content\/uploads\/2024\/02\/WhatsApp-Image-2024-02-10-at-8.53.41-PM-6-1024x576.jpeg\" alt=\"\" class=\"wp-image-507568\" srcset=\"https:\/\/diariodominicano.com\/wp-content\/uploads\/2024\/02\/WhatsApp-Image-2024-02-10-at-8.53.41-PM-6-1024x576.jpeg 1024w, https:\/\/diariodominicano.com\/wp-content\/uploads\/2024\/02\/WhatsApp-Image-2024-02-10-at-8.53.41-PM-6-300x169.jpeg 300w, https:\/\/diariodominicano.com\/wp-content\/uploads\/2024\/02\/WhatsApp-Image-2024-02-10-at-8.53.41-PM-6-768x432.jpeg 768w, https:\/\/diariodominicano.com\/wp-content\/uploads\/2024\/02\/WhatsApp-Image-2024-02-10-at-8.53.41-PM-6-816x459.jpeg 816w, https:\/\/diariodominicano.com\/wp-content\/uploads\/2024\/02\/WhatsApp-Image-2024-02-10-at-8.53.41-PM-6.jpeg 1280w\" sizes=\"auto, (max-width: 1024px) 100vw, 1024px\" \/><\/figure>\n\n\n\n<p><strong>Santo Domingo Este.-\u00a0<\/strong>El candidato a alcalde del Partido Revolucionario Moderno (PRM) por Santo Domingo Este, D\u00edo Astacio, recibi\u00f3 este fin de semana el apoyo  de los integrantes del Frente El\u00e9ctrico, del proyecto pol\u00edtico M\u00e9rido Torres, con el objetivo de entregarse a los trabajos proselitistas con el \u00a0\u00fanico prop\u00f3sito ganar las elecciones municipales del pr\u00f3ximo domingo 18 de febrero 2024.<\/p>\n\n\n\n<p>En iguales condiciones lo hicieron los sectores de los abogados, la juventud, mujeres, maestros y el sector externo, quienes se integraron a los trabajos proselitistas para consolidar la victoria municipal de D\u00edo Astacio en el municipio SDE.<\/p>\n\n\n\n<p>El candidato a alcalde por Santo Domingo Este del Partido Revolucionario Moderno (PRM), D\u00edo Astacio, dijo que har\u00e1 del ayuntamiento un antes y un despu\u00e9s, agreg\u00f3 que el municipio necesita dimensionarse y ponerse en el mapa mundial para que los turistas nacionales y extranjeros puedan visitar los lugares emblem\u00e1ticos del municipio.<\/p>\n\n\n\n<figure class=\"wp-block-image size-large\"><img loading=\"lazy\" decoding=\"async\" width=\"1024\" height=\"576\" src=\"https:\/\/diariodominicano.com\/wp-content\/uploads\/2024\/02\/WhatsApp-Image-2024-02-10-at-8.53.41-PM-2-1024x576.jpeg\" alt=\"\" class=\"wp-image-507570\" srcset=\"https:\/\/diariodominicano.com\/wp-content\/uploads\/2024\/02\/WhatsApp-Image-2024-02-10-at-8.53.41-PM-2-1024x576.jpeg 1024w, https:\/\/diariodominicano.com\/wp-content\/uploads\/2024\/02\/WhatsApp-Image-2024-02-10-at-8.53.41-PM-2-300x169.jpeg 300w, https:\/\/diariodominicano.com\/wp-content\/uploads\/2024\/02\/WhatsApp-Image-2024-02-10-at-8.53.41-PM-2-768x432.jpeg 768w, https:\/\/diariodominicano.com\/wp-content\/uploads\/2024\/02\/WhatsApp-Image-2024-02-10-at-8.53.41-PM-2-816x459.jpeg 816w, https:\/\/diariodominicano.com\/wp-content\/uploads\/2024\/02\/WhatsApp-Image-2024-02-10-at-8.53.41-PM-2.jpeg 1280w\" sizes=\"auto, (max-width: 1024px) 100vw, 1024px\" \/><\/figure>\n\n\n\n<p>\u201cNosotros queremos que Santo Domingo Este se levante y que sea una de las mejores ciudades del hemisferio, yo quiero hacer eso no solo con mi ciencia si no con el futuro que est\u00e1 aqu\u00ed presente y con la gente que va asesor, vamos hace la divisi\u00f3n tem\u00e1tica en cuatro cuadrantes, el cuadrante tur\u00edstico, el cuadrante industrial, el cuadrante comercial y el cuadrante gubernamental\u201d, puntualiz\u00f3, Astacio.<\/p>\n\n\n\n<p>En el programa de gobierno municipal de D\u00edo Astacio, est\u00e1 contemplado iluminar el municipio de SDE, con la asesor\u00eda de todos los mun\u00edcipes para convertirla en la ciudad m\u00e1s iluminada de la Rep\u00fablica Dominicana.<\/p>\n\n\n\n<p>El secretario general del Frente El\u00e9ctrico, M\u00e1ximo De Oleo,&nbsp; indic\u00f3 que este apoyo a la candidatura de D\u00edo Astacio, va a garantizar el triunfo en el municipio SDE.<\/p>\n\n\n\n<figure class=\"wp-block-image size-large\"><img loading=\"lazy\" decoding=\"async\" width=\"1024\" height=\"576\" src=\"https:\/\/diariodominicano.com\/wp-content\/uploads\/2024\/02\/WhatsApp-Image-2024-02-10-at-8.53.41-PM-3-1024x576.jpeg\" alt=\"\" class=\"wp-image-507571\" srcset=\"https:\/\/diariodominicano.com\/wp-content\/uploads\/2024\/02\/WhatsApp-Image-2024-02-10-at-8.53.41-PM-3-1024x576.jpeg 1024w, https:\/\/diariodominicano.com\/wp-content\/uploads\/2024\/02\/WhatsApp-Image-2024-02-10-at-8.53.41-PM-3-300x169.jpeg 300w, https:\/\/diariodominicano.com\/wp-content\/uploads\/2024\/02\/WhatsApp-Image-2024-02-10-at-8.53.41-PM-3-768x432.jpeg 768w, https:\/\/diariodominicano.com\/wp-content\/uploads\/2024\/02\/WhatsApp-Image-2024-02-10-at-8.53.41-PM-3-816x459.jpeg 816w, https:\/\/diariodominicano.com\/wp-content\/uploads\/2024\/02\/WhatsApp-Image-2024-02-10-at-8.53.41-PM-3.jpeg 1280w\" sizes=\"auto, (max-width: 1024px) 100vw, 1024px\" \/><\/figure>\n\n\n\n<p>\u201cUsted puede contar todos los militantes y simpatizantes del Frente El\u00e9ctrico que somos muchos, van a votar por usted porque creen en usted y van a votar por Luis, para que siga en la presidencia de la Rep\u00fablica\u201d, manifest\u00f3 De Oleo.<\/p>\n\n\n\n<p>A la actividad asistieron los principales dirigentes de la corriente Meridista quienes consideran que D\u00edo Astacio, representa la mejor propuesta municipal para subir las escalinatas del Ayuntamiento de SDE.<\/p>\n\n\n\n<p>El Frente El\u00e9ctrico los integran: Marcelino M. Rodr\u00edguez, coordinador, del Comando de Campa\u00f1a de los Pensionados Ex empleados y Relacionados afines de la CDEEE; Ana Mercedes Tavarez, directora Ejecutiva; Leonardo Bel\u00e9n, directo de organizaci\u00f3n; &nbsp;Jordany Mu\u00f1oz Tavarez; director de tecnolog\u00eda, Leoseidy Severino, maestra de ceremonias; Pedro Pe\u00f1a Florim\u00f3n; coordinador del Distrito .Nacional; Alberto N\u00fa\u00f1ez (tin), coordinador Ciudad Juan Bosch.<\/p>\n\n\n\n<p>Julio Amayo, coordinador del Pensador; H\u00e9ctor J. Puello, coordinador&nbsp; de la Esperanza;&nbsp; Martha Cueto; Jos\u00e9 Flores; coordinador de La Caleta, Franklin Mart\u00ednez; coordinador del Almirante; Tamara Cuevas Bell, en el exterior y Jos\u00e9 Tapia.<\/p>\n\n\n\n<p>As\u00ed, como los candidatos a regidores por el PRM, Fior Arias y Antonio Feliz,<\/p>\n\n\n\n<p>Rub\u00e9n C\u00e9spedes, del equipo pol\u00edtico M\u00e9rido Torres, Otoniel Reyes, Wagner Ben\u00edtez y el dirigente sindical,\u00a0Agust\u00edn Vargas Saillant.<\/p>\n\n\n\n<p>Dario De la Cruz<\/p>\n\n\n\n<p><a target=\"_blank\" href=\"mailto:dariodelacruz1965@gmail.com\" rel=\"noreferrer noopener\">dariodelacruz1965@gmail.com<\/a><\/p>\n","protected":false},"excerpt":{"rendered":"<p>En el programa de gobierno municipal de D\u00edo Astacio, est\u00e1 contemplado iluminar el municipio SDE, para convertirlo en la ciudad m\u00e1s iluminada de la Rep\u00fablica Dominicana. Santo Domingo Este.-\u00a0El candidato a alcalde del Partido Revolucionario Moderno (PRM) por Santo Domingo Este, D\u00edo Astacio, recibi\u00f3 este fin de semana el apoyo de los integrantes del Frente [&hellip;]<\/p>\n","protected":false},"author":28,"featured_media":507566,"comment_status":"closed","ping_status":"","sticky":true,"template":"","format":"standard","meta":{"footnotes":""},"categories":[22,27],"tags":[],"class_list":["post-507565","post","type-post","status-publish","format-standard","has-post-thumbnail","hentry","category-politica","category-portada"],"_links":{"self":[{"href":"https:\/\/diariodominicano.com\/index.php?rest_route=\/wp\/v2\/posts\/507565","targetHints":{"allow":["GET"]}}],"collection":[{"href":"https:\/\/diariodominicano.com\/index.php?rest_route=\/wp\/v2\/posts"}],"about":[{"href":"https:\/\/diariodominicano.com\/index.php?rest_route=\/wp\/v2\/types\/post"}],"author":[{"embeddable":true,"href":"https:\/\/diariodominicano.com\/index.php?rest_route=\/wp\/v2\/users\/28"}],"replies":[{"embeddable":true,"href":"https:\/\/diariodominicano.com\/index.php?rest_route=%2Fwp%2Fv2%2Fcomments&post=507565"}],"version-history":[{"count":3,"href":"https:\/\/diariodominicano.com\/index.php?rest_route=\/wp\/v2\/posts\/507565\/revisions"}],"predecessor-version":[{"id":507572,"href":"https:\/\/diariodominicano.com\/index.php?rest_route=\/wp\/v2\/posts\/507565\/revisions\/507572"}],"wp:featuredmedia":[{"embeddable":true,"href":"https:\/\/diariodominicano.com\/index.php?rest_route=\/wp\/v2\/media\/507566"}],"wp:attachment":[{"href":"https:\/\/diariodominicano.com\/index.php?rest_route=%2Fwp%2Fv2%2Fmedia&parent=507565"}],"wp:term":[{"taxonomy":"category","embeddable":true,"href":"https:\/\/diariodominicano.com\/index.php?rest_route=%2Fwp%2Fv2%2Fcategories&post=507565"},{"taxonomy":"post_tag","embeddable":true,"href":"https:\/\/diariodominicano.com\/index.php?rest_route=%2Fwp%2Fv2%2Ftags&post=507565"}],"curies":[{"name":"wp","href":"https:\/\/api.w.org\/{rel}","templated":true}]}}