{"id":507529,"date":"2024-02-11T00:46:27","date_gmt":"2024-02-11T04:46:27","guid":{"rendered":"https:\/\/diariodominicano.com\/?p=507529"},"modified":"2024-02-11T00:47:48","modified_gmt":"2024-02-11T04:47:48","slug":"leonel-recorre-municipios-de-la-region-este-en-apoyo-a-candidatos-de-la-fp-y-aliados","status":"publish","type":"post","link":"https:\/\/diariodominicano.com\/?p=507529","title":{"rendered":"Leonel recorre municipios de la regi\u00f3n Este en apoyo a candidatos de la FP y aliados"},"content":{"rendered":"\n<p>HIG\u00dcEY, RD.-\u00a0 El candidato presidencial del partido Fuerza del Pueblo (FP) y l\u00edder de la oposici\u00f3n pol\u00edtica dominicana, Leonel Fern\u00e1ndez, contin\u00fao recorriendo las calles de los diferentes municipios y distritos municipales de Rep\u00fablica Dominicana, en apoyo a los candidatos que postulan esa organizaci\u00f3n y sus aliados.<\/p>\n\n\n\n<figure class=\"wp-block-image size-large\"><img loading=\"lazy\" decoding=\"async\" width=\"1024\" height=\"639\" src=\"https:\/\/diariodominicano.com\/wp-content\/uploads\/2024\/02\/IMG-20240210-WA0241-1024x639.jpg\" alt=\"\" class=\"wp-image-507532\" srcset=\"https:\/\/diariodominicano.com\/wp-content\/uploads\/2024\/02\/IMG-20240210-WA0241-1024x639.jpg 1024w, https:\/\/diariodominicano.com\/wp-content\/uploads\/2024\/02\/IMG-20240210-WA0241-300x187.jpg 300w, https:\/\/diariodominicano.com\/wp-content\/uploads\/2024\/02\/IMG-20240210-WA0241-768x479.jpg 768w, https:\/\/diariodominicano.com\/wp-content\/uploads\/2024\/02\/IMG-20240210-WA0241-1536x959.jpg 1536w, https:\/\/diariodominicano.com\/wp-content\/uploads\/2024\/02\/IMG-20240210-WA0241-2048x1278.jpg 2048w, https:\/\/diariodominicano.com\/wp-content\/uploads\/2024\/02\/IMG-20240210-WA0241-816x509.jpg 816w\" sizes=\"auto, (max-width: 1024px) 100vw, 1024px\" \/><\/figure>\n\n\n\n<p>Fern\u00e1ndez lleg\u00f3 a primeras horas de este s\u00e1bado al municipio de Miches, para apoyar al candidato a la Alcald\u00eda de esa poblaci\u00f3n, Cesar Rafael Nieves (Rafa).<\/p>\n\n\n\n<p>All\u00ed, cientos de personas portando propagandas de los candidatos a puestos municipales, congresuales y presidenciales de la Fuerza del Pueblo, coreaban al ritmo de los temas musicales de campa\u00f1a.<\/p>\n\n\n\n<p>Tras su visita a Miches, Fern\u00e1ndez se dirigi\u00f3 al distrito municipal de Ver\u00f3n, donde ofreci\u00f3 su apoyo a Crucito B\u00e1ez, candidato a director de esta localidad por la Fuerza del Pueblo.<\/p>\n\n\n\n<figure class=\"wp-block-image size-large\"><img loading=\"lazy\" decoding=\"async\" width=\"1024\" height=\"691\" src=\"https:\/\/diariodominicano.com\/wp-content\/uploads\/2024\/02\/IMG-20240210-WA0243-1024x691.jpg\" alt=\"\" class=\"wp-image-507533\" srcset=\"https:\/\/diariodominicano.com\/wp-content\/uploads\/2024\/02\/IMG-20240210-WA0243-1024x691.jpg 1024w, https:\/\/diariodominicano.com\/wp-content\/uploads\/2024\/02\/IMG-20240210-WA0243-300x203.jpg 300w, https:\/\/diariodominicano.com\/wp-content\/uploads\/2024\/02\/IMG-20240210-WA0243-768x519.jpg 768w, https:\/\/diariodominicano.com\/wp-content\/uploads\/2024\/02\/IMG-20240210-WA0243-1536x1037.jpg 1536w, https:\/\/diariodominicano.com\/wp-content\/uploads\/2024\/02\/IMG-20240210-WA0243-2048x1383.jpg 2048w, https:\/\/diariodominicano.com\/wp-content\/uploads\/2024\/02\/IMG-20240210-WA0243-816x551.jpg 816w\" sizes=\"auto, (max-width: 1024px) 100vw, 1024px\" \/><\/figure>\n\n\n\n<p>Al llegar al lugar, en medio de sol intenso, no fue obst\u00e1culo para que la poblaci\u00f3n se lanzara a las calles en respaldo a los candidatos opositores.<\/p>\n\n\n\n<p>Al iniciar la tarde, Leonel Fern\u00e1ndez encabez\u00f3 otra gran marcha-caravana en Hig\u00fcey, provincia La Altagracia, en respaldo&nbsp; a Yonina Barriola, candidata a la Alcald\u00eda de&nbsp; este municipio, a quien la mayor\u00eda de las encuestas y sondeos dan como favorita.<\/p>\n\n\n\n<p>Fern\u00e1ndez, quien se perfila como el gran ganador de los procesos electorales de febrero y mayo, posteriormente se dirigi\u00f3 a Boca de Yuma, para apoyar a Raymond Mota, candidato a dirigir los destinos de ese distrito municipal.<\/p>\n\n\n\n<p>En esa poblaci\u00f3n, el l\u00edder pol\u00edtico opositor recibi\u00f3 la ovaci\u00f3n&nbsp; de cientos de personas que salieron a las calles a proclamarlo como el pr\u00f3ximo presidente de la Rep\u00fablica.<\/p>\n\n\n\n<p>Para concluir su periplo en respaldo a los candidatos municipales y distritales en la provincia&nbsp; La Altagracia, Fern\u00e1ndez, levant\u00f3 el brazo derecho a Elvis Rodr\u00edguez, aspirante a alcalde por la Fuerza del Pueblo y aliados en el municipio de San Rafael de Yuma.&nbsp;<\/p>\n\n\n\n<p>Desde San Rafael de Yuma, ir\u00e1 a La Romana, donde encabezar\u00e1 otra marcha-caravana, en esta ocasi\u00f3n acompa\u00f1ado de Amarilis Santana, candidata a la Alcald\u00eda de ese municipio por la FP y aliados.<\/p>\n\n\n\n<p>La agenda de este s\u00e1bado del l\u00edder pol\u00edtico dominicano concluir\u00e1 en San Pedro de Macor\u00eds, con una movilizaci\u00f3n por los diferentes sectores\u00a0 de La Sultana del Este, en compa\u00f1\u00eda de Sergio Cede\u00f1o, candidato a alcalde por la alianza Rescate RD.<\/p>\n\n\n\n<p>Secretar\u00eda de Comunicaciones Fuerza del Pueblo<\/p>\n","protected":false},"excerpt":{"rendered":"<p>HIG\u00dcEY, RD.-\u00a0 El candidato presidencial del partido Fuerza del Pueblo (FP) y l\u00edder de la oposici\u00f3n pol\u00edtica dominicana, Leonel Fern\u00e1ndez, contin\u00fao recorriendo las calles de los diferentes municipios y distritos municipales de Rep\u00fablica Dominicana, en apoyo a los candidatos que postulan esa organizaci\u00f3n y sus aliados. Fern\u00e1ndez lleg\u00f3 a primeras horas de este s\u00e1bado al [&hellip;]<\/p>\n","protected":false},"author":28,"featured_media":507530,"comment_status":"closed","ping_status":"","sticky":true,"template":"","format":"standard","meta":{"footnotes":""},"categories":[22,27],"tags":[],"class_list":["post-507529","post","type-post","status-publish","format-standard","has-post-thumbnail","hentry","category-politica","category-portada"],"_links":{"self":[{"href":"https:\/\/diariodominicano.com\/index.php?rest_route=\/wp\/v2\/posts\/507529","targetHints":{"allow":["GET"]}}],"collection":[{"href":"https:\/\/diariodominicano.com\/index.php?rest_route=\/wp\/v2\/posts"}],"about":[{"href":"https:\/\/diariodominicano.com\/index.php?rest_route=\/wp\/v2\/types\/post"}],"author":[{"embeddable":true,"href":"https:\/\/diariodominicano.com\/index.php?rest_route=\/wp\/v2\/users\/28"}],"replies":[{"embeddable":true,"href":"https:\/\/diariodominicano.com\/index.php?rest_route=%2Fwp%2Fv2%2Fcomments&post=507529"}],"version-history":[{"count":2,"href":"https:\/\/diariodominicano.com\/index.php?rest_route=\/wp\/v2\/posts\/507529\/revisions"}],"predecessor-version":[{"id":507534,"href":"https:\/\/diariodominicano.com\/index.php?rest_route=\/wp\/v2\/posts\/507529\/revisions\/507534"}],"wp:featuredmedia":[{"embeddable":true,"href":"https:\/\/diariodominicano.com\/index.php?rest_route=\/wp\/v2\/media\/507530"}],"wp:attachment":[{"href":"https:\/\/diariodominicano.com\/index.php?rest_route=%2Fwp%2Fv2%2Fmedia&parent=507529"}],"wp:term":[{"taxonomy":"category","embeddable":true,"href":"https:\/\/diariodominicano.com\/index.php?rest_route=%2Fwp%2Fv2%2Fcategories&post=507529"},{"taxonomy":"post_tag","embeddable":true,"href":"https:\/\/diariodominicano.com\/index.php?rest_route=%2Fwp%2Fv2%2Ftags&post=507529"}],"curies":[{"name":"wp","href":"https:\/\/api.w.org\/{rel}","templated":true}]}}