{"id":50751,"date":"2020-08-12T13:30:22","date_gmt":"2020-08-12T13:30:22","guid":{"rendered":"http:\/\/diariodominicano.ddns.net\/?p=50751"},"modified":"2020-08-12T13:30:22","modified_gmt":"2020-08-12T13:30:22","slug":"banreservas-reedita-el-clasico-suena-pilarin-de-abigail-mejia","status":"publish","type":"post","link":"https:\/\/diariodominicano.com\/?p=50751","title":{"rendered":"Banreservas reedita el cl\u00e1sico Sue\u00f1a Pilar\u00edn de Abigail Mej\u00eda"},"content":{"rendered":"<p><body><\/p>\n<p><img decoding=\"async\" src=\"img3\/Portada del libro .jpg\" \/><br \/><img decoding=\"async\" src=\"img3\/DSC6814.jpg\" \/><br \/><img decoding=\"async\" src=\"img3\/apendice000.jpg\" \/>  <\/p>\n<p><strong>Diariodominicano.com<\/strong><\/p>\n<p><strong>Banreservas reedita el cl\u00e1sico Sue\u00f1a Pilar\u00edn de Abigail Mej\u00eda<\/strong><\/p>\n<p><strong>La novela reaparece 95 a\u00f1os despu\u00e9s de ser publicada, ahora ilustrada con fotograf\u00eda sobre la vida de la autora<\/strong><\/p>\n<\/p>\n<p>El Banco de Reservas reedit\u00f3 el cl\u00e1sico de la literatura dominicana \u00abSue\u00f1a Pilar\u00edn\u00bb, una novela de la escritora feminista Abiga\u00edl Mej\u00eda, que se public\u00f3 por primera vez en 1925, y logr\u00f3 trascender hasta formar parte del imaginario dominicano.<\/p>\n<\/p>\n<p>El administrador general del Banco, Sim\u00f3n Lizardo M\u00e9zquita, expres\u00f3 que es un verdadero honor para el la instituci\u00f3n financiera incluir en su Colecci\u00f3n Cl\u00e1sicos Nacionales Banreservas, este cuarto volumen dedicado a la destacada escritora y pedagoga dominicana Abiga\u00edl Mej\u00eda, una de las personalidades de nuestra cultura, a quien se dedic\u00f3 la vig\u00e9simo tercera Feria Internacional del Libro Santo Domingo 2020.<\/p>\n<\/p>\n<p>La novela, ilustrada con fotograf\u00edas sobre la vida de la autora, fue retomada por Banreservas para ser publicada con ocasi\u00f3n de la Feria del Libro pasada, evento en el que la entidad bancaria cada a\u00f1o pone a circular un libro de trascendencia nacional.<\/p>\n<p> <strong> Ori\u00f3n Mej\u00eda, director general de Comunicaciones y Mercadeo de Banreservas, entrega un ejemplar de la obra a la escritora Ylonka Nacidith Perdomo, quien estuvo a cargo de la reedici\u00f3n. <\/strong><\/p>\n<\/p>\n<\/p>\n<p>Lizardo M\u00e9zquita dijo que la nueva edici\u00f3n de  \u00abSue\u00f1a Pilar\u00edn\u00bb forma parte esencial de la valiosa obra de Mej\u00eda, que comprende una meritoria Historia de la Literatura Dominicana, textos did\u00e1cticos, cuentos, cr\u00f3nicas de viajes, poemarios y biograf\u00edas del Arzobispo Fernando Arturo de Meri\u00f1o y del General\u00edsimo M\u00e1ximo G\u00f3mez, entre otras publicaciones de gran inter\u00e9s en el \u00e1rea de las humanidades.<\/p>\n<\/p>\n<p>La reedici\u00f3n del cl\u00e1sico estuvo a cargo de la destacada poeta y feminista Ylonka Nacidit Perdomo, quien cuenta con una reconocida trayectoria de investigaci\u00f3n, reivindicaci\u00f3n y valorizaci\u00f3n del legado literario de algunas escritoras dominicanas, entre las que figuran la maestra del cuento Hilma Contreras.<\/p>\n<\/p>\n<p>El director general de Comunicaciones, Ori\u00f3n Mej\u00eda, resalt\u00f3 la importancia de la novela de Abigail Mej\u00eda, la cual tuvo una gran trascendencia al momento de su publicaci\u00f3n en 1925, y que ahora reaparece en una nueva edici\u00f3n ilustrada.<\/p>\n<\/p>\n<p>El legado de Abiga\u00edl Mej\u00eda<\/p>\n<\/p>\n<p>Sue\u00f1a Pilar\u00edn fue escrita hace 95 a\u00f1os en Barcelona, reimpresa en 1992 con el patrocinio de la librer\u00eda La Trinitaria y el Instituto del Libro; en 1995 fue integrada a sus Obras Escogidas, con los auspicios de la entonces Secretar\u00eda de Estado de Educaci\u00f3n, Bellas Artes y Cultos, en el centenario de su nacimiento.<\/p>\n<\/p>\n<p>Ahora la obra se pone a disposici\u00f3n de las nuevas generaciones, para que puedan conocer un texto cuyo evocador t\u00edtulo se ha integrado, ya para siempre, a la psicolog\u00eda popular dominicana.<\/p>\n<\/p>\n<p>La novela narra las experiencias de su personaje principal, Pilar\u00edn, una muchacha que naci\u00f3 rodeada de profundas carencias y dificultades y en la que asistimos a su arduo proceso de aprendizaje, al reconocimiento de su propia identidad.<\/p>\n<\/p>\n<p>Esos aspectos son descritos en las diferentes etapas de superaci\u00f3n que va alcanzando la protagonista, y que ejemplifican de forma elocuente la constante lucha de una mujer, para lograr una vida m\u00e1s digna y libre.<\/p>\n<\/p>\n<p>En el conjunto de la obra de Mej\u00eda se destaca el Ideario Feminista y otros trabajos afines, que destacan los derechos de las mujeres y su inserci\u00f3n igualitaria en la sociedad, en cuanto sus derechos c\u00edvicos y pol\u00edticos, su defensa apasionada del voto femenino y otras conquistas, formando parte de verdaderas pioneras que se adelantaron a su \u00e9poca.<\/p>\n<\/p>\n<p>Direcci\u00f3n General de Comunicaciones y Mercadeo. Agosto de 2020<\/p>\n<h6> 2020-08-12 13:30:22 <\/h6>\n<p><!--\n<link rel=\"stylesheet\" href=\"css\/bootstrap.min.css\">\n\n\n<ul class=\"pagination\">\n\t    \n\t\n\n<li >\n\t<a href='?page_no=325'>Previous<\/a>\n\t<\/li>\n\n\n       \n    \n\n<li><a href='?page_no=1'>1<\/a><\/li>\n\n\n\n<li><a href='?page_no=2'>2<\/a><\/li>\n\n\n\n<li><a>...<\/a><\/li>\n\n\n\n<li><a href='?page_no=324'>324<\/a><\/li>\n\n\n\n<li><a href='?page_no=325'>325<\/a><\/li>\n\n\n\n<li class='active'><a>326<\/a><\/li>\n\n\n\n<li><a href='?page_no=327'>327<\/a><\/li>\n\n\n\n<li><a href='?page_no=328'>328<\/a><\/li>\n\n\n\n<li><a>...<\/a><\/li>\n\n\n\n<li><a href='?page_no=22911'>22911<\/a><\/li>\n\n\n\n<li><a href='?page_no=22912'>22912<\/a><\/li>\n\n    \n\t\n\n<li >\n\t<a href='?page_no=327'>Next<\/a>\n\t<\/li>\n\n\n    \n\n<li><a href='?page_no=22912'>Last &rsaquo;&rsaquo;<\/a><\/li>\n\n<\/ul>\n\n\n--><br \/>\n<\/body><\/p>\n","protected":false},"excerpt":{"rendered":"<p>Diariodominicano.com Banreservas reedita el cl\u00e1sico Sue\u00f1a Pilar\u00edn de Abigail Mej\u00eda La novela reaparece 95 a\u00f1os despu\u00e9s de ser publicada, ahora ilustrada con fotograf\u00eda sobre la vida de la autora El Banco de Reservas reedit\u00f3 el cl\u00e1sico de la literatura dominicana \u00abSue\u00f1a Pilar\u00edn\u00bb, una novela de la escritora feminista Abiga\u00edl Mej\u00eda, que se public\u00f3 por primera [&hellip;]<\/p>\n","protected":false},"author":3,"featured_media":0,"comment_status":"open","ping_status":"open","sticky":false,"template":"","format":"standard","meta":{"footnotes":""},"categories":[21],"tags":[],"class_list":["post-50751","post","type-post","status-publish","format-standard","hentry","category-cultura"],"_links":{"self":[{"href":"https:\/\/diariodominicano.com\/index.php?rest_route=\/wp\/v2\/posts\/50751","targetHints":{"allow":["GET"]}}],"collection":[{"href":"https:\/\/diariodominicano.com\/index.php?rest_route=\/wp\/v2\/posts"}],"about":[{"href":"https:\/\/diariodominicano.com\/index.php?rest_route=\/wp\/v2\/types\/post"}],"author":[{"embeddable":true,"href":"https:\/\/diariodominicano.com\/index.php?rest_route=\/wp\/v2\/users\/3"}],"replies":[{"embeddable":true,"href":"https:\/\/diariodominicano.com\/index.php?rest_route=%2Fwp%2Fv2%2Fcomments&post=50751"}],"version-history":[{"count":0,"href":"https:\/\/diariodominicano.com\/index.php?rest_route=\/wp\/v2\/posts\/50751\/revisions"}],"wp:attachment":[{"href":"https:\/\/diariodominicano.com\/index.php?rest_route=%2Fwp%2Fv2%2Fmedia&parent=50751"}],"wp:term":[{"taxonomy":"category","embeddable":true,"href":"https:\/\/diariodominicano.com\/index.php?rest_route=%2Fwp%2Fv2%2Fcategories&post=50751"},{"taxonomy":"post_tag","embeddable":true,"href":"https:\/\/diariodominicano.com\/index.php?rest_route=%2Fwp%2Fv2%2Ftags&post=50751"}],"curies":[{"name":"wp","href":"https:\/\/api.w.org\/{rel}","templated":true}]}}