{"id":507489,"date":"2024-02-11T00:20:14","date_gmt":"2024-02-11T04:20:14","guid":{"rendered":"https:\/\/diariodominicano.com\/?p=507489"},"modified":"2024-02-11T00:21:43","modified_gmt":"2024-02-11T04:21:43","slug":"miguel-vargas-victor-fadul-es-garantia-de-que-el-retroceso-disfrazado-de-cambio-no-impacte-a-santiago","status":"publish","type":"post","link":"https:\/\/diariodominicano.com\/?p=507489","title":{"rendered":"Miguel Vargas: \u201cV\u00edctor Fadul es garant\u00eda de que el retroceso disfrazado de \u2018cambio\u2019 no impacte a Santiago\u201d"},"content":{"rendered":"\n<p><em><u>\u201cAfirmamos desde este emblem\u00e1tico lugar, que nos rememora luchas hist\u00f3ricas por la democracia y la libertad, que la realidad de la reelecci\u00f3n es no m\u00e1s de 40 % de intenci\u00f3n electoral, contrario a encuestas que publica el oficialismo\u201d.<\/u><\/em><\/p>\n\n\n\n<figure class=\"wp-block-image size-large\"><img loading=\"lazy\" decoding=\"async\" width=\"1024\" height=\"682\" src=\"https:\/\/diariodominicano.com\/wp-content\/uploads\/2024\/02\/SANTIAGO-FEBRERO-2024-3-1024x682.jpg\" alt=\"\" class=\"wp-image-507511\" srcset=\"https:\/\/diariodominicano.com\/wp-content\/uploads\/2024\/02\/SANTIAGO-FEBRERO-2024-3-1024x682.jpg 1024w, https:\/\/diariodominicano.com\/wp-content\/uploads\/2024\/02\/SANTIAGO-FEBRERO-2024-3-300x200.jpg 300w, https:\/\/diariodominicano.com\/wp-content\/uploads\/2024\/02\/SANTIAGO-FEBRERO-2024-3-768x512.jpg 768w, https:\/\/diariodominicano.com\/wp-content\/uploads\/2024\/02\/SANTIAGO-FEBRERO-2024-3-1536x1023.jpg 1536w, https:\/\/diariodominicano.com\/wp-content\/uploads\/2024\/02\/SANTIAGO-FEBRERO-2024-3-816x544.jpg 816w, https:\/\/diariodominicano.com\/wp-content\/uploads\/2024\/02\/SANTIAGO-FEBRERO-2024-3.jpg 1600w\" sizes=\"auto, (max-width: 1024px) 100vw, 1024px\" \/><\/figure>\n\n\n\n<p>SANTIAGO. \u2013 El candidato presidencial Miguel Vargas Maldonado manifest\u00f3 su total respaldo a las aspiraciones de V\u00edctor Fadul a la Alcald\u00eda de Santiago de los Caballeros, en favor del desarrollo y avance en dicho municipio.<\/p>\n\n\n\n<p>As\u00ed lo manifest\u00f3 durante su visita a esta provincia, donde la ma\u00f1ana de este s\u00e1bado encabez\u00f3 un gran acto de respaldo a Fadul, candidato de la Alianza Opositora Rescate RD.<\/p>\n\n\n\n<figure class=\"wp-block-image size-large\"><img loading=\"lazy\" decoding=\"async\" width=\"1024\" height=\"682\" src=\"https:\/\/diariodominicano.com\/wp-content\/uploads\/2024\/02\/SANTIAGO-FEBRERO-2024-5-1024x682.jpg\" alt=\"\" class=\"wp-image-507512\" srcset=\"https:\/\/diariodominicano.com\/wp-content\/uploads\/2024\/02\/SANTIAGO-FEBRERO-2024-5-1024x682.jpg 1024w, https:\/\/diariodominicano.com\/wp-content\/uploads\/2024\/02\/SANTIAGO-FEBRERO-2024-5-300x200.jpg 300w, https:\/\/diariodominicano.com\/wp-content\/uploads\/2024\/02\/SANTIAGO-FEBRERO-2024-5-768x512.jpg 768w, https:\/\/diariodominicano.com\/wp-content\/uploads\/2024\/02\/SANTIAGO-FEBRERO-2024-5-1536x1023.jpg 1536w, https:\/\/diariodominicano.com\/wp-content\/uploads\/2024\/02\/SANTIAGO-FEBRERO-2024-5-816x544.jpg 816w, https:\/\/diariodominicano.com\/wp-content\/uploads\/2024\/02\/SANTIAGO-FEBRERO-2024-5.jpg 1600w\" sizes=\"auto, (max-width: 1024px) 100vw, 1024px\" \/><\/figure>\n\n\n\n<figure class=\"wp-block-image size-large\"><img loading=\"lazy\" decoding=\"async\" width=\"1024\" height=\"682\" src=\"https:\/\/diariodominicano.com\/wp-content\/uploads\/2024\/02\/SANTIAGO-FEBRERO-2024-2-1024x682.jpg\" alt=\"\" class=\"wp-image-507513\" srcset=\"https:\/\/diariodominicano.com\/wp-content\/uploads\/2024\/02\/SANTIAGO-FEBRERO-2024-2-1024x682.jpg 1024w, https:\/\/diariodominicano.com\/wp-content\/uploads\/2024\/02\/SANTIAGO-FEBRERO-2024-2-300x200.jpg 300w, https:\/\/diariodominicano.com\/wp-content\/uploads\/2024\/02\/SANTIAGO-FEBRERO-2024-2-768x512.jpg 768w, https:\/\/diariodominicano.com\/wp-content\/uploads\/2024\/02\/SANTIAGO-FEBRERO-2024-2-1536x1023.jpg 1536w, https:\/\/diariodominicano.com\/wp-content\/uploads\/2024\/02\/SANTIAGO-FEBRERO-2024-2-816x544.jpg 816w, https:\/\/diariodominicano.com\/wp-content\/uploads\/2024\/02\/SANTIAGO-FEBRERO-2024-2.jpg 1600w\" sizes=\"auto, (max-width: 1024px) 100vw, 1024px\" \/><\/figure>\n\n\n\n<p>Desde el Hotel Matum, escenario del encuentro, Vargas Maldonado describi\u00f3 c\u00f3mo el cambio que ofreci\u00f3 el Partido Revolucionario Moderno (PRM) en la campa\u00f1a pasada no lo ha podido materializar. \u201cPor el contrario, la actual Administraci\u00f3n, cuyo sello ha sido la incapacidad y el incumplimiento, lo que ha logrado es un profundo retroceso y deterioro de los servicios p\u00fablicos\u201d, prosigui\u00f3. Vargas sancion\u00f3 que \u201cindiscutiblemente, vamos para atr\u00e1s como el cangrejo\u201d.<\/p>\n\n\n\n<p>\u201cV\u00edctor Fadul es garant\u00eda de que el retroceso disfrazado de \u2018cambio\u2019 no impacte la vida municipal de Santiago de los Caballeros, como ya ha afectado a todo el pa\u00eds durante los \u00faltimos tres a\u00f1os y medio de gesti\u00f3n perreme\u00edsta\u201d, expres\u00f3.<\/p>\n\n\n\n<figure class=\"wp-block-image size-large\"><img loading=\"lazy\" decoding=\"async\" width=\"1024\" height=\"682\" src=\"https:\/\/diariodominicano.com\/wp-content\/uploads\/2024\/02\/SANTIAGO-FEBRERO-2024-6-1024x682.jpg\" alt=\"\" class=\"wp-image-507516\" srcset=\"https:\/\/diariodominicano.com\/wp-content\/uploads\/2024\/02\/SANTIAGO-FEBRERO-2024-6-1024x682.jpg 1024w, https:\/\/diariodominicano.com\/wp-content\/uploads\/2024\/02\/SANTIAGO-FEBRERO-2024-6-300x200.jpg 300w, https:\/\/diariodominicano.com\/wp-content\/uploads\/2024\/02\/SANTIAGO-FEBRERO-2024-6-768x512.jpg 768w, https:\/\/diariodominicano.com\/wp-content\/uploads\/2024\/02\/SANTIAGO-FEBRERO-2024-6-1536x1023.jpg 1536w, https:\/\/diariodominicano.com\/wp-content\/uploads\/2024\/02\/SANTIAGO-FEBRERO-2024-6-816x544.jpg 816w, https:\/\/diariodominicano.com\/wp-content\/uploads\/2024\/02\/SANTIAGO-FEBRERO-2024-6.jpg 1600w\" sizes=\"auto, (max-width: 1024px) 100vw, 1024px\" \/><\/figure>\n\n\n\n<p>Agreg\u00f3 que este joven l\u00edder y la Alianza Opositora son garantes del progreso y desarrollo. \u201cEn nuestro caso, hemos presentado una propuesta de gesti\u00f3n de gobierno distinta. Estamos, personalmente y como partido, comprometidos a materializarla a partir del pr\u00f3ximo 16 de agosto\u201d, a\u00f1adi\u00f3 Vargas.<\/p>\n\n\n\n<figure class=\"wp-block-image size-large\"><img loading=\"lazy\" decoding=\"async\" width=\"1024\" height=\"682\" src=\"https:\/\/diariodominicano.com\/wp-content\/uploads\/2024\/02\/SANTIAGO-FEBRERO-2024-4-1024x682.jpg\" alt=\"\" class=\"wp-image-507515\" srcset=\"https:\/\/diariodominicano.com\/wp-content\/uploads\/2024\/02\/SANTIAGO-FEBRERO-2024-4-1024x682.jpg 1024w, https:\/\/diariodominicano.com\/wp-content\/uploads\/2024\/02\/SANTIAGO-FEBRERO-2024-4-300x200.jpg 300w, https:\/\/diariodominicano.com\/wp-content\/uploads\/2024\/02\/SANTIAGO-FEBRERO-2024-4-768x512.jpg 768w, https:\/\/diariodominicano.com\/wp-content\/uploads\/2024\/02\/SANTIAGO-FEBRERO-2024-4-1536x1023.jpg 1536w, https:\/\/diariodominicano.com\/wp-content\/uploads\/2024\/02\/SANTIAGO-FEBRERO-2024-4-816x544.jpg 816w, https:\/\/diariodominicano.com\/wp-content\/uploads\/2024\/02\/SANTIAGO-FEBRERO-2024-4.jpg 1600w\" sizes=\"auto, (max-width: 1024px) 100vw, 1024px\" \/><\/figure>\n\n\n\n<p>\u201cRespecto del proyecto reeleccionista, desde ya fracasado, afirmamos desde este emblem\u00e1tico lugar, que nos rememora luchas hist\u00f3ricas por la democracia y la libertad en las que estuvo vinculado nuestro partido, que la realidad de la reelecci\u00f3n es de no m\u00e1s del 40 % de intenci\u00f3n electoral, contrario encuestas que publica el oficialismo\u201d, sostuvo.<\/p>\n\n\n\n<p>El candidato presidencial del PRD indic\u00f3, asimismo, que \u201cel sabio pueblo dominicano no votar\u00e1 una oferta reeleccionista que solo garantiza el retroceso, alto costo de la vida, m\u00e1s endeudamiento e inseguridad\u201d.<\/p>\n\n\n\n<p>\u201cMucho menos votar\u00e1 por la clara intenci\u00f3n del oficialismo de violentar nuestros derechos fundamentales y convertir el pa\u00eds en un Estado de chivatos y de caliesaje, como lo ha expresado este gobierno en su Ley 01-24\u201d, puntualiz\u00f3.<\/p>\n\n\n\n<p><strong>Detalles del acto<\/strong><\/p>\n\n\n\n<p>En el evento, el candidato presidencial del PRD levant\u00f3 las manos a V\u00edctor Fadul, candidato a alcalde de Santiago de los Caballeros.&nbsp;Tambi\u00e9n destac\u00f3 la presencia de los candidatos Miguel Paulino, del municipio Licey al Medio. Igualmente, Asdrubal Guill\u00e9n, de Villa Gonz\u00e1lez; Marino Brito, de Hato del Yaque, Fiordaliza Espinal, de Juncalito; Gabriel Toribio, de Tamboril, e Hip\u00f3lito Martinez, de Santiago Oeste.<\/p>\n\n\n\n<p>Acompa\u00f1aron a Miguel Vargas los dirigentes locales del PRD Luc\u00eda Alba, Carlos Juan Liz y Jeovanny Tejada. Asimismo, comisiones del PLD, encabezadas por Bienvenido P\u00e9rez, Rafael Serrulle, Euri Rosa y Fernando Rosa. La Fuerza del Pueblo estuvo representada por Ra\u00fal Mart\u00ednez.<\/p>\n\n\n\n<p>Comunicaci\u00f3n Integral Rep Dom<\/p>\n\n\n\n<p><a target=\"_blank\" href=\"mailto:comunicacionintegralrepdom@gmail.com\" rel=\"noreferrer noopener\">comunicacionintegralrepdom@gmail.com<\/a><\/p>\n","protected":false},"excerpt":{"rendered":"<p>\u201cAfirmamos desde este emblem\u00e1tico lugar, que nos rememora luchas hist\u00f3ricas por la democracia y la libertad, que la realidad de la reelecci\u00f3n es no m\u00e1s de 40 % de intenci\u00f3n electoral, contrario a encuestas que publica el oficialismo\u201d. SANTIAGO. \u2013 El candidato presidencial Miguel Vargas Maldonado manifest\u00f3 su total respaldo a las aspiraciones de V\u00edctor [&hellip;]<\/p>\n","protected":false},"author":28,"featured_media":507510,"comment_status":"closed","ping_status":"","sticky":true,"template":"","format":"standard","meta":{"footnotes":""},"categories":[22,27],"tags":[],"class_list":["post-507489","post","type-post","status-publish","format-standard","has-post-thumbnail","hentry","category-politica","category-portada"],"_links":{"self":[{"href":"https:\/\/diariodominicano.com\/index.php?rest_route=\/wp\/v2\/posts\/507489","targetHints":{"allow":["GET"]}}],"collection":[{"href":"https:\/\/diariodominicano.com\/index.php?rest_route=\/wp\/v2\/posts"}],"about":[{"href":"https:\/\/diariodominicano.com\/index.php?rest_route=\/wp\/v2\/types\/post"}],"author":[{"embeddable":true,"href":"https:\/\/diariodominicano.com\/index.php?rest_route=\/wp\/v2\/users\/28"}],"replies":[{"embeddable":true,"href":"https:\/\/diariodominicano.com\/index.php?rest_route=%2Fwp%2Fv2%2Fcomments&post=507489"}],"version-history":[{"count":2,"href":"https:\/\/diariodominicano.com\/index.php?rest_route=\/wp\/v2\/posts\/507489\/revisions"}],"predecessor-version":[{"id":507517,"href":"https:\/\/diariodominicano.com\/index.php?rest_route=\/wp\/v2\/posts\/507489\/revisions\/507517"}],"wp:featuredmedia":[{"embeddable":true,"href":"https:\/\/diariodominicano.com\/index.php?rest_route=\/wp\/v2\/media\/507510"}],"wp:attachment":[{"href":"https:\/\/diariodominicano.com\/index.php?rest_route=%2Fwp%2Fv2%2Fmedia&parent=507489"}],"wp:term":[{"taxonomy":"category","embeddable":true,"href":"https:\/\/diariodominicano.com\/index.php?rest_route=%2Fwp%2Fv2%2Fcategories&post=507489"},{"taxonomy":"post_tag","embeddable":true,"href":"https:\/\/diariodominicano.com\/index.php?rest_route=%2Fwp%2Fv2%2Ftags&post=507489"}],"curies":[{"name":"wp","href":"https:\/\/api.w.org\/{rel}","templated":true}]}}